{"id":11738,"date":"2023-11-29T08:34:03","date_gmt":"2023-11-29T14:34:03","guid":{"rendered":"http:\/\/tvalaire.com\/?p=11738"},"modified":"2023-12-01T08:35:49","modified_gmt":"2023-12-01T14:35:49","slug":"inician-trabajos-de-mejoramiento-vial-en-el-malecon","status":"publish","type":"post","link":"http:\/\/tvalaire.com\/?p=11738","title":{"rendered":"INICIAN TRABAJOS DE MEJORAMIENTO VIAL EN EL MALEC\u00d3N"},"content":{"rendered":"\n<p> <p class=\"MsoNormal\" align=\"center\" style=\"text-align:center\"><span style=\"font-size: revert; color: initial;\"> <\/span><span style=\"font-size:12.0pt;\nline-height:107%;font-family:Symbol;mso-fareast-font-family:Symbol;mso-bidi-font-family:\nSymbol\">\u00b7<span style=\"font-variant-numeric: normal; font-variant-east-asian: normal; font-variant-alternates: normal; font-kerning: auto; font-optical-sizing: auto; font-feature-settings: normal; font-variation-settings: normal; font-variant-position: normal; font-stretch: normal; font-size: 7pt; line-height: normal; font-family: &quot;Times New Roman&quot;;\">\u00a0\u00a0\u00a0\u00a0\u00a0\u00a0 <\/span><\/span><b><span style=\"font-size:12.0pt;line-height:107%;font-family:&quot;Arial&quot;,sans-serif\">M\u00e1s de 7 mil metros cuadrados se reasfaltar\u00e1n en esa zona <\/span><\/b><\/p> <p class=\"MsoListParagraphCxSpLast\" style=\"text-align:justify;text-indent:-18.0pt;\nmso-list:l0 level1 lfo1\"><span style=\"font-size:12.0pt;\nline-height:107%;font-family:Symbol;mso-fareast-font-family:Symbol;mso-bidi-font-family:\nSymbol\">\u00b7<span style=\"font-variant-numeric: normal; font-variant-east-asian: normal; font-variant-alternates: normal; font-kerning: auto; font-optical-sizing: auto; font-feature-settings: normal; font-variation-settings: normal; font-variant-position: normal; font-stretch: normal; font-size: 7pt; line-height: normal; font-family: &quot;Times New Roman&quot;;\">\u00a0\u00a0\u00a0\u00a0\u00a0\u00a0 <\/span><\/span><b><span style=\"font-size:12.0pt;line-height:107%;font-family:&quot;Arial&quot;,sans-serif\">Se da continuidad al mejoramiento de la infraestructura vial: Alcalde<\/span><\/b><\/p> <p class=\"MsoNormal\" style=\"text-align:justify\"><span style=\"font-size:12.0pt;\nline-height:107%;font-family:&quot;Arial&quot;,sans-serif\">Con el objetivo de poner en marcha y darles seguimiento puntual a los trabajos de mejoramiento vial en el municipio, el alcalde Samuel Hidalgo Gallardo, estuvo con los vecinos del fraccionamiento El Malec\u00f3n, donde se realizar\u00e1n acciones de rehabilitaci\u00f3n en una calle. <\/span><\/p> <p class=\"MsoNormal\" style=\"text-align:justify\"><span style=\"font-size:12.0pt;\nline-height:107%;font-family:&quot;Arial&quot;,sans-serif\">En su intervenci\u00f3n, el Presidente se\u00f1al\u00f3 que las labores a realizar en esta zona del municipio constan de la mejora de m\u00e1s de 7 mil 402 metros cuadrados con una carpeta asf\u00e1ltica densa en caliente, compactada. <\/span><\/p> <p class=\"MsoNormal\" style=\"text-align:justify\"><span style=\"font-size:12.0pt;\nline-height:107%;font-family:&quot;Arial&quot;,sans-serif\">Agreg\u00f3 que las acciones a efectuarse tambi\u00e9n comprenden la colocaci\u00f3n de vialetas reflejantes, balizado, cruces peatonales, se\u00f1al\u00e9tica vial y otras obras m\u00e1s de rehabilitaci\u00f3n que se har\u00e1n en la Avenida Malec\u00f3n.\u00a0\u00a0\u00a0 <\/span><\/p> <p class=\"MsoNormal\" style=\"text-align:justify\"><span style=\"font-size:12.0pt;\nline-height:107%;font-family:&quot;Arial&quot;,sans-serif\">\u201cQueremos contribuir al mejoramiento de la infraestructura de nuestro municipio y al mismo tiempo ofrecer vialidades seguras y dignas en favor de los ciudadanos\u201d, se\u00f1al\u00f3 Hidalgo Gallardo, durante su intervenci\u00f3n.\u00a0 <\/span><\/p> <p class=\"MsoNormal\" style=\"text-align:justify\"><span style=\"font-size:12.0pt;\nline-height:107%;font-family:&quot;Arial&quot;,sans-serif\">Al mismo tiempo, agreg\u00f3 que estas acciones tambi\u00e9n tienen como meta poder facilitar la movilidad vial de la poblaci\u00f3n, ya sea en sus actividades cotidianas con la familia o en sus labores de trabajo. <\/span><\/p> <p class=\"MsoNormal\" style=\"text-align:justify\"><span style=\"font-size:12.0pt;\nline-height:107%;font-family:&quot;Arial&quot;,sans-serif\">De igual manera destac\u00f3 que como comunidad es importante colaborar en el cuidado de las rehabilitaciones que se hacen en diferentes puntos de la ciudad y las cuales benefician a la toda la ciudadan\u00eda en general, logrando de esa manera un mayor tiempo de durabilidad de las obras.<\/span><\/p> <p class=\"MsoNormal\"><o:p>\u00a0<\/o:p><\/p> <p class=\"MsoNormal\"><o:p>\u00a0<\/o:p><\/p> <p class=\"MsoNormal\"><o:p>\u00a0<\/o:p><\/p> <\/p>\n\n\n\n<figure class=\"wp-block-image size-large is-style-default\"><img loading=\"lazy\" decoding=\"async\" width=\"1024\" height=\"682\" src=\"http:\/\/tvalaire.com\/wp-content\/uploads\/2023\/12\/01-4-1024x682.jpeg\" alt=\"\" class=\"wp-image-11740\" srcset=\"http:\/\/tvalaire.com\/wp-content\/uploads\/2023\/12\/01-4-1024x682.jpeg 1024w, http:\/\/tvalaire.com\/wp-content\/uploads\/2023\/12\/01-4-300x200.jpeg 300w, http:\/\/tvalaire.com\/wp-content\/uploads\/2023\/12\/01-4-768x512.jpeg 768w, http:\/\/tvalaire.com\/wp-content\/uploads\/2023\/12\/01-4.jpeg 1280w\" sizes=\"(max-width: 1024px) 100vw, 1024px\" \/><\/figure>\n","protected":false},"excerpt":{"rendered":"<p>\u00b7\u00a0\u00a0\u00a0\u00a0\u00a0\u00a0 M\u00e1s de 7 mil metros cuadrados se reasfaltar\u00e1n en esa zona \u00b7\u00a0\u00a0\u00a0\u00a0\u00a0\u00a0 Se da&#8230;<\/p>\n","protected":false},"author":1,"featured_media":11739,"comment_status":"open","ping_status":"open","sticky":false,"template":"","format":"standard","meta":{"jetpack_post_was_ever_published":false,"_jetpack_newsletter_access":"","_jetpack_dont_email_post_to_subs":false,"_jetpack_newsletter_tier_id":0,"_jetpack_memberships_contains_paywalled_content":false,"_jetpack_memberships_contains_paid_content":false,"footnotes":"","jetpack_publicize_message":"","jetpack_publicize_feature_enabled":true,"jetpack_social_post_already_shared":true,"jetpack_social_options":{"image_generator_settings":{"template":"highway","enabled":false},"version":2}},"categories":[1],"tags":[15,36],"class_list":["post-11738","post","type-post","status-publish","format-standard","has-post-thumbnail","hentry","category-la-piedad","tag-la-piedad","tag-principales"],"jetpack_publicize_connections":[],"jetpack_sharing_enabled":true,"featured_image_urls":{"full":["http:\/\/tvalaire.com\/wp-content\/uploads\/2023\/12\/01-3.jpeg",1280,853,false],"thumbnail":["http:\/\/tvalaire.com\/wp-content\/uploads\/2023\/12\/01-3-150x150.jpeg",150,150,true],"medium":["http:\/\/tvalaire.com\/wp-content\/uploads\/2023\/12\/01-3-300x200.jpeg",300,200,true],"medium_large":["http:\/\/tvalaire.com\/wp-content\/uploads\/2023\/12\/01-3-768x512.jpeg",640,427,true],"large":["http:\/\/tvalaire.com\/wp-content\/uploads\/2023\/12\/01-3-1024x682.jpeg",640,426,true],"post-slider-thumb-size":["http:\/\/tvalaire.com\/wp-content\/uploads\/2023\/12\/01-3-330x190.jpeg",330,190,true],"post-category-slider-size":["http:\/\/tvalaire.com\/wp-content\/uploads\/2023\/12\/01-3.jpeg",330,220,false],"1536x1536":["http:\/\/tvalaire.com\/wp-content\/uploads\/2023\/12\/01-3.jpeg",1280,853,false],"2048x2048":["http:\/\/tvalaire.com\/wp-content\/uploads\/2023\/12\/01-3.jpeg",1280,853,false],"newsium-slider-full":["http:\/\/tvalaire.com\/wp-content\/uploads\/2023\/12\/01-3-1280x845.jpeg",1280,845,true],"newsium-featured":["http:\/\/tvalaire.com\/wp-content\/uploads\/2023\/12\/01-3-1024x682.jpeg",1024,682,true],"newsium-medium":["http:\/\/tvalaire.com\/wp-content\/uploads\/2023\/12\/01-3-720x475.jpeg",720,475,true]},"author_info":{"info":["tvalairenoti"]},"category_info":"<a href=\"http:\/\/tvalaire.com\/?cat=1\" rel=\"category\">La Piedad<\/a>","tag_info":"La Piedad","comment_count":"0","jetpack_featured_media_url":"http:\/\/tvalaire.com\/wp-content\/uploads\/2023\/12\/01-3.jpeg","_links":{"self":[{"href":"http:\/\/tvalaire.com\/index.php?rest_route=\/wp\/v2\/posts\/11738"}],"collection":[{"href":"http:\/\/tvalaire.com\/index.php?rest_route=\/wp\/v2\/posts"}],"about":[{"href":"http:\/\/tvalaire.com\/index.php?rest_route=\/wp\/v2\/types\/post"}],"author":[{"embeddable":true,"href":"http:\/\/tvalaire.com\/index.php?rest_route=\/wp\/v2\/users\/1"}],"replies":[{"embeddable":true,"href":"http:\/\/tvalaire.com\/index.php?rest_route=%2Fwp%2Fv2%2Fcomments&post=11738"}],"version-history":[{"count":1,"href":"http:\/\/tvalaire.com\/index.php?rest_route=\/wp\/v2\/posts\/11738\/revisions"}],"predecessor-version":[{"id":11741,"href":"http:\/\/tvalaire.com\/index.php?rest_route=\/wp\/v2\/posts\/11738\/revisions\/11741"}],"wp:featuredmedia":[{"embeddable":true,"href":"http:\/\/tvalaire.com\/index.php?rest_route=\/wp\/v2\/media\/11739"}],"wp:attachment":[{"href":"http:\/\/tvalaire.com\/index.php?rest_route=%2Fwp%2Fv2%2Fmedia&parent=11738"}],"wp:term":[{"taxonomy":"category","embeddable":true,"href":"http:\/\/tvalaire.com\/index.php?rest_route=%2Fwp%2Fv2%2Fcategories&post=11738"},{"taxonomy":"post_tag","embeddable":true,"href":"http:\/\/tvalaire.com\/index.php?rest_route=%2Fwp%2Fv2%2Ftags&post=11738"}],"curies":[{"name":"wp","href":"https:\/\/api.w.org\/{rel}","templated":true}]}}