{"id":11735,"date":"2023-11-30T08:30:18","date_gmt":"2023-11-30T14:30:18","guid":{"rendered":"http:\/\/tvalaire.com\/?p=11735"},"modified":"2023-12-01T17:39:15","modified_gmt":"2023-12-01T23:39:15","slug":"iniciaran-la-entrega-del-apoyo-economico-a-becarios-municipales","status":"publish","type":"post","link":"http:\/\/tvalaire.com\/?p=11735","title":{"rendered":"INICIAR\u00c1N LA ENTREGA DEL APOYO ECON\u00d3MICO A BECARIOS MUNICIPALES"},"content":{"rendered":"<p class=\"MsoNormal\" style=\"text-align: center;\" align=\"center\"><span style=\"font-size: 12.0pt; line-height: 107%; font-family: Symbol; mso-fareast-font-family: Symbol; mso-bidi-font-family: Symbol;\">\u00b7<span style=\"font-variant-numeric: normal; font-variant-east-asian: normal; font-variant-alternates: normal; font-kerning: auto; font-optical-sizing: auto; font-feature-settings: normal; font-variation-settings: normal; font-variant-position: normal; font-stretch: normal; font-size: 7pt; line-height: normal; font-family: 'Times New Roman';\">\u00a0\u00a0\u00a0\u00a0\u00a0\u00a0 <\/span><\/span><b><span style=\"font-size: 12.0pt; line-height: 107%; font-family: 'Arial',sans-serif;\">Martes 05 a partir de las 09:00 de la ma\u00f1ana en la \u201cUnida de Abajo\u201d<\/span><\/b><\/p>\n<p class=\"MsoNormal\" style=\"text-align: justify;\"><span style=\"font-size: 12.0pt; line-height: 107%; font-family: 'Arial',sans-serif;\">El Gobierno Municipal de La Piedad, a trav\u00e9s de la Direcci\u00f3n de Educaci\u00f3n informa que ya se tiene lista la programaci\u00f3n de las fechas para que los estudiantes que forman parte del Programa de Becas Municipales, reciban su est\u00edmulo econ\u00f3mico. A partir del pr\u00f3ximo martes 05 de diciembre en el auditorio de la Unidad Deportiva \u201cHumberto Romero P\u00e9rez\u201d, conocida como Unidad de Abajo, las autoridades inician con la entrega del recurso en un horario de 09:00 de la ma\u00f1ana a 2:00 de la tarde. De acuerdo a la informaci\u00f3n recabada, la entrega del apoyo corresponde a los meses de septiembre y octubre del ciclo escolar 2023-2024 y ser\u00e1 hasta el viernes 08 del mes de diciembre. Los becarios podr\u00e1n revisar la calendarizaci\u00f3n en las redes sociales del Gobierno Municipal. Las autoridades se\u00f1alaron que es de suma importancia que sean los propios favorecidos quienes acudan a recibir su apoyo, pues son ellos los beneficiados y quienes tienen que firmar de recibido. De igual manera, la Direcci\u00f3n de Educaci\u00f3n, subray\u00f3 que siempre y con anticipaci\u00f3n se da a conocer la calendarizaci\u00f3n de la entrega de Credenciales, as\u00ed como del apoyo econ\u00f3mico, por lo que invit\u00f3 a padres de familia, a los adolescentes y j\u00f3venes a permanecer pendientes de las redes sociales del Gobierno Municipal, para que conozcan las fechas pertinentes de cada nivel educativo. \u00a0Asimismo, comentaron que las dudas que se tengan sobre el tema de Credenciales, Renovaci\u00f3n, Pagos y otros, los interesados pueden acercarse con antelaci\u00f3n y a tiempo a la Direcci\u00f3n de Educaci\u00f3n para que sean asesorados.\u00a0<\/span><\/p>\n<p>PARA CONSULTAR FECHAS PARA CADA NIVEL EDUCATIVO CONSULTA EN EL SIGUIENTE LINK: https:\/\/acortar.link\/KyapDa<\/p>\n","protected":false},"excerpt":{"rendered":"<p>\u00b7\u00a0\u00a0\u00a0\u00a0\u00a0\u00a0 Martes 05 a partir de las 09:00 de la ma\u00f1ana en la \u201cUnida de&#8230;<\/p>\n","protected":false},"author":1,"featured_media":11736,"comment_status":"open","ping_status":"open","sticky":false,"template":"","format":"standard","meta":{"jetpack_post_was_ever_published":false,"_jetpack_newsletter_access":"","_jetpack_dont_email_post_to_subs":false,"_jetpack_newsletter_tier_id":0,"_jetpack_memberships_contains_paywalled_content":false,"_jetpack_memberships_contains_paid_content":false,"footnotes":"","jetpack_publicize_message":"","jetpack_publicize_feature_enabled":true,"jetpack_social_post_already_shared":true,"jetpack_social_options":{"image_generator_settings":{"template":"highway","enabled":false},"version":2}},"categories":[1],"tags":[15,36],"class_list":["post-11735","post","type-post","status-publish","format-standard","has-post-thumbnail","hentry","category-la-piedad","tag-la-piedad","tag-principales"],"jetpack_publicize_connections":[],"jetpack_sharing_enabled":true,"featured_image_urls":{"full":["http:\/\/tvalaire.com\/wp-content\/uploads\/2023\/12\/01-1.jpg",2048,1025,false],"thumbnail":["http:\/\/tvalaire.com\/wp-content\/uploads\/2023\/12\/01-1-150x150.jpg",150,150,true],"medium":["http:\/\/tvalaire.com\/wp-content\/uploads\/2023\/12\/01-1-300x150.jpg",300,150,true],"medium_large":["http:\/\/tvalaire.com\/wp-content\/uploads\/2023\/12\/01-1-768x384.jpg",640,320,true],"large":["http:\/\/tvalaire.com\/wp-content\/uploads\/2023\/12\/01-1-1024x513.jpg",640,321,true],"post-slider-thumb-size":["http:\/\/tvalaire.com\/wp-content\/uploads\/2023\/12\/01-1-330x190.jpg",330,190,true],"post-category-slider-size":["http:\/\/tvalaire.com\/wp-content\/uploads\/2023\/12\/01-1.jpg",330,165,false],"1536x1536":["http:\/\/tvalaire.com\/wp-content\/uploads\/2023\/12\/01-1-1536x769.jpg",1536,769,true],"2048x2048":["http:\/\/tvalaire.com\/wp-content\/uploads\/2023\/12\/01-1.jpg",2048,1025,false],"newsium-slider-full":["http:\/\/tvalaire.com\/wp-content\/uploads\/2023\/12\/01-1-1280x845.jpg",1280,845,true],"newsium-featured":["http:\/\/tvalaire.com\/wp-content\/uploads\/2023\/12\/01-1-1024x513.jpg",1024,513,true],"newsium-medium":["http:\/\/tvalaire.com\/wp-content\/uploads\/2023\/12\/01-1-720x475.jpg",720,475,true]},"author_info":{"info":["tvalairenoti"]},"category_info":"<a href=\"http:\/\/tvalaire.com\/?cat=1\" rel=\"category\">La Piedad<\/a>","tag_info":"La Piedad","comment_count":"0","jetpack_featured_media_url":"http:\/\/tvalaire.com\/wp-content\/uploads\/2023\/12\/01-1.jpg","_links":{"self":[{"href":"http:\/\/tvalaire.com\/index.php?rest_route=\/wp\/v2\/posts\/11735"}],"collection":[{"href":"http:\/\/tvalaire.com\/index.php?rest_route=\/wp\/v2\/posts"}],"about":[{"href":"http:\/\/tvalaire.com\/index.php?rest_route=\/wp\/v2\/types\/post"}],"author":[{"embeddable":true,"href":"http:\/\/tvalaire.com\/index.php?rest_route=\/wp\/v2\/users\/1"}],"replies":[{"embeddable":true,"href":"http:\/\/tvalaire.com\/index.php?rest_route=%2Fwp%2Fv2%2Fcomments&post=11735"}],"version-history":[{"count":2,"href":"http:\/\/tvalaire.com\/index.php?rest_route=\/wp\/v2\/posts\/11735\/revisions"}],"predecessor-version":[{"id":11787,"href":"http:\/\/tvalaire.com\/index.php?rest_route=\/wp\/v2\/posts\/11735\/revisions\/11787"}],"wp:featuredmedia":[{"embeddable":true,"href":"http:\/\/tvalaire.com\/index.php?rest_route=\/wp\/v2\/media\/11736"}],"wp:attachment":[{"href":"http:\/\/tvalaire.com\/index.php?rest_route=%2Fwp%2Fv2%2Fmedia&parent=11735"}],"wp:term":[{"taxonomy":"category","embeddable":true,"href":"http:\/\/tvalaire.com\/index.php?rest_route=%2Fwp%2Fv2%2Fcategories&post=11735"},{"taxonomy":"post_tag","embeddable":true,"href":"http:\/\/tvalaire.com\/index.php?rest_route=%2Fwp%2Fv2%2Ftags&post=11735"}],"curies":[{"name":"wp","href":"https:\/\/api.w.org\/{rel}","templated":true}]}}