{"id":11730,"date":"2023-10-12T16:09:40","date_gmt":"2023-10-12T22:09:40","guid":{"rendered":"http:\/\/tvalaire.com\/?p=11730"},"modified":"2023-11-01T16:10:59","modified_gmt":"2023-11-01T22:10:59","slug":"1er-informe-del-director-general-del-centro-de-conciliacion-laboral-de-michoacan","status":"publish","type":"post","link":"http:\/\/tvalaire.com\/?p=11730","title":{"rendered":"1ER INFORME DEL DIRECTOR GENERAL DEL CENTRO DE CONCILIACI\u00d3N LABORAL DE MICHOAC\u00c1N"},"content":{"rendered":"\n<p>Recibimos de manos del maestro Andr\u00e9s Medina Guzm\u00e1n, director General del Centro de Conciliaci\u00f3n Laboral del Estado de Michoac\u00e1n, su primer informe anual de actividades.<\/p>\n\n\n\n<p>Me llena de satisfacci\u00f3n ser parte de esta Comisi\u00f3n de Trabajo y Previsi\u00f3n Social que dio paso a la armonizaci\u00f3n a la ley y a la puesta en marcha del centro de conciliaci\u00f3n laboral, un gran paso para hacer llegar la justicia imparcial para las y los trabajadores.<\/p>\n\n\n\n<figure class=\"wp-block-image size-full is-style-default\"><img loading=\"lazy\" decoding=\"async\" width=\"915\" height=\"640\" src=\"http:\/\/tvalaire.com\/wp-content\/uploads\/2023\/11\/387035113_344135628142720_228140771184986775_n.jpg\" alt=\"\" class=\"wp-image-11732\" srcset=\"http:\/\/tvalaire.com\/wp-content\/uploads\/2023\/11\/387035113_344135628142720_228140771184986775_n.jpg 915w, http:\/\/tvalaire.com\/wp-content\/uploads\/2023\/11\/387035113_344135628142720_228140771184986775_n-300x210.jpg 300w, http:\/\/tvalaire.com\/wp-content\/uploads\/2023\/11\/387035113_344135628142720_228140771184986775_n-768x537.jpg 768w\" sizes=\"(max-width: 915px) 100vw, 915px\" \/><\/figure>\n\n\n\n<figure class=\"wp-block-image size-full is-style-default\"><img loading=\"lazy\" decoding=\"async\" width=\"951\" height=\"600\" src=\"http:\/\/tvalaire.com\/wp-content\/uploads\/2023\/11\/387064170_344135691476047_8619742254595194864_n.jpg\" alt=\"\" class=\"wp-image-11733\" srcset=\"http:\/\/tvalaire.com\/wp-content\/uploads\/2023\/11\/387064170_344135691476047_8619742254595194864_n.jpg 951w, http:\/\/tvalaire.com\/wp-content\/uploads\/2023\/11\/387064170_344135691476047_8619742254595194864_n-300x189.jpg 300w, http:\/\/tvalaire.com\/wp-content\/uploads\/2023\/11\/387064170_344135691476047_8619742254595194864_n-768x485.jpg 768w\" sizes=\"(max-width: 951px) 100vw, 951px\" \/><\/figure>\n","protected":false},"excerpt":{"rendered":"<p>Recibimos de manos del maestro Andr\u00e9s Medina Guzm\u00e1n, director General del Centro de Conciliaci\u00f3n Laboral&#8230;<\/p>\n","protected":false},"author":1,"featured_media":11731,"comment_status":"open","ping_status":"open","sticky":false,"template":"","format":"standard","meta":{"jetpack_post_was_ever_published":false,"_jetpack_newsletter_access":"","_jetpack_dont_email_post_to_subs":false,"_jetpack_newsletter_tier_id":0,"_jetpack_memberships_contains_paywalled_content":false,"_jetpack_memberships_contains_paid_content":false,"footnotes":"","jetpack_publicize_message":"","jetpack_publicize_feature_enabled":true,"jetpack_social_post_already_shared":true,"jetpack_social_options":{"image_generator_settings":{"template":"highway","enabled":false},"version":2}},"categories":[31],"tags":[37,36],"class_list":["post-11730","post","type-post","status-publish","format-standard","has-post-thumbnail","hentry","category-estado","tag-estado","tag-principales"],"jetpack_publicize_connections":[],"jetpack_sharing_enabled":true,"featured_image_urls":{"full":["http:\/\/tvalaire.com\/wp-content\/uploads\/2023\/11\/387878006_344135668142716_5175357438795982029_n.jpg",900,600,false],"thumbnail":["http:\/\/tvalaire.com\/wp-content\/uploads\/2023\/11\/387878006_344135668142716_5175357438795982029_n-150x150.jpg",150,150,true],"medium":["http:\/\/tvalaire.com\/wp-content\/uploads\/2023\/11\/387878006_344135668142716_5175357438795982029_n-300x200.jpg",300,200,true],"medium_large":["http:\/\/tvalaire.com\/wp-content\/uploads\/2023\/11\/387878006_344135668142716_5175357438795982029_n-768x512.jpg",640,427,true],"large":["http:\/\/tvalaire.com\/wp-content\/uploads\/2023\/11\/387878006_344135668142716_5175357438795982029_n.jpg",640,427,false],"post-slider-thumb-size":["http:\/\/tvalaire.com\/wp-content\/uploads\/2023\/11\/387878006_344135668142716_5175357438795982029_n-330x190.jpg",330,190,true],"post-category-slider-size":["http:\/\/tvalaire.com\/wp-content\/uploads\/2023\/11\/387878006_344135668142716_5175357438795982029_n.jpg",330,220,false],"1536x1536":["http:\/\/tvalaire.com\/wp-content\/uploads\/2023\/11\/387878006_344135668142716_5175357438795982029_n.jpg",900,600,false],"2048x2048":["http:\/\/tvalaire.com\/wp-content\/uploads\/2023\/11\/387878006_344135668142716_5175357438795982029_n.jpg",900,600,false],"newsium-slider-full":["http:\/\/tvalaire.com\/wp-content\/uploads\/2023\/11\/387878006_344135668142716_5175357438795982029_n.jpg",900,600,false],"newsium-featured":["http:\/\/tvalaire.com\/wp-content\/uploads\/2023\/11\/387878006_344135668142716_5175357438795982029_n.jpg",900,600,false],"newsium-medium":["http:\/\/tvalaire.com\/wp-content\/uploads\/2023\/11\/387878006_344135668142716_5175357438795982029_n-720x475.jpg",720,475,true]},"author_info":{"info":["tvalairenoti"]},"category_info":"<a href=\"http:\/\/tvalaire.com\/?cat=31\" rel=\"category\">Estado<\/a>","tag_info":"Estado","comment_count":"0","jetpack_featured_media_url":"http:\/\/tvalaire.com\/wp-content\/uploads\/2023\/11\/387878006_344135668142716_5175357438795982029_n.jpg","_links":{"self":[{"href":"http:\/\/tvalaire.com\/index.php?rest_route=\/wp\/v2\/posts\/11730"}],"collection":[{"href":"http:\/\/tvalaire.com\/index.php?rest_route=\/wp\/v2\/posts"}],"about":[{"href":"http:\/\/tvalaire.com\/index.php?rest_route=\/wp\/v2\/types\/post"}],"author":[{"embeddable":true,"href":"http:\/\/tvalaire.com\/index.php?rest_route=\/wp\/v2\/users\/1"}],"replies":[{"embeddable":true,"href":"http:\/\/tvalaire.com\/index.php?rest_route=%2Fwp%2Fv2%2Fcomments&post=11730"}],"version-history":[{"count":1,"href":"http:\/\/tvalaire.com\/index.php?rest_route=\/wp\/v2\/posts\/11730\/revisions"}],"predecessor-version":[{"id":11734,"href":"http:\/\/tvalaire.com\/index.php?rest_route=\/wp\/v2\/posts\/11730\/revisions\/11734"}],"wp:featuredmedia":[{"embeddable":true,"href":"http:\/\/tvalaire.com\/index.php?rest_route=\/wp\/v2\/media\/11731"}],"wp:attachment":[{"href":"http:\/\/tvalaire.com\/index.php?rest_route=%2Fwp%2Fv2%2Fmedia&parent=11730"}],"wp:term":[{"taxonomy":"category","embeddable":true,"href":"http:\/\/tvalaire.com\/index.php?rest_route=%2Fwp%2Fv2%2Fcategories&post=11730"},{"taxonomy":"post_tag","embeddable":true,"href":"http:\/\/tvalaire.com\/index.php?rest_route=%2Fwp%2Fv2%2Ftags&post=11730"}],"curies":[{"name":"wp","href":"https:\/\/api.w.org\/{rel}","templated":true}]}}