{"id":11706,"date":"2023-10-02T15:49:41","date_gmt":"2023-10-02T21:49:41","guid":{"rendered":"http:\/\/tvalaire.com\/?p=11706"},"modified":"2023-11-01T15:50:57","modified_gmt":"2023-11-01T21:50:57","slug":"viajan-latidos-piedadenses-al-estado-de-california-en-eeuu","status":"publish","type":"post","link":"http:\/\/tvalaire.com\/?p=11706","title":{"rendered":"VIAJAN \u201cLATIDOS PIEDADENSES\u201d AL ESTADO DE CALIFORNIA EN EEUU"},"content":{"rendered":"\n<p><\/p>\n\n\n\n<ul class=\"wp-block-list\">\n<li><strong>Este Programa Municipal ha reunido a m\u00e1s de 170 familias<\/strong><\/li>\n\n\n\n<li><strong>Seguiremos ayudando y asesorando a las familias: Samuel Hidalgo<\/strong><\/li>\n<\/ul>\n\n\n\n<p>El Gobierno Municipal, a trav\u00e9s de la Direcci\u00f3n de Vinculaci\u00f3n Internacional, realiz\u00f3 el tercer viaje a los Estados Unidos de Am\u00e9rica, para llevar en esta ocasi\u00f3n a 80 \u201cLatidos Piedadenses\u201d, para que se pudieran reencontrar con sus familias que viven en el pa\u00eds vecino del norte.<\/p>\n\n\n\n<p>El grupo de personas sali\u00f3 la noche del domingo del jard\u00edn de La Pur\u00edsima, con rumbo al estado de California para ah\u00ed reunirse con quienes, en algunos casos, no hab\u00edan visto en m\u00e1s de 30 a\u00f1os y hoy despu\u00e9s de tanto tiempo ser\u00e1 una realidad el poder abrazarles de nuevo.<\/p>\n\n\n\n<p>Gracias a los trabajos de gesti\u00f3n de la administraci\u00f3n que encabeza el alcalde Samuel Hidalgo Gallardo, y el v\u00ednculo que existe con la Embajada Estadounidense, se ha podido coadyuvar para que por medio de este Programa Municipal a la fecha ya se hayan podido reunir m\u00e1s de 170 familias piedadenses.<\/p>\n\n\n\n<p>Asimismo, el Alcalde coment\u00f3 que a este tipo de acciones se les dar\u00e1 continuidad, pues existen a\u00fan muchas familias a las que se les debe asesorar y ayudar en medida de lo posible para que pueden volver a ver a sus seres queridos que por las circunstancias migratorias no pueden regresar a su lugar de origen.<\/p>\n\n\n\n<figure class=\"wp-block-image size-large is-style-default\"><img loading=\"lazy\" decoding=\"async\" width=\"1024\" height=\"683\" src=\"http:\/\/tvalaire.com\/wp-content\/uploads\/2023\/11\/01-2-4-1024x683.jpeg\" alt=\"\" class=\"wp-image-11708\" srcset=\"http:\/\/tvalaire.com\/wp-content\/uploads\/2023\/11\/01-2-4-1024x683.jpeg 1024w, http:\/\/tvalaire.com\/wp-content\/uploads\/2023\/11\/01-2-4-300x200.jpeg 300w, http:\/\/tvalaire.com\/wp-content\/uploads\/2023\/11\/01-2-4-768x512.jpeg 768w, http:\/\/tvalaire.com\/wp-content\/uploads\/2023\/11\/01-2-4.jpeg 1275w\" sizes=\"(max-width: 1024px) 100vw, 1024px\" \/><\/figure>\n\n\n\n<figure class=\"wp-block-image size-large is-style-default\"><img loading=\"lazy\" decoding=\"async\" width=\"1024\" height=\"768\" src=\"http:\/\/tvalaire.com\/wp-content\/uploads\/2023\/11\/01-6-2-1024x768.jpeg\" alt=\"\" class=\"wp-image-11709\" srcset=\"http:\/\/tvalaire.com\/wp-content\/uploads\/2023\/11\/01-6-2-1024x768.jpeg 1024w, http:\/\/tvalaire.com\/wp-content\/uploads\/2023\/11\/01-6-2-300x225.jpeg 300w, http:\/\/tvalaire.com\/wp-content\/uploads\/2023\/11\/01-6-2-768x576.jpeg 768w, http:\/\/tvalaire.com\/wp-content\/uploads\/2023\/11\/01-6-2.jpeg 1280w\" sizes=\"(max-width: 1024px) 100vw, 1024px\" \/><\/figure>\n","protected":false},"excerpt":{"rendered":"<p>El Gobierno Municipal, a trav\u00e9s de la Direcci\u00f3n de Vinculaci\u00f3n Internacional, realiz\u00f3 el tercer viaje&#8230;<\/p>\n","protected":false},"author":1,"featured_media":11707,"comment_status":"open","ping_status":"open","sticky":false,"template":"","format":"standard","meta":{"jetpack_post_was_ever_published":false,"_jetpack_newsletter_access":"","_jetpack_dont_email_post_to_subs":false,"_jetpack_newsletter_tier_id":0,"_jetpack_memberships_contains_paywalled_content":false,"_jetpack_memberships_contains_paid_content":false,"footnotes":"","jetpack_publicize_message":"","jetpack_publicize_feature_enabled":true,"jetpack_social_post_already_shared":true,"jetpack_social_options":{"image_generator_settings":{"template":"highway","enabled":false},"version":2}},"categories":[1],"tags":[15,36],"class_list":["post-11706","post","type-post","status-publish","format-standard","has-post-thumbnail","hentry","category-la-piedad","tag-la-piedad","tag-principales"],"jetpack_publicize_connections":[],"jetpack_sharing_enabled":true,"featured_image_urls":{"full":["http:\/\/tvalaire.com\/wp-content\/uploads\/2023\/11\/01-4-3.jpeg",1280,960,false],"thumbnail":["http:\/\/tvalaire.com\/wp-content\/uploads\/2023\/11\/01-4-3-150x150.jpeg",150,150,true],"medium":["http:\/\/tvalaire.com\/wp-content\/uploads\/2023\/11\/01-4-3-300x225.jpeg",300,225,true],"medium_large":["http:\/\/tvalaire.com\/wp-content\/uploads\/2023\/11\/01-4-3-768x576.jpeg",640,480,true],"large":["http:\/\/tvalaire.com\/wp-content\/uploads\/2023\/11\/01-4-3-1024x768.jpeg",640,480,true],"post-slider-thumb-size":["http:\/\/tvalaire.com\/wp-content\/uploads\/2023\/11\/01-4-3-330x190.jpeg",330,190,true],"post-category-slider-size":["http:\/\/tvalaire.com\/wp-content\/uploads\/2023\/11\/01-4-3.jpeg",330,248,false],"1536x1536":["http:\/\/tvalaire.com\/wp-content\/uploads\/2023\/11\/01-4-3.jpeg",1280,960,false],"2048x2048":["http:\/\/tvalaire.com\/wp-content\/uploads\/2023\/11\/01-4-3.jpeg",1280,960,false],"newsium-slider-full":["http:\/\/tvalaire.com\/wp-content\/uploads\/2023\/11\/01-4-3-1280x845.jpeg",1280,845,true],"newsium-featured":["http:\/\/tvalaire.com\/wp-content\/uploads\/2023\/11\/01-4-3-1024x768.jpeg",1024,768,true],"newsium-medium":["http:\/\/tvalaire.com\/wp-content\/uploads\/2023\/11\/01-4-3-720x475.jpeg",720,475,true]},"author_info":{"info":["tvalairenoti"]},"category_info":"<a href=\"http:\/\/tvalaire.com\/?cat=1\" rel=\"category\">La Piedad<\/a>","tag_info":"La Piedad","comment_count":"0","jetpack_featured_media_url":"http:\/\/tvalaire.com\/wp-content\/uploads\/2023\/11\/01-4-3.jpeg","_links":{"self":[{"href":"http:\/\/tvalaire.com\/index.php?rest_route=\/wp\/v2\/posts\/11706"}],"collection":[{"href":"http:\/\/tvalaire.com\/index.php?rest_route=\/wp\/v2\/posts"}],"about":[{"href":"http:\/\/tvalaire.com\/index.php?rest_route=\/wp\/v2\/types\/post"}],"author":[{"embeddable":true,"href":"http:\/\/tvalaire.com\/index.php?rest_route=\/wp\/v2\/users\/1"}],"replies":[{"embeddable":true,"href":"http:\/\/tvalaire.com\/index.php?rest_route=%2Fwp%2Fv2%2Fcomments&post=11706"}],"version-history":[{"count":1,"href":"http:\/\/tvalaire.com\/index.php?rest_route=\/wp\/v2\/posts\/11706\/revisions"}],"predecessor-version":[{"id":11710,"href":"http:\/\/tvalaire.com\/index.php?rest_route=\/wp\/v2\/posts\/11706\/revisions\/11710"}],"wp:featuredmedia":[{"embeddable":true,"href":"http:\/\/tvalaire.com\/index.php?rest_route=\/wp\/v2\/media\/11707"}],"wp:attachment":[{"href":"http:\/\/tvalaire.com\/index.php?rest_route=%2Fwp%2Fv2%2Fmedia&parent=11706"}],"wp:term":[{"taxonomy":"category","embeddable":true,"href":"http:\/\/tvalaire.com\/index.php?rest_route=%2Fwp%2Fv2%2Fcategories&post=11706"},{"taxonomy":"post_tag","embeddable":true,"href":"http:\/\/tvalaire.com\/index.php?rest_route=%2Fwp%2Fv2%2Ftags&post=11706"}],"curies":[{"name":"wp","href":"https:\/\/api.w.org\/{rel}","templated":true}]}}