{"id":11696,"date":"2023-10-11T15:45:34","date_gmt":"2023-10-11T21:45:34","guid":{"rendered":"http:\/\/tvalaire.com\/?p=11696"},"modified":"2023-11-01T15:46:51","modified_gmt":"2023-11-01T21:46:51","slug":"lo-mejor-del-rock-en-espanol-banda-mach-y-virlan-garcia-en-fig-la-piedad-2023","status":"publish","type":"post","link":"http:\/\/tvalaire.com\/?p=11696","title":{"rendered":"LO MEJOR DEL ROCK EN ESPA\u00d1OL, BANDA MACH Y VIRL\u00c1N GARC\u00cdA EN FIG LA PIEDAD 2023"},"content":{"rendered":"\n<p><\/p>\n\n\n\n<ul class=\"wp-block-list\">\n<li><strong>Presidente de La Piedad presenta el programa de artistas que estar\u00e1n en el FIG 2023<\/strong><\/li>\n\n\n\n<li><strong>El festival contar\u00e1 con actividades deportivas, musicales y culturales<\/strong><\/li>\n<\/ul>\n\n\n\n<p>Se llev\u00f3 a cabo la presentaci\u00f3n de artistas que estar\u00e1n en el Festival Internacional del Globo 2023 extensi\u00f3n La Piedad, donde el presidente municipal Samuel Hidalgo &nbsp;dio a conocer que del 24 al 26 de noviembre la presa de Ticuitaco, contar\u00e1 con la presentaci\u00f3n&nbsp; musical de \u201cLo Mejor de Rock en Espa\u00f1ol\u201d, \u201cVirl\u00e1n Garc\u00eda\u201d y \u201cBanda Mach\u201d.<\/p>\n\n\n\n<p>El viernes 24 de noviembre se tendr\u00e1 la presentaci\u00f3n de \u201cLo Mejor de Rock en Espa\u00f1ol\u201d, donde integrantes de \u201cLa Ley\u201d , \u201cRostros ocultos\u201d, \u201cLa Cuca\u201d, \u201cCoda\u201d, \u201cV\u00edctimas del Dr cerebro\u201d&nbsp; y&nbsp; \u201cRadio Caos\u201d, tocar\u00e1n las canciones que marcaron un antes y despu\u00e9s del rock mexicano.<\/p>\n\n\n\n<p>Por su parte, el s\u00e1bado 25 de noviembre, \u201cVirl\u00e1n Garc\u00eda\u201d y \u201cBanda Mach\u201d, deleitaran y pondr\u00e1n a bailar a todos los asistentes con sus melod\u00edas, para que desde chicos y grandes puedan disfrutar de este evento que busca reunir a todas las familias.<\/p>\n\n\n\n<p>El festival contar\u00e1 con distintos atractivos, entre ellos la presencia de doce globos aerost\u00e1ticos que llenaran el cielo de color y magia, tambi\u00e9n se tendr\u00e1n actividades deportivas como la&nbsp; competencia dual trial de ciclismo y atletismo, exposici\u00f3n de La Gran Fuerza de M\u00e9xico del Ej\u00e9rcito Mexicano y presentaciones art\u00edsticas y musicales de grupos locales.<\/p>\n\n\n\n<p>Podr\u00e1n acercarse a pedir informaci\u00f3n sobre costos y accesos en los siguientes m\u00f3dulos: Presidencia Municipal, SAPAS y las oficinas de la Direcci\u00f3n de Relaciones Exteriores ubicada en el boulevard L\u00e1zaro C\u00e1rdenas #781 Plaza Boulevard Local #1.<\/p>\n\n\n\n<figure class=\"wp-block-image size-large is-style-default\"><img loading=\"lazy\" decoding=\"async\" width=\"1024\" height=\"682\" src=\"http:\/\/tvalaire.com\/wp-content\/uploads\/2023\/11\/WhatsApp-Image-2023-10-11-at-15.29.46-1-1024x682.jpeg\" alt=\"\" class=\"wp-image-11698\" srcset=\"http:\/\/tvalaire.com\/wp-content\/uploads\/2023\/11\/WhatsApp-Image-2023-10-11-at-15.29.46-1-1024x682.jpeg 1024w, http:\/\/tvalaire.com\/wp-content\/uploads\/2023\/11\/WhatsApp-Image-2023-10-11-at-15.29.46-1-300x200.jpeg 300w, http:\/\/tvalaire.com\/wp-content\/uploads\/2023\/11\/WhatsApp-Image-2023-10-11-at-15.29.46-1-768x512.jpeg 768w, http:\/\/tvalaire.com\/wp-content\/uploads\/2023\/11\/WhatsApp-Image-2023-10-11-at-15.29.46-1.jpeg 1280w\" sizes=\"(max-width: 1024px) 100vw, 1024px\" \/><\/figure>\n","protected":false},"excerpt":{"rendered":"<p>Se llev\u00f3 a cabo la presentaci\u00f3n de artistas que estar\u00e1n en el Festival Internacional del&#8230;<\/p>\n","protected":false},"author":1,"featured_media":11697,"comment_status":"open","ping_status":"open","sticky":false,"template":"","format":"standard","meta":{"jetpack_post_was_ever_published":false,"_jetpack_newsletter_access":"","_jetpack_dont_email_post_to_subs":false,"_jetpack_newsletter_tier_id":0,"_jetpack_memberships_contains_paywalled_content":false,"_jetpack_memberships_contains_paid_content":false,"footnotes":"","jetpack_publicize_message":"","jetpack_publicize_feature_enabled":true,"jetpack_social_post_already_shared":true,"jetpack_social_options":{"image_generator_settings":{"template":"highway","enabled":false},"version":2}},"categories":[1],"tags":[15,36],"class_list":["post-11696","post","type-post","status-publish","format-standard","has-post-thumbnail","hentry","category-la-piedad","tag-la-piedad","tag-principales"],"jetpack_publicize_connections":[],"jetpack_sharing_enabled":true,"featured_image_urls":{"full":["http:\/\/tvalaire.com\/wp-content\/uploads\/2023\/11\/WhatsApp-Image-2023-10-11-at-15.29.46.jpeg",1280,853,false],"thumbnail":["http:\/\/tvalaire.com\/wp-content\/uploads\/2023\/11\/WhatsApp-Image-2023-10-11-at-15.29.46-150x150.jpeg",150,150,true],"medium":["http:\/\/tvalaire.com\/wp-content\/uploads\/2023\/11\/WhatsApp-Image-2023-10-11-at-15.29.46-300x200.jpeg",300,200,true],"medium_large":["http:\/\/tvalaire.com\/wp-content\/uploads\/2023\/11\/WhatsApp-Image-2023-10-11-at-15.29.46-768x512.jpeg",640,427,true],"large":["http:\/\/tvalaire.com\/wp-content\/uploads\/2023\/11\/WhatsApp-Image-2023-10-11-at-15.29.46-1024x682.jpeg",640,426,true],"post-slider-thumb-size":["http:\/\/tvalaire.com\/wp-content\/uploads\/2023\/11\/WhatsApp-Image-2023-10-11-at-15.29.46-330x190.jpeg",330,190,true],"post-category-slider-size":["http:\/\/tvalaire.com\/wp-content\/uploads\/2023\/11\/WhatsApp-Image-2023-10-11-at-15.29.46.jpeg",330,220,false],"1536x1536":["http:\/\/tvalaire.com\/wp-content\/uploads\/2023\/11\/WhatsApp-Image-2023-10-11-at-15.29.46.jpeg",1280,853,false],"2048x2048":["http:\/\/tvalaire.com\/wp-content\/uploads\/2023\/11\/WhatsApp-Image-2023-10-11-at-15.29.46.jpeg",1280,853,false],"newsium-slider-full":["http:\/\/tvalaire.com\/wp-content\/uploads\/2023\/11\/WhatsApp-Image-2023-10-11-at-15.29.46-1280x845.jpeg",1280,845,true],"newsium-featured":["http:\/\/tvalaire.com\/wp-content\/uploads\/2023\/11\/WhatsApp-Image-2023-10-11-at-15.29.46-1024x682.jpeg",1024,682,true],"newsium-medium":["http:\/\/tvalaire.com\/wp-content\/uploads\/2023\/11\/WhatsApp-Image-2023-10-11-at-15.29.46-720x475.jpeg",720,475,true]},"author_info":{"info":["tvalairenoti"]},"category_info":"<a href=\"http:\/\/tvalaire.com\/?cat=1\" rel=\"category\">La Piedad<\/a>","tag_info":"La Piedad","comment_count":"0","jetpack_featured_media_url":"http:\/\/tvalaire.com\/wp-content\/uploads\/2023\/11\/WhatsApp-Image-2023-10-11-at-15.29.46.jpeg","_links":{"self":[{"href":"http:\/\/tvalaire.com\/index.php?rest_route=\/wp\/v2\/posts\/11696"}],"collection":[{"href":"http:\/\/tvalaire.com\/index.php?rest_route=\/wp\/v2\/posts"}],"about":[{"href":"http:\/\/tvalaire.com\/index.php?rest_route=\/wp\/v2\/types\/post"}],"author":[{"embeddable":true,"href":"http:\/\/tvalaire.com\/index.php?rest_route=\/wp\/v2\/users\/1"}],"replies":[{"embeddable":true,"href":"http:\/\/tvalaire.com\/index.php?rest_route=%2Fwp%2Fv2%2Fcomments&post=11696"}],"version-history":[{"count":1,"href":"http:\/\/tvalaire.com\/index.php?rest_route=\/wp\/v2\/posts\/11696\/revisions"}],"predecessor-version":[{"id":11699,"href":"http:\/\/tvalaire.com\/index.php?rest_route=\/wp\/v2\/posts\/11696\/revisions\/11699"}],"wp:featuredmedia":[{"embeddable":true,"href":"http:\/\/tvalaire.com\/index.php?rest_route=\/wp\/v2\/media\/11697"}],"wp:attachment":[{"href":"http:\/\/tvalaire.com\/index.php?rest_route=%2Fwp%2Fv2%2Fmedia&parent=11696"}],"wp:term":[{"taxonomy":"category","embeddable":true,"href":"http:\/\/tvalaire.com\/index.php?rest_route=%2Fwp%2Fv2%2Fcategories&post=11696"},{"taxonomy":"post_tag","embeddable":true,"href":"http:\/\/tvalaire.com\/index.php?rest_route=%2Fwp%2Fv2%2Ftags&post=11696"}],"curies":[{"name":"wp","href":"https:\/\/api.w.org\/{rel}","templated":true}]}}