{"id":11692,"date":"2023-10-16T15:44:15","date_gmt":"2023-10-16T21:44:15","guid":{"rendered":"http:\/\/tvalaire.com\/?p=11692"},"modified":"2023-11-01T15:45:22","modified_gmt":"2023-11-01T21:45:22","slug":"dan-a-conocer-las-actividades-que-habra-para-el-dia-de-muertos","status":"publish","type":"post","link":"http:\/\/tvalaire.com\/?p=11692","title":{"rendered":"DAN A CONOCER LAS ACTIVIDADES QUE HABR\u00c1 PARA EL D\u00cdA DE MUERTOS"},"content":{"rendered":"\n<p><\/p>\n\n\n\n<ul class=\"wp-block-list\">\n<li><strong>Eventos a partir del 28 de octubre y hasta el 02 de noviembre<\/strong><\/li>\n\n\n\n<li><strong>Se presenta La Guelaguetza el domingo 29 a partir de las 6:00<\/strong><\/li>\n<\/ul>\n\n\n\n<p>El Gobierno Municipal de La Piedad dio a conocer las diferentes actividades que se tienen programadas en el denominado festival \u201cAlmas Piedadenses\u201d, que se realiza en el marco del D\u00eda de Muertos.<\/p>\n\n\n\n<p>De acuerdo a lo dado a conocer por el presidente Samuel Hidalgo Gallardo, dijo que ser\u00e1 a partir del s\u00e1bado 28 de octubre a las 7:00 de la noche que con el tradicional desfile de catrinas y catrines se inicie con las actividades programadas.<\/p>\n\n\n\n<p>Coment\u00f3 que taller de maquillaje, m\u00fasica en vivo, elaboraci\u00f3n de tapetes y altares, cine, entre otras, son actividades que se estar\u00e1n desarrollando en el Parque Morelos, Centro Cultural, La Pur\u00edsima, Escuela de Artes y en el centro de la ciudad.<\/p>\n\n\n\n<p>Subray\u00f3 que de manera especial estas actividades se engalanar\u00e1n con la presentaci\u00f3n estelar de La Guelaguetza, la cual ser\u00e1 el domingo 29 en el Centro Hist\u00f3rico a partir de las 6:00 de la tarde.<\/p>\n\n\n\n<p>Hidalgo Gallardo, agreg\u00f3 que se trata de actividades en las que se busca la convivencia familiar, as\u00ed como de promover y difundir la cultura y tradiciones de la fecha que nos distingue a nivel mundial.<\/p>\n\n\n\n<p>De igual manera coment\u00f3 que, para quien guste revisar y asistir a los eventos, en el portal de \u201cLas Flores\u201d, se tiene una lona informativa, as\u00ed como en la p\u00e1gina oficial de Facebook del Gobierno Municipal, se ha publicado el Programa de Actividades que durante esos d\u00edas se estar\u00e1n desarrollando en diferentes lugares y horarios.<\/p>\n\n\n\n<figure class=\"wp-block-image size-large is-style-default\"><img loading=\"lazy\" decoding=\"async\" width=\"1024\" height=\"681\" src=\"http:\/\/tvalaire.com\/wp-content\/uploads\/2023\/11\/01-2-3-1024x681.jpeg\" alt=\"\" class=\"wp-image-11694\" srcset=\"http:\/\/tvalaire.com\/wp-content\/uploads\/2023\/11\/01-2-3-1024x681.jpeg 1024w, http:\/\/tvalaire.com\/wp-content\/uploads\/2023\/11\/01-2-3-300x200.jpeg 300w, http:\/\/tvalaire.com\/wp-content\/uploads\/2023\/11\/01-2-3-768x511.jpeg 768w, http:\/\/tvalaire.com\/wp-content\/uploads\/2023\/11\/01-2-3-1536x1021.jpeg 1536w, http:\/\/tvalaire.com\/wp-content\/uploads\/2023\/11\/01-2-3.jpeg 1600w\" sizes=\"(max-width: 1024px) 100vw, 1024px\" \/><\/figure>\n","protected":false},"excerpt":{"rendered":"<p>El Gobierno Municipal de La Piedad dio a conocer las diferentes actividades que se tienen&#8230;<\/p>\n","protected":false},"author":1,"featured_media":11693,"comment_status":"open","ping_status":"open","sticky":false,"template":"","format":"standard","meta":{"jetpack_post_was_ever_published":false,"_jetpack_newsletter_access":"","_jetpack_dont_email_post_to_subs":false,"_jetpack_newsletter_tier_id":0,"_jetpack_memberships_contains_paywalled_content":false,"_jetpack_memberships_contains_paid_content":false,"footnotes":"","jetpack_publicize_message":"","jetpack_publicize_feature_enabled":true,"jetpack_social_post_already_shared":true,"jetpack_social_options":{"image_generator_settings":{"template":"highway","enabled":false},"version":2}},"categories":[1],"tags":[15,36],"class_list":["post-11692","post","type-post","status-publish","format-standard","has-post-thumbnail","hentry","category-la-piedad","tag-la-piedad","tag-principales"],"jetpack_publicize_connections":[],"jetpack_sharing_enabled":true,"featured_image_urls":{"full":["http:\/\/tvalaire.com\/wp-content\/uploads\/2023\/11\/01-1-4.jpeg",1600,1064,false],"thumbnail":["http:\/\/tvalaire.com\/wp-content\/uploads\/2023\/11\/01-1-4-150x150.jpeg",150,150,true],"medium":["http:\/\/tvalaire.com\/wp-content\/uploads\/2023\/11\/01-1-4-300x200.jpeg",300,200,true],"medium_large":["http:\/\/tvalaire.com\/wp-content\/uploads\/2023\/11\/01-1-4-768x511.jpeg",640,426,true],"large":["http:\/\/tvalaire.com\/wp-content\/uploads\/2023\/11\/01-1-4-1024x681.jpeg",640,426,true],"post-slider-thumb-size":["http:\/\/tvalaire.com\/wp-content\/uploads\/2023\/11\/01-1-4-330x190.jpeg",330,190,true],"post-category-slider-size":["http:\/\/tvalaire.com\/wp-content\/uploads\/2023\/11\/01-1-4.jpeg",330,219,false],"1536x1536":["http:\/\/tvalaire.com\/wp-content\/uploads\/2023\/11\/01-1-4-1536x1021.jpeg",1536,1021,true],"2048x2048":["http:\/\/tvalaire.com\/wp-content\/uploads\/2023\/11\/01-1-4.jpeg",1600,1064,false],"newsium-slider-full":["http:\/\/tvalaire.com\/wp-content\/uploads\/2023\/11\/01-1-4-1280x845.jpeg",1280,845,true],"newsium-featured":["http:\/\/tvalaire.com\/wp-content\/uploads\/2023\/11\/01-1-4-1024x681.jpeg",1024,681,true],"newsium-medium":["http:\/\/tvalaire.com\/wp-content\/uploads\/2023\/11\/01-1-4-720x475.jpeg",720,475,true]},"author_info":{"info":["tvalairenoti"]},"category_info":"<a href=\"http:\/\/tvalaire.com\/?cat=1\" rel=\"category\">La Piedad<\/a>","tag_info":"La Piedad","comment_count":"0","jetpack_featured_media_url":"http:\/\/tvalaire.com\/wp-content\/uploads\/2023\/11\/01-1-4.jpeg","_links":{"self":[{"href":"http:\/\/tvalaire.com\/index.php?rest_route=\/wp\/v2\/posts\/11692"}],"collection":[{"href":"http:\/\/tvalaire.com\/index.php?rest_route=\/wp\/v2\/posts"}],"about":[{"href":"http:\/\/tvalaire.com\/index.php?rest_route=\/wp\/v2\/types\/post"}],"author":[{"embeddable":true,"href":"http:\/\/tvalaire.com\/index.php?rest_route=\/wp\/v2\/users\/1"}],"replies":[{"embeddable":true,"href":"http:\/\/tvalaire.com\/index.php?rest_route=%2Fwp%2Fv2%2Fcomments&post=11692"}],"version-history":[{"count":1,"href":"http:\/\/tvalaire.com\/index.php?rest_route=\/wp\/v2\/posts\/11692\/revisions"}],"predecessor-version":[{"id":11695,"href":"http:\/\/tvalaire.com\/index.php?rest_route=\/wp\/v2\/posts\/11692\/revisions\/11695"}],"wp:featuredmedia":[{"embeddable":true,"href":"http:\/\/tvalaire.com\/index.php?rest_route=\/wp\/v2\/media\/11693"}],"wp:attachment":[{"href":"http:\/\/tvalaire.com\/index.php?rest_route=%2Fwp%2Fv2%2Fmedia&parent=11692"}],"wp:term":[{"taxonomy":"category","embeddable":true,"href":"http:\/\/tvalaire.com\/index.php?rest_route=%2Fwp%2Fv2%2Fcategories&post=11692"},{"taxonomy":"post_tag","embeddable":true,"href":"http:\/\/tvalaire.com\/index.php?rest_route=%2Fwp%2Fv2%2Ftags&post=11692"}],"curies":[{"name":"wp","href":"https:\/\/api.w.org\/{rel}","templated":true}]}}