{"id":11687,"date":"2023-10-17T15:43:02","date_gmt":"2023-10-17T21:43:02","guid":{"rendered":"http:\/\/tvalaire.com\/?p=11687"},"modified":"2023-11-01T15:43:58","modified_gmt":"2023-11-01T21:43:58","slug":"gobierno-municipal-impulsa-a-emprendedores-para-hacer-crecer-su-negocio","status":"publish","type":"post","link":"http:\/\/tvalaire.com\/?p=11687","title":{"rendered":"GOBIERNO MUNICIPAL IMPULSA A EMPRENDEDORES PARA HACER CRECER SU NEGOCIO"},"content":{"rendered":"\n<p><\/p>\n\n\n\n<ul class=\"wp-block-list\">\n<li><strong>Hay cr\u00e9ditos preferenciales para crear o fortalecer un comercio<\/strong><\/li>\n\n\n\n<li><strong>Los interesados pueden solicitar informaci\u00f3n en Promoci\u00f3n Econ\u00f3mica<\/strong><\/li>\n<\/ul>\n\n\n\n<p>A trav\u00e9s del Centro S\u00edEmprende, el Gobierno Municipal de La Piedad y la dependencia de Promoci\u00f3n Econ\u00f3mica, llevaron a cabo una asesor\u00eda financiera dirigida a empresario y emprendedores de la localidad.<\/p>\n\n\n\n<p>El plan de trabajo estuvo dirigido por personal de S\u00edFinancia, los cuales atendieron temas para pr\u00e9stamos a negocios con intereses preferenciales para las personas que manejan diferentes giros comerciales.<\/p>\n\n\n\n<p>La titular de Promoci\u00f3n Econ\u00f3mica, Brenda Orozco Torres, se\u00f1al\u00f3 que los m\u00e1s de 25 asistentes conocieron las herramientas necesarias para poder obtener un cr\u00e9dito que ayude al desarrollo del plan de peque\u00f1as, medianas y grandes empresas.<\/p>\n\n\n\n<p>Es de mencionar que los interesados pueden acudir a la dependencia municipal de 08:00 de la ma\u00f1ana a 3:00 de la tarde y solicitar la informaci\u00f3n para ser parte de los cr\u00e9ditos que van desde los 25 mil a los 5 millones de pesos.<\/p>\n\n\n\n<p>Orozco Torres, coment\u00f3 que con este tipo de acciones se refuerza el compromiso de la Administraci\u00f3n que encabeza el alcalde Samuel Hidalgo Gallardo, pues se\u00f1al\u00f3 que se trata de impulsar al Comercio Local Familiar y as\u00ed poder tener una econom\u00eda prospera en el municipio.&nbsp;<\/p>\n\n\n\n<figure class=\"wp-block-image size-large is-style-default\"><img loading=\"lazy\" decoding=\"async\" width=\"1024\" height=\"681\" src=\"http:\/\/tvalaire.com\/wp-content\/uploads\/2023\/11\/01-2-2-1024x681.jpeg\" alt=\"\" class=\"wp-image-11689\" srcset=\"http:\/\/tvalaire.com\/wp-content\/uploads\/2023\/11\/01-2-2-1024x681.jpeg 1024w, http:\/\/tvalaire.com\/wp-content\/uploads\/2023\/11\/01-2-2-300x200.jpeg 300w, http:\/\/tvalaire.com\/wp-content\/uploads\/2023\/11\/01-2-2-768x511.jpeg 768w, http:\/\/tvalaire.com\/wp-content\/uploads\/2023\/11\/01-2-2-1536x1021.jpeg 1536w, http:\/\/tvalaire.com\/wp-content\/uploads\/2023\/11\/01-2-2.jpeg 1600w\" sizes=\"(max-width: 1024px) 100vw, 1024px\" \/><\/figure>\n\n\n\n<figure class=\"wp-block-image size-large is-style-default\"><img loading=\"lazy\" decoding=\"async\" width=\"1024\" height=\"681\" src=\"http:\/\/tvalaire.com\/wp-content\/uploads\/2023\/11\/01-1-3-1024x681.jpeg\" alt=\"\" class=\"wp-image-11690\" srcset=\"http:\/\/tvalaire.com\/wp-content\/uploads\/2023\/11\/01-1-3-1024x681.jpeg 1024w, http:\/\/tvalaire.com\/wp-content\/uploads\/2023\/11\/01-1-3-300x200.jpeg 300w, http:\/\/tvalaire.com\/wp-content\/uploads\/2023\/11\/01-1-3-768x511.jpeg 768w, http:\/\/tvalaire.com\/wp-content\/uploads\/2023\/11\/01-1-3-1536x1021.jpeg 1536w, http:\/\/tvalaire.com\/wp-content\/uploads\/2023\/11\/01-1-3.jpeg 1600w\" sizes=\"(max-width: 1024px) 100vw, 1024px\" \/><\/figure>\n","protected":false},"excerpt":{"rendered":"<p>A trav\u00e9s del Centro S\u00edEmprende, el Gobierno Municipal de La Piedad y la dependencia de&#8230;<\/p>\n","protected":false},"author":1,"featured_media":11688,"comment_status":"open","ping_status":"open","sticky":false,"template":"","format":"standard","meta":{"jetpack_post_was_ever_published":false,"_jetpack_newsletter_access":"","_jetpack_dont_email_post_to_subs":false,"_jetpack_newsletter_tier_id":0,"_jetpack_memberships_contains_paywalled_content":false,"_jetpack_memberships_contains_paid_content":false,"footnotes":"","jetpack_publicize_message":"","jetpack_publicize_feature_enabled":true,"jetpack_social_post_already_shared":true,"jetpack_social_options":{"image_generator_settings":{"template":"highway","enabled":false},"version":2}},"categories":[1],"tags":[15,36],"class_list":["post-11687","post","type-post","status-publish","format-standard","has-post-thumbnail","hentry","category-la-piedad","tag-la-piedad","tag-principales"],"jetpack_publicize_connections":[],"jetpack_sharing_enabled":true,"featured_image_urls":{"full":["http:\/\/tvalaire.com\/wp-content\/uploads\/2023\/11\/01-3.jpeg",1600,1064,false],"thumbnail":["http:\/\/tvalaire.com\/wp-content\/uploads\/2023\/11\/01-3-150x150.jpeg",150,150,true],"medium":["http:\/\/tvalaire.com\/wp-content\/uploads\/2023\/11\/01-3-300x200.jpeg",300,200,true],"medium_large":["http:\/\/tvalaire.com\/wp-content\/uploads\/2023\/11\/01-3-768x511.jpeg",640,426,true],"large":["http:\/\/tvalaire.com\/wp-content\/uploads\/2023\/11\/01-3-1024x681.jpeg",640,426,true],"post-slider-thumb-size":["http:\/\/tvalaire.com\/wp-content\/uploads\/2023\/11\/01-3-330x190.jpeg",330,190,true],"post-category-slider-size":["http:\/\/tvalaire.com\/wp-content\/uploads\/2023\/11\/01-3.jpeg",330,219,false],"1536x1536":["http:\/\/tvalaire.com\/wp-content\/uploads\/2023\/11\/01-3-1536x1021.jpeg",1536,1021,true],"2048x2048":["http:\/\/tvalaire.com\/wp-content\/uploads\/2023\/11\/01-3.jpeg",1600,1064,false],"newsium-slider-full":["http:\/\/tvalaire.com\/wp-content\/uploads\/2023\/11\/01-3-1280x845.jpeg",1280,845,true],"newsium-featured":["http:\/\/tvalaire.com\/wp-content\/uploads\/2023\/11\/01-3-1024x681.jpeg",1024,681,true],"newsium-medium":["http:\/\/tvalaire.com\/wp-content\/uploads\/2023\/11\/01-3-720x475.jpeg",720,475,true]},"author_info":{"info":["tvalairenoti"]},"category_info":"<a href=\"http:\/\/tvalaire.com\/?cat=1\" rel=\"category\">La Piedad<\/a>","tag_info":"La Piedad","comment_count":"0","jetpack_featured_media_url":"http:\/\/tvalaire.com\/wp-content\/uploads\/2023\/11\/01-3.jpeg","_links":{"self":[{"href":"http:\/\/tvalaire.com\/index.php?rest_route=\/wp\/v2\/posts\/11687"}],"collection":[{"href":"http:\/\/tvalaire.com\/index.php?rest_route=\/wp\/v2\/posts"}],"about":[{"href":"http:\/\/tvalaire.com\/index.php?rest_route=\/wp\/v2\/types\/post"}],"author":[{"embeddable":true,"href":"http:\/\/tvalaire.com\/index.php?rest_route=\/wp\/v2\/users\/1"}],"replies":[{"embeddable":true,"href":"http:\/\/tvalaire.com\/index.php?rest_route=%2Fwp%2Fv2%2Fcomments&post=11687"}],"version-history":[{"count":1,"href":"http:\/\/tvalaire.com\/index.php?rest_route=\/wp\/v2\/posts\/11687\/revisions"}],"predecessor-version":[{"id":11691,"href":"http:\/\/tvalaire.com\/index.php?rest_route=\/wp\/v2\/posts\/11687\/revisions\/11691"}],"wp:featuredmedia":[{"embeddable":true,"href":"http:\/\/tvalaire.com\/index.php?rest_route=\/wp\/v2\/media\/11688"}],"wp:attachment":[{"href":"http:\/\/tvalaire.com\/index.php?rest_route=%2Fwp%2Fv2%2Fmedia&parent=11687"}],"wp:term":[{"taxonomy":"category","embeddable":true,"href":"http:\/\/tvalaire.com\/index.php?rest_route=%2Fwp%2Fv2%2Fcategories&post=11687"},{"taxonomy":"post_tag","embeddable":true,"href":"http:\/\/tvalaire.com\/index.php?rest_route=%2Fwp%2Fv2%2Ftags&post=11687"}],"curies":[{"name":"wp","href":"https:\/\/api.w.org\/{rel}","templated":true}]}}