{"id":11684,"date":"2023-10-25T15:41:38","date_gmt":"2023-10-25T21:41:38","guid":{"rendered":"http:\/\/tvalaire.com\/?p=11684"},"modified":"2023-11-01T15:42:39","modified_gmt":"2023-11-01T21:42:39","slug":"invita-gobierno-de-la-piedad-a-celebrar-el-dia-de-muertos","status":"publish","type":"post","link":"http:\/\/tvalaire.com\/?p=11684","title":{"rendered":"INVITA GOBIERNO DE LA PIEDAD A CELEBRAR EL D\u00cdA DE MUERTOS"},"content":{"rendered":"\n<p><\/p>\n\n\n\n<ul class=\"wp-block-list\">\n<li><strong>La Guelaguetza se presenta en el centro a las 6:00 de la tarde<\/strong><strong><\/strong><\/li>\n\n\n\n<li><strong>Desfile de catrinas y catrines el s\u00e1bado 29 en el Parque Morelos<\/strong><strong><\/strong><\/li>\n<\/ul>\n\n\n\n<p>El Gobierno Municipal de La Piedad, a trav\u00e9s de sus distintas Direcciones invitan cordialmente a la poblaci\u00f3n en general a disfrutar de la variedad de actividades que se han programado para las celebraciones del D\u00eda de Muertos dentro del Festival denominado \u201cAlmas Piedadenses\u201d.<\/p>\n\n\n\n<p>Para el s\u00e1bado 28 de este mes se iniciar\u00e1 con el desfile de catrinas y catrines el cual comenzar\u00e1 su recorrido en el Parque Morelos a partir de las 07:00 de la noche y con rumbo al Centro Hist\u00f3rico de la ciudad.<\/p>\n\n\n\n<p>En el Parque Morelos a trav\u00e9s del Cine-m\u00f3vil y para quienes gustan del s\u00e9ptimo arte en el g\u00e9nero del terror, se estar\u00e1 proyectando un cl\u00e1sico del cine. El Exorcista, a partir de las 08:00 de la noche.&nbsp;<\/p>\n\n\n\n<p>Cabe mencionar que, una de las muestras culturales m\u00e1s grandes y representativas del Estado de Oaxaca, estar\u00e1 presente en el jard\u00edn principal de la ciudad. El folclore y colorido de La Guelaguetza se presentar\u00e1 el pr\u00f3ximo domingo 29 a las 6:00 de tarde.<\/p>\n\n\n\n<p>Para el primero de noviembre en el Centro Hist\u00f3rico, se tendr\u00e1n actividades diversas entre las que destacan los ya tradicionales tapetes y altares dedicados a los fieles difuntos, m\u00fasica, cine, folclore, entre otras acciones que se podr\u00e1n disfrutar en compa\u00f1\u00eda de familiares y amigos.<\/p>\n\n\n\n<p>Es de comentar que la poblaci\u00f3n puede revisar el programa de actividades f\u00edsicamente en el portal de Presidencia, as\u00ed como de manera digital en la p\u00e1gina oficial de Facebook del Gobierno Municipal.<\/p>\n","protected":false},"excerpt":{"rendered":"<p>El Gobierno Municipal de La Piedad, a trav\u00e9s de sus distintas Direcciones invitan cordialmente a&#8230;<\/p>\n","protected":false},"author":1,"featured_media":11685,"comment_status":"open","ping_status":"open","sticky":false,"template":"","format":"standard","meta":{"jetpack_post_was_ever_published":false,"_jetpack_newsletter_access":"","_jetpack_dont_email_post_to_subs":false,"_jetpack_newsletter_tier_id":0,"_jetpack_memberships_contains_paywalled_content":false,"_jetpack_memberships_contains_paid_content":false,"footnotes":"","jetpack_publicize_message":"","jetpack_publicize_feature_enabled":true,"jetpack_social_post_already_shared":true,"jetpack_social_options":{"image_generator_settings":{"template":"highway","enabled":false},"version":2}},"categories":[1],"tags":[15,36],"class_list":["post-11684","post","type-post","status-publish","format-standard","has-post-thumbnail","hentry","category-la-piedad","tag-la-piedad","tag-principales"],"jetpack_publicize_connections":[],"jetpack_sharing_enabled":true,"featured_image_urls":{"full":["http:\/\/tvalaire.com\/wp-content\/uploads\/2023\/11\/01.jpg",512,640,false],"thumbnail":["http:\/\/tvalaire.com\/wp-content\/uploads\/2023\/11\/01-150x150.jpg",150,150,true],"medium":["http:\/\/tvalaire.com\/wp-content\/uploads\/2023\/11\/01-240x300.jpg",240,300,true],"medium_large":["http:\/\/tvalaire.com\/wp-content\/uploads\/2023\/11\/01.jpg",512,640,false],"large":["http:\/\/tvalaire.com\/wp-content\/uploads\/2023\/11\/01.jpg",512,640,false],"post-slider-thumb-size":["http:\/\/tvalaire.com\/wp-content\/uploads\/2023\/11\/01-330x190.jpg",330,190,true],"post-category-slider-size":["http:\/\/tvalaire.com\/wp-content\/uploads\/2023\/11\/01.jpg",280,350,false],"1536x1536":["http:\/\/tvalaire.com\/wp-content\/uploads\/2023\/11\/01.jpg",512,640,false],"2048x2048":["http:\/\/tvalaire.com\/wp-content\/uploads\/2023\/11\/01.jpg",512,640,false],"newsium-slider-full":["http:\/\/tvalaire.com\/wp-content\/uploads\/2023\/11\/01.jpg",512,640,false],"newsium-featured":["http:\/\/tvalaire.com\/wp-content\/uploads\/2023\/11\/01.jpg",512,640,false],"newsium-medium":["http:\/\/tvalaire.com\/wp-content\/uploads\/2023\/11\/01-512x475.jpg",512,475,true]},"author_info":{"info":["tvalairenoti"]},"category_info":"<a href=\"http:\/\/tvalaire.com\/?cat=1\" rel=\"category\">La Piedad<\/a>","tag_info":"La Piedad","comment_count":"0","jetpack_featured_media_url":"http:\/\/tvalaire.com\/wp-content\/uploads\/2023\/11\/01.jpg","_links":{"self":[{"href":"http:\/\/tvalaire.com\/index.php?rest_route=\/wp\/v2\/posts\/11684"}],"collection":[{"href":"http:\/\/tvalaire.com\/index.php?rest_route=\/wp\/v2\/posts"}],"about":[{"href":"http:\/\/tvalaire.com\/index.php?rest_route=\/wp\/v2\/types\/post"}],"author":[{"embeddable":true,"href":"http:\/\/tvalaire.com\/index.php?rest_route=\/wp\/v2\/users\/1"}],"replies":[{"embeddable":true,"href":"http:\/\/tvalaire.com\/index.php?rest_route=%2Fwp%2Fv2%2Fcomments&post=11684"}],"version-history":[{"count":1,"href":"http:\/\/tvalaire.com\/index.php?rest_route=\/wp\/v2\/posts\/11684\/revisions"}],"predecessor-version":[{"id":11686,"href":"http:\/\/tvalaire.com\/index.php?rest_route=\/wp\/v2\/posts\/11684\/revisions\/11686"}],"wp:featuredmedia":[{"embeddable":true,"href":"http:\/\/tvalaire.com\/index.php?rest_route=\/wp\/v2\/media\/11685"}],"wp:attachment":[{"href":"http:\/\/tvalaire.com\/index.php?rest_route=%2Fwp%2Fv2%2Fmedia&parent=11684"}],"wp:term":[{"taxonomy":"category","embeddable":true,"href":"http:\/\/tvalaire.com\/index.php?rest_route=%2Fwp%2Fv2%2Fcategories&post=11684"},{"taxonomy":"post_tag","embeddable":true,"href":"http:\/\/tvalaire.com\/index.php?rest_route=%2Fwp%2Fv2%2Ftags&post=11684"}],"curies":[{"name":"wp","href":"https:\/\/api.w.org\/{rel}","templated":true}]}}