{"id":11678,"date":"2023-10-26T15:39:38","date_gmt":"2023-10-26T21:39:38","guid":{"rendered":"http:\/\/tvalaire.com\/?p=11678"},"modified":"2023-11-01T15:40:33","modified_gmt":"2023-11-01T21:40:33","slug":"lista-la-convocatoria-para-el-deportista-del-ano","status":"publish","type":"post","link":"http:\/\/tvalaire.com\/?p=11678","title":{"rendered":"LISTA LA CONVOCATORIA PARA EL DEPORTISTA DEL A\u00d1O"},"content":{"rendered":"\n<p><\/p>\n\n\n\n<ul class=\"wp-block-list\">\n<li><strong>Tambi\u00e9n se reconoce a los atletas del deporte adaptado<\/strong><\/li>\n\n\n\n<li><strong>Fecha l\u00edmite para entregar documentaci\u00f3n hasta el 10 de noviembre<\/strong><\/li>\n<\/ul>\n\n\n\n<p>El Gobierno Municipal de La Piedad, a trav\u00e9s de la Direcci\u00f3n de Deportes y Recreaci\u00f3n, invitan a deportistas, atletas y preparadores f\u00edsicos en general a ser part\u00edcipes de la convocatoria para obtener el reconocimiento en el \u00e1rea del deporte y sus diferentes disciplinas.<\/p>\n\n\n\n<p>De acuerdo a lo dado a conocer por la dependencia de Gobierno antes mencionada, los interesados que deseen participar este a\u00f1o, tienen como fecha l\u00edmite para entregar toda la documentaci\u00f3n requerida hasta el viernes 10 de noviembre en la oficina que se ubica en la calle Estadio S\/N en la Unidad Deportiva \u201cHumberto Romero P\u00e9rez\u201d, conocida tambi\u00e9n como Unidad de Abajo, en un horario de 09:00 de la ma\u00f1ana a 03:00 de la tarde de lunes a viernes.<\/p>\n\n\n\n<p>A partir de la publicaci\u00f3n de este documento, los interesados ya pueden revisar la convocatoria en el siguiente enlace <a href=\"https:\/\/acortar.link\/8T597q?fbclid=IwAR27DB-_-NT10pdj-aLlbUWzNv14O2HhojzkNJpT3-tu9jfAhFBX5GOjE9U\" target=\"_blank\" rel=\"noreferrer noopener\">https:\/\/acortar.link\/8T597q<\/a> y conocer las bases y requisitos necesarios para ser considerado.<\/p>\n\n\n\n<p>Cabe se\u00f1alar que el Gobierno Municipal impulsa este tipo de reconocimientos para seguir alentando al Deportista del A\u00f1o, M\u00e9rito Deportivo, Promesa Deportiva y Deporte Adaptado.<\/p>\n","protected":false},"excerpt":{"rendered":"<p>El Gobierno Municipal de La Piedad, a trav\u00e9s de la Direcci\u00f3n de Deportes y Recreaci\u00f3n,&#8230;<\/p>\n","protected":false},"author":1,"featured_media":11679,"comment_status":"open","ping_status":"open","sticky":false,"template":"","format":"standard","meta":{"jetpack_post_was_ever_published":false,"_jetpack_newsletter_access":"","_jetpack_dont_email_post_to_subs":false,"_jetpack_newsletter_tier_id":0,"_jetpack_memberships_contains_paywalled_content":false,"_jetpack_memberships_contains_paid_content":false,"footnotes":"","jetpack_publicize_message":"","jetpack_publicize_feature_enabled":true,"jetpack_social_post_already_shared":true,"jetpack_social_options":{"image_generator_settings":{"template":"highway","enabled":false},"version":2}},"categories":[1],"tags":[15,36],"class_list":["post-11678","post","type-post","status-publish","format-standard","has-post-thumbnail","hentry","category-la-piedad","tag-la-piedad","tag-principales"],"jetpack_publicize_connections":[],"jetpack_sharing_enabled":true,"featured_image_urls":{"full":["http:\/\/tvalaire.com\/wp-content\/uploads\/2023\/11\/01.jpeg",1600,599,false],"thumbnail":["http:\/\/tvalaire.com\/wp-content\/uploads\/2023\/11\/01-150x150.jpeg",150,150,true],"medium":["http:\/\/tvalaire.com\/wp-content\/uploads\/2023\/11\/01-300x112.jpeg",300,112,true],"medium_large":["http:\/\/tvalaire.com\/wp-content\/uploads\/2023\/11\/01-768x288.jpeg",640,240,true],"large":["http:\/\/tvalaire.com\/wp-content\/uploads\/2023\/11\/01-1024x383.jpeg",640,239,true],"post-slider-thumb-size":["http:\/\/tvalaire.com\/wp-content\/uploads\/2023\/11\/01-330x190.jpeg",330,190,true],"post-category-slider-size":["http:\/\/tvalaire.com\/wp-content\/uploads\/2023\/11\/01.jpeg",330,124,false],"1536x1536":["http:\/\/tvalaire.com\/wp-content\/uploads\/2023\/11\/01-1536x575.jpeg",1536,575,true],"2048x2048":["http:\/\/tvalaire.com\/wp-content\/uploads\/2023\/11\/01.jpeg",1600,599,false],"newsium-slider-full":["http:\/\/tvalaire.com\/wp-content\/uploads\/2023\/11\/01-1280x599.jpeg",1280,599,true],"newsium-featured":["http:\/\/tvalaire.com\/wp-content\/uploads\/2023\/11\/01-1024x383.jpeg",1024,383,true],"newsium-medium":["http:\/\/tvalaire.com\/wp-content\/uploads\/2023\/11\/01-720x475.jpeg",720,475,true]},"author_info":{"info":["tvalairenoti"]},"category_info":"<a href=\"http:\/\/tvalaire.com\/?cat=1\" rel=\"category\">La Piedad<\/a>","tag_info":"La Piedad","comment_count":"0","jetpack_featured_media_url":"http:\/\/tvalaire.com\/wp-content\/uploads\/2023\/11\/01.jpeg","_links":{"self":[{"href":"http:\/\/tvalaire.com\/index.php?rest_route=\/wp\/v2\/posts\/11678"}],"collection":[{"href":"http:\/\/tvalaire.com\/index.php?rest_route=\/wp\/v2\/posts"}],"about":[{"href":"http:\/\/tvalaire.com\/index.php?rest_route=\/wp\/v2\/types\/post"}],"author":[{"embeddable":true,"href":"http:\/\/tvalaire.com\/index.php?rest_route=\/wp\/v2\/users\/1"}],"replies":[{"embeddable":true,"href":"http:\/\/tvalaire.com\/index.php?rest_route=%2Fwp%2Fv2%2Fcomments&post=11678"}],"version-history":[{"count":1,"href":"http:\/\/tvalaire.com\/index.php?rest_route=\/wp\/v2\/posts\/11678\/revisions"}],"predecessor-version":[{"id":11680,"href":"http:\/\/tvalaire.com\/index.php?rest_route=\/wp\/v2\/posts\/11678\/revisions\/11680"}],"wp:featuredmedia":[{"embeddable":true,"href":"http:\/\/tvalaire.com\/index.php?rest_route=\/wp\/v2\/media\/11679"}],"wp:attachment":[{"href":"http:\/\/tvalaire.com\/index.php?rest_route=%2Fwp%2Fv2%2Fmedia&parent=11678"}],"wp:term":[{"taxonomy":"category","embeddable":true,"href":"http:\/\/tvalaire.com\/index.php?rest_route=%2Fwp%2Fv2%2Fcategories&post=11678"},{"taxonomy":"post_tag","embeddable":true,"href":"http:\/\/tvalaire.com\/index.php?rest_route=%2Fwp%2Fv2%2Ftags&post=11678"}],"curies":[{"name":"wp","href":"https:\/\/api.w.org\/{rel}","templated":true}]}}