{"id":11664,"date":"2023-10-30T15:33:43","date_gmt":"2023-10-30T21:33:43","guid":{"rendered":"http:\/\/tvalaire.com\/?p=11664"},"modified":"2023-11-01T15:35:25","modified_gmt":"2023-11-01T21:35:25","slug":"actividades-del-festival-almas-piedadenses-del-agrado-de-la-poblacion","status":"publish","type":"post","link":"http:\/\/tvalaire.com\/?p=11664","title":{"rendered":"ACTIVIDADES DEL FESTIVAL ALMAS PIEDADENSES DEL AGRADO DE LA POBLACI\u00d3N"},"content":{"rendered":"\n<p><\/p>\n\n\n\n<ul class=\"wp-block-list\">\n<li><strong>Se presenta La Guelaguetza en el Centro Hist\u00f3rico de la ciudad<\/strong><\/li>\n\n\n\n<li><strong>Invitan a la poblaci\u00f3n a seguir disfrutando de las actividades<\/strong><\/li>\n<\/ul>\n\n\n\n<p>El pasado fin de semana se dio inicio de manera oficial con las actividades programadas en el Festival \u201cAlmas Piedadenses\u201d, que el Gobierno Municipal de La Piedad, a trav\u00e9s de sus distintas dependencias ha organizado para festejar el D\u00eda de Muertos.<\/p>\n\n\n\n<p>Con m\u00e1s de 35 contingentes participantes y un aproximado de 5 mil personas entre participantes y asistentes, se realiz\u00f3 el ya tradicional desfile de Catrinas y Catrines por algunas calles de la ciudad.<\/p>\n\n\n\n<p>Con variedad de personajes, caracterizaciones y disfraces, los participantes hicieron el recorrido por las calles y as\u00ed poder llegar hasta el Centro Hist\u00f3rico de la ciudad y terminar all\u00ed el desfile.<\/p>\n\n\n\n<p>El domingo por la tarde en una presentaci\u00f3n estelar, las actividades culturales y art\u00edsticas se desarrollaron con la muestra folcl\u00f3rica de color y tradici\u00f3n del Estado de Oaxaca con la fiesta de La Guelaguetza.<\/p>\n\n\n\n<p>Con m\u00fasica en vivo, fueron varias estampas las que se presentaron para el disfrute de m\u00e1s de 2 mil asistentes que se dieron cita para ver y admirar la cultura, tradici\u00f3n y color de un evento de talla internacional.&nbsp;&nbsp;<\/p>\n\n\n\n<p>Es de mencionar que en ambos eventos se pudo ver el entusiasmo de los ciudadanos, en un ambiente completamente familiar y en el que el civismo estuvo de manifiesto en todo momento.<\/p>\n\n\n\n<p>De igual manera, las autoridades municipales siguen haciendo la invitaci\u00f3n a la poblaci\u00f3n en general, para que en estos d\u00edas visitando el Jard\u00edn Principal y disfruten de las actividades que ah\u00ed se estar\u00e1n desarrollando.<\/p>\n\n\n\n<figure class=\"wp-block-image size-large is-style-default\"><img loading=\"lazy\" decoding=\"async\" width=\"1024\" height=\"682\" src=\"http:\/\/tvalaire.com\/wp-content\/uploads\/2023\/11\/01-1-1024x682.jpg\" alt=\"\" class=\"wp-image-11666\" srcset=\"http:\/\/tvalaire.com\/wp-content\/uploads\/2023\/11\/01-1-1024x682.jpg 1024w, http:\/\/tvalaire.com\/wp-content\/uploads\/2023\/11\/01-1-300x200.jpg 300w, http:\/\/tvalaire.com\/wp-content\/uploads\/2023\/11\/01-1-768x511.jpg 768w, http:\/\/tvalaire.com\/wp-content\/uploads\/2023\/11\/01-1-1536x1022.jpg 1536w, http:\/\/tvalaire.com\/wp-content\/uploads\/2023\/11\/01-1.jpg 2048w\" sizes=\"(max-width: 1024px) 100vw, 1024px\" \/><\/figure>\n\n\n\n<figure class=\"wp-block-image size-large is-style-default\"><img loading=\"lazy\" decoding=\"async\" width=\"1024\" height=\"682\" src=\"http:\/\/tvalaire.com\/wp-content\/uploads\/2023\/11\/01-7-1024x682.jpg\" alt=\"\" class=\"wp-image-11667\" srcset=\"http:\/\/tvalaire.com\/wp-content\/uploads\/2023\/11\/01-7-1024x682.jpg 1024w, http:\/\/tvalaire.com\/wp-content\/uploads\/2023\/11\/01-7-300x200.jpg 300w, http:\/\/tvalaire.com\/wp-content\/uploads\/2023\/11\/01-7-768x511.jpg 768w, http:\/\/tvalaire.com\/wp-content\/uploads\/2023\/11\/01-7-1536x1022.jpg 1536w, http:\/\/tvalaire.com\/wp-content\/uploads\/2023\/11\/01-7.jpg 2048w\" sizes=\"(max-width: 1024px) 100vw, 1024px\" \/><\/figure>\n","protected":false},"excerpt":{"rendered":"<p>El pasado fin de semana se dio inicio de manera oficial con las actividades programadas&#8230;<\/p>\n","protected":false},"author":1,"featured_media":11665,"comment_status":"open","ping_status":"open","sticky":false,"template":"","format":"standard","meta":{"jetpack_post_was_ever_published":false,"_jetpack_newsletter_access":"","_jetpack_dont_email_post_to_subs":false,"_jetpack_newsletter_tier_id":0,"_jetpack_memberships_contains_paywalled_content":false,"_jetpack_memberships_contains_paid_content":false,"footnotes":"","jetpack_publicize_message":"","jetpack_publicize_feature_enabled":true,"jetpack_social_post_already_shared":true,"jetpack_social_options":{"image_generator_settings":{"template":"highway","enabled":false},"version":2}},"categories":[31],"tags":[15,36],"class_list":["post-11664","post","type-post","status-publish","format-standard","has-post-thumbnail","hentry","category-estado","tag-la-piedad","tag-principales"],"jetpack_publicize_connections":[],"jetpack_sharing_enabled":true,"featured_image_urls":{"full":["http:\/\/tvalaire.com\/wp-content\/uploads\/2023\/11\/01-5.jpg",2048,1363,false],"thumbnail":["http:\/\/tvalaire.com\/wp-content\/uploads\/2023\/11\/01-5-150x150.jpg",150,150,true],"medium":["http:\/\/tvalaire.com\/wp-content\/uploads\/2023\/11\/01-5-300x200.jpg",300,200,true],"medium_large":["http:\/\/tvalaire.com\/wp-content\/uploads\/2023\/11\/01-5-768x511.jpg",640,426,true],"large":["http:\/\/tvalaire.com\/wp-content\/uploads\/2023\/11\/01-5-1024x682.jpg",640,426,true],"post-slider-thumb-size":["http:\/\/tvalaire.com\/wp-content\/uploads\/2023\/11\/01-5-330x190.jpg",330,190,true],"post-category-slider-size":["http:\/\/tvalaire.com\/wp-content\/uploads\/2023\/11\/01-5.jpg",330,220,false],"1536x1536":["http:\/\/tvalaire.com\/wp-content\/uploads\/2023\/11\/01-5-1536x1022.jpg",1536,1022,true],"2048x2048":["http:\/\/tvalaire.com\/wp-content\/uploads\/2023\/11\/01-5.jpg",2048,1363,false],"newsium-slider-full":["http:\/\/tvalaire.com\/wp-content\/uploads\/2023\/11\/01-5-1280x845.jpg",1280,845,true],"newsium-featured":["http:\/\/tvalaire.com\/wp-content\/uploads\/2023\/11\/01-5-1024x682.jpg",1024,682,true],"newsium-medium":["http:\/\/tvalaire.com\/wp-content\/uploads\/2023\/11\/01-5-720x475.jpg",720,475,true]},"author_info":{"info":["tvalairenoti"]},"category_info":"<a href=\"http:\/\/tvalaire.com\/?cat=31\" rel=\"category\">Estado<\/a>","tag_info":"Estado","comment_count":"0","jetpack_featured_media_url":"http:\/\/tvalaire.com\/wp-content\/uploads\/2023\/11\/01-5.jpg","_links":{"self":[{"href":"http:\/\/tvalaire.com\/index.php?rest_route=\/wp\/v2\/posts\/11664"}],"collection":[{"href":"http:\/\/tvalaire.com\/index.php?rest_route=\/wp\/v2\/posts"}],"about":[{"href":"http:\/\/tvalaire.com\/index.php?rest_route=\/wp\/v2\/types\/post"}],"author":[{"embeddable":true,"href":"http:\/\/tvalaire.com\/index.php?rest_route=\/wp\/v2\/users\/1"}],"replies":[{"embeddable":true,"href":"http:\/\/tvalaire.com\/index.php?rest_route=%2Fwp%2Fv2%2Fcomments&post=11664"}],"version-history":[{"count":1,"href":"http:\/\/tvalaire.com\/index.php?rest_route=\/wp\/v2\/posts\/11664\/revisions"}],"predecessor-version":[{"id":11668,"href":"http:\/\/tvalaire.com\/index.php?rest_route=\/wp\/v2\/posts\/11664\/revisions\/11668"}],"wp:featuredmedia":[{"embeddable":true,"href":"http:\/\/tvalaire.com\/index.php?rest_route=\/wp\/v2\/media\/11665"}],"wp:attachment":[{"href":"http:\/\/tvalaire.com\/index.php?rest_route=%2Fwp%2Fv2%2Fmedia&parent=11664"}],"wp:term":[{"taxonomy":"category","embeddable":true,"href":"http:\/\/tvalaire.com\/index.php?rest_route=%2Fwp%2Fv2%2Fcategories&post=11664"},{"taxonomy":"post_tag","embeddable":true,"href":"http:\/\/tvalaire.com\/index.php?rest_route=%2Fwp%2Fv2%2Ftags&post=11664"}],"curies":[{"name":"wp","href":"https:\/\/api.w.org\/{rel}","templated":true}]}}