{"id":11655,"date":"2023-09-01T13:04:12","date_gmt":"2023-09-01T19:04:12","guid":{"rendered":"http:\/\/tvalaire.com\/?p=11655"},"modified":"2023-10-11T13:04:55","modified_gmt":"2023-10-11T19:04:55","slug":"mejoran-calidad-de-vida-de-piedadenses-con-entrega-de-aparatos-de-movilidad","status":"publish","type":"post","link":"http:\/\/tvalaire.com\/?p=11655","title":{"rendered":"MEJORAN CALIDAD DE VIDA DE PIEDADENSES CON ENTREGA DE APARATOS DE MOVILIDAD"},"content":{"rendered":"\n<p><\/p>\n\n\n\n<ul class=\"wp-block-list\">\n<li><strong>Se tiene la colaboraci\u00f3n de Fundaci\u00f3n OXXO<\/strong><\/li>\n\n\n\n<li><strong>Reconoce Samuel Hidalgo, apoyo del Sector Privado en estas acciones<\/strong><\/li>\n<\/ul>\n\n\n\n<p>El Gobierno Municipal de La Piedad, a trav\u00e9s del Sistema para el Desarrollo Integral de la Familia (DIF) y en colaboraci\u00f3n con la Fundaci\u00f3n OXXO zona regi\u00f3n Guanajuato, hizo entrega de aparatos de movilidad y auditivos en el portal de la Presidencia. &nbsp;<\/p>\n\n\n\n<p>En su intervenci\u00f3n, el alcalde Samuel Hidalgo Gallardo, se dijo Agradeci\u00f3 con la colaboraci\u00f3n de Fundaci\u00f3n OXXO, la cual por primera ocasi\u00f3n se suman a los trabajos de la Administraci\u00f3n para poder llevar a cabo acciones que favorezcan a los piedadenses que as\u00ed lo requieren.<\/p>\n\n\n\n<p>Dijo tambi\u00e9n que, seguir\u00e1 trabajando en la gesti\u00f3n de recursos ante la iniciativa privada del municipio, a quienes agradeci\u00f3 la suma de esfuerzos para poder contribuir con la calidad de vida de los ciudadanos del municipio.<\/p>\n\n\n\n<p>Agreg\u00f3 un reconocimiento a las Fundaciones, Organizaciones y el Sector Privado que siempre se han mostrado emp\u00e1ticos con las necesidades de la poblaci\u00f3n m\u00e1s vulnerable del municipio y que a trav\u00e9s de los diferentes programas de asistencia social que el Gobierno promueve se ven favorecidos en su calidad de vida.<\/p>\n\n\n\n<p>Jos\u00e9 Luis Vel\u00e1zquez, responsable de Recursos Humanos de Fundaci\u00f3n OXXO, coment\u00f3 que con este tipo de acciones se logra estar cerca de la ciudadan\u00eda, cumpliendo de esta manera su raz\u00f3n de ser.<\/p>\n\n\n\n<p>Es de mencionar que la Fundaci\u00f3n en esta ocasi\u00f3n contribuy\u00f3 con la donaci\u00f3n de 50 sillas de ruedas y tres m\u00e1s de tipo PSI, as\u00ed como 10 aparatos auditivos.<\/p>\n\n\n\n<figure class=\"wp-block-image size-large is-style-default\"><img loading=\"lazy\" decoding=\"async\" width=\"1024\" height=\"682\" src=\"http:\/\/tvalaire.com\/wp-content\/uploads\/2023\/10\/01-4-5-1024x682.jpeg\" alt=\"\" class=\"wp-image-11657\" srcset=\"http:\/\/tvalaire.com\/wp-content\/uploads\/2023\/10\/01-4-5-1024x682.jpeg 1024w, http:\/\/tvalaire.com\/wp-content\/uploads\/2023\/10\/01-4-5-300x200.jpeg 300w, http:\/\/tvalaire.com\/wp-content\/uploads\/2023\/10\/01-4-5-768x512.jpeg 768w, http:\/\/tvalaire.com\/wp-content\/uploads\/2023\/10\/01-4-5.jpeg 1280w\" sizes=\"(max-width: 1024px) 100vw, 1024px\" \/><\/figure>\n\n\n\n<figure class=\"wp-block-image size-large is-style-default\"><img loading=\"lazy\" decoding=\"async\" width=\"1024\" height=\"682\" src=\"http:\/\/tvalaire.com\/wp-content\/uploads\/2023\/10\/01-2-8-1024x682.jpeg\" alt=\"\" class=\"wp-image-11658\" srcset=\"http:\/\/tvalaire.com\/wp-content\/uploads\/2023\/10\/01-2-8-1024x682.jpeg 1024w, http:\/\/tvalaire.com\/wp-content\/uploads\/2023\/10\/01-2-8-300x200.jpeg 300w, http:\/\/tvalaire.com\/wp-content\/uploads\/2023\/10\/01-2-8-768x512.jpeg 768w, http:\/\/tvalaire.com\/wp-content\/uploads\/2023\/10\/01-2-8.jpeg 1280w\" sizes=\"(max-width: 1024px) 100vw, 1024px\" \/><\/figure>\n","protected":false},"excerpt":{"rendered":"<p>El Gobierno Municipal de La Piedad, a trav\u00e9s del Sistema para el Desarrollo Integral de&#8230;<\/p>\n","protected":false},"author":1,"featured_media":11656,"comment_status":"open","ping_status":"open","sticky":false,"template":"","format":"standard","meta":{"jetpack_post_was_ever_published":false,"_jetpack_newsletter_access":"","_jetpack_dont_email_post_to_subs":false,"_jetpack_newsletter_tier_id":0,"_jetpack_memberships_contains_paywalled_content":false,"_jetpack_memberships_contains_paid_content":false,"footnotes":"","jetpack_publicize_message":"","jetpack_publicize_feature_enabled":true,"jetpack_social_post_already_shared":true,"jetpack_social_options":{"image_generator_settings":{"template":"highway","enabled":false},"version":2}},"categories":[1],"tags":[15,36],"class_list":["post-11655","post","type-post","status-publish","format-standard","has-post-thumbnail","hentry","category-la-piedad","tag-la-piedad","tag-principales"],"jetpack_publicize_connections":[],"jetpack_sharing_enabled":true,"featured_image_urls":{"full":["http:\/\/tvalaire.com\/wp-content\/uploads\/2023\/10\/01-5-2.jpeg",1280,853,false],"thumbnail":["http:\/\/tvalaire.com\/wp-content\/uploads\/2023\/10\/01-5-2-150x150.jpeg",150,150,true],"medium":["http:\/\/tvalaire.com\/wp-content\/uploads\/2023\/10\/01-5-2-300x200.jpeg",300,200,true],"medium_large":["http:\/\/tvalaire.com\/wp-content\/uploads\/2023\/10\/01-5-2-768x512.jpeg",640,427,true],"large":["http:\/\/tvalaire.com\/wp-content\/uploads\/2023\/10\/01-5-2-1024x682.jpeg",640,426,true],"post-slider-thumb-size":["http:\/\/tvalaire.com\/wp-content\/uploads\/2023\/10\/01-5-2-330x190.jpeg",330,190,true],"post-category-slider-size":["http:\/\/tvalaire.com\/wp-content\/uploads\/2023\/10\/01-5-2.jpeg",330,220,false],"1536x1536":["http:\/\/tvalaire.com\/wp-content\/uploads\/2023\/10\/01-5-2.jpeg",1280,853,false],"2048x2048":["http:\/\/tvalaire.com\/wp-content\/uploads\/2023\/10\/01-5-2.jpeg",1280,853,false],"newsium-slider-full":["http:\/\/tvalaire.com\/wp-content\/uploads\/2023\/10\/01-5-2-1280x845.jpeg",1280,845,true],"newsium-featured":["http:\/\/tvalaire.com\/wp-content\/uploads\/2023\/10\/01-5-2-1024x682.jpeg",1024,682,true],"newsium-medium":["http:\/\/tvalaire.com\/wp-content\/uploads\/2023\/10\/01-5-2-720x475.jpeg",720,475,true]},"author_info":{"info":["tvalairenoti"]},"category_info":"<a href=\"http:\/\/tvalaire.com\/?cat=1\" rel=\"category\">La Piedad<\/a>","tag_info":"La Piedad","comment_count":"0","jetpack_featured_media_url":"http:\/\/tvalaire.com\/wp-content\/uploads\/2023\/10\/01-5-2.jpeg","_links":{"self":[{"href":"http:\/\/tvalaire.com\/index.php?rest_route=\/wp\/v2\/posts\/11655"}],"collection":[{"href":"http:\/\/tvalaire.com\/index.php?rest_route=\/wp\/v2\/posts"}],"about":[{"href":"http:\/\/tvalaire.com\/index.php?rest_route=\/wp\/v2\/types\/post"}],"author":[{"embeddable":true,"href":"http:\/\/tvalaire.com\/index.php?rest_route=\/wp\/v2\/users\/1"}],"replies":[{"embeddable":true,"href":"http:\/\/tvalaire.com\/index.php?rest_route=%2Fwp%2Fv2%2Fcomments&post=11655"}],"version-history":[{"count":1,"href":"http:\/\/tvalaire.com\/index.php?rest_route=\/wp\/v2\/posts\/11655\/revisions"}],"predecessor-version":[{"id":11659,"href":"http:\/\/tvalaire.com\/index.php?rest_route=\/wp\/v2\/posts\/11655\/revisions\/11659"}],"wp:featuredmedia":[{"embeddable":true,"href":"http:\/\/tvalaire.com\/index.php?rest_route=\/wp\/v2\/media\/11656"}],"wp:attachment":[{"href":"http:\/\/tvalaire.com\/index.php?rest_route=%2Fwp%2Fv2%2Fmedia&parent=11655"}],"wp:term":[{"taxonomy":"category","embeddable":true,"href":"http:\/\/tvalaire.com\/index.php?rest_route=%2Fwp%2Fv2%2Fcategories&post=11655"},{"taxonomy":"post_tag","embeddable":true,"href":"http:\/\/tvalaire.com\/index.php?rest_route=%2Fwp%2Fv2%2Ftags&post=11655"}],"curies":[{"name":"wp","href":"https:\/\/api.w.org\/{rel}","templated":true}]}}