{"id":11636,"date":"2023-09-07T12:59:15","date_gmt":"2023-09-07T18:59:15","guid":{"rendered":"http:\/\/tvalaire.com\/?p=11636"},"modified":"2023-10-11T13:00:51","modified_gmt":"2023-10-11T19:00:51","slug":"eventos-en-el-marco-a-las-fiestas-patrias-se-viven-en-la-piedad","status":"publish","type":"post","link":"http:\/\/tvalaire.com\/?p=11636","title":{"rendered":"EVENTOS EN EL MARCO A LAS FIESTAS PATRIAS SE VIVEN EN LA PIEDAD"},"content":{"rendered":"\n<p><\/p>\n\n\n\n<ul class=\"wp-block-list\">\n<li><strong>Gobierno de La Piedad invita a la ciudadan\u00eda a acudir a las actividades en el marco a las Fiestas Patrias<\/strong><\/li>\n\n\n\n<li><strong>Coronaci\u00f3n de la Reina del Adulto Mayor, Cine M\u00f3vil, Fitness Exhibici\u00f3n y la tradicional Cabalgata<\/strong><\/li>\n<\/ul>\n\n\n\n<p>Las tradicionales fiestas septembrinas se viven con \u00e1nimo en La Piedad, esto a trav\u00e9s de las m\u00e1s de 65 actividades c\u00edvicas, deportivas, culturales y sociales, a las cuales el Gobierno Municipal invita a participar, ya que son para todas las familias piedadenses.<\/p>\n\n\n\n<p>Dentro de las actividades que est\u00e1n pr\u00f3ximas a realizarse este 7 de septiembre son la coronaci\u00f3n de la Reina del Adulto Mayor de La Piedad 2023, evento que se llevar\u00e1 a cabo en punto de las 7:00 pm en el Centro Hist\u00f3rico, a su vez, tambi\u00e9n se tiene programado el \u201cCine M\u00f3vil\u201d, donde se presentar\u00e1 una funci\u00f3n de cine en el mirador de la colonia Vasco de Quiroga a las 7:00 pm.<\/p>\n\n\n\n<p>Por su parte, este s\u00e1bado 9 de septiembre se presentar\u00e1 una Exhibici\u00f3n de Fitness a las 11:00 de la ma\u00f1ana en la Plaza Principal, esto con el objetivo de promover el deporte en ni\u00f1os y j\u00f3venes, as\u00ed mismo el domingo 10 del presente mes la tradicional cabalgata se llevar\u00e1 a cabo a las 9 de la ma\u00f1ana, partiendo desde el Parque Morelos hasta el Cerro Grande.<\/p>\n\n\n\n<p>De igual manera el domingo 10 de septiembre se rendir\u00e1 un homenaje al comediante piedadense \u201cPaco El Marino\u201d, en el kiosco del Centro Hist\u00f3rico a las 11:00 de la ma\u00f1ana, donde las risas y la diversi\u00f3n se har\u00e1n presentes.&nbsp;<\/p>\n\n\n\n<p>Samuel Hidalgo, presidente de La Piedad, coment\u00f3 la importancia de que todos los piedadenses participen, ya que esto permite que las tradiciones prevalezcan en nuestro municipio, adem\u00e1s expres\u00f3 que es primordial que se vivan desde el respeto y con la responsabilidad que cada evento conlleva, para que todos puedan pasar un rato agradable.<\/p>\n\n\n\n<figure class=\"wp-block-image size-large is-style-default\"><img loading=\"lazy\" decoding=\"async\" width=\"1024\" height=\"1024\" src=\"http:\/\/tvalaire.com\/wp-content\/uploads\/2023\/10\/01-2-6-1024x1024.jpeg\" alt=\"\" class=\"wp-image-11638\" srcset=\"http:\/\/tvalaire.com\/wp-content\/uploads\/2023\/10\/01-2-6-1024x1024.jpeg 1024w, http:\/\/tvalaire.com\/wp-content\/uploads\/2023\/10\/01-2-6-300x300.jpeg 300w, http:\/\/tvalaire.com\/wp-content\/uploads\/2023\/10\/01-2-6-150x150.jpeg 150w, http:\/\/tvalaire.com\/wp-content\/uploads\/2023\/10\/01-2-6-768x768.jpeg 768w, http:\/\/tvalaire.com\/wp-content\/uploads\/2023\/10\/01-2-6.jpeg 1280w\" sizes=\"(max-width: 1024px) 100vw, 1024px\" \/><\/figure>\n\n\n\n<figure class=\"wp-block-image size-large is-style-default\"><img loading=\"lazy\" decoding=\"async\" width=\"1024\" height=\"1024\" src=\"http:\/\/tvalaire.com\/wp-content\/uploads\/2023\/10\/01-3-5-1024x1024.jpeg\" alt=\"\" class=\"wp-image-11639\" srcset=\"http:\/\/tvalaire.com\/wp-content\/uploads\/2023\/10\/01-3-5-1024x1024.jpeg 1024w, http:\/\/tvalaire.com\/wp-content\/uploads\/2023\/10\/01-3-5-300x300.jpeg 300w, http:\/\/tvalaire.com\/wp-content\/uploads\/2023\/10\/01-3-5-150x150.jpeg 150w, http:\/\/tvalaire.com\/wp-content\/uploads\/2023\/10\/01-3-5-768x768.jpeg 768w, http:\/\/tvalaire.com\/wp-content\/uploads\/2023\/10\/01-3-5-1536x1536.jpeg 1536w, http:\/\/tvalaire.com\/wp-content\/uploads\/2023\/10\/01-3-5.jpeg 1600w\" sizes=\"(max-width: 1024px) 100vw, 1024px\" \/><\/figure>\n\n\n\n<figure class=\"wp-block-image size-large is-style-default\"><img loading=\"lazy\" decoding=\"async\" width=\"1024\" height=\"1024\" src=\"http:\/\/tvalaire.com\/wp-content\/uploads\/2023\/10\/01-3-5-1-1024x1024.jpeg\" alt=\"\" class=\"wp-image-11640\" srcset=\"http:\/\/tvalaire.com\/wp-content\/uploads\/2023\/10\/01-3-5-1-1024x1024.jpeg 1024w, http:\/\/tvalaire.com\/wp-content\/uploads\/2023\/10\/01-3-5-1-300x300.jpeg 300w, http:\/\/tvalaire.com\/wp-content\/uploads\/2023\/10\/01-3-5-1-150x150.jpeg 150w, http:\/\/tvalaire.com\/wp-content\/uploads\/2023\/10\/01-3-5-1-768x768.jpeg 768w, http:\/\/tvalaire.com\/wp-content\/uploads\/2023\/10\/01-3-5-1-1536x1536.jpeg 1536w, http:\/\/tvalaire.com\/wp-content\/uploads\/2023\/10\/01-3-5-1.jpeg 1600w\" sizes=\"(max-width: 1024px) 100vw, 1024px\" \/><\/figure>\n\n\n\n<figure class=\"wp-block-image size-full is-style-default\"><img loading=\"lazy\" decoding=\"async\" width=\"800\" height=\"800\" src=\"http:\/\/tvalaire.com\/wp-content\/uploads\/2023\/10\/01-1.jpg\" alt=\"\" class=\"wp-image-11641\" srcset=\"http:\/\/tvalaire.com\/wp-content\/uploads\/2023\/10\/01-1.jpg 800w, http:\/\/tvalaire.com\/wp-content\/uploads\/2023\/10\/01-1-300x300.jpg 300w, http:\/\/tvalaire.com\/wp-content\/uploads\/2023\/10\/01-1-150x150.jpg 150w, http:\/\/tvalaire.com\/wp-content\/uploads\/2023\/10\/01-1-768x768.jpg 768w\" sizes=\"(max-width: 800px) 100vw, 800px\" \/><\/figure>\n","protected":false},"excerpt":{"rendered":"<p>Las tradicionales fiestas septembrinas se viven con \u00e1nimo en La Piedad, esto a trav\u00e9s de&#8230;<\/p>\n","protected":false},"author":1,"featured_media":11637,"comment_status":"open","ping_status":"open","sticky":false,"template":"","format":"standard","meta":{"jetpack_post_was_ever_published":false,"_jetpack_newsletter_access":"","_jetpack_dont_email_post_to_subs":false,"_jetpack_newsletter_tier_id":0,"_jetpack_memberships_contains_paywalled_content":false,"_jetpack_memberships_contains_paid_content":false,"footnotes":"","jetpack_publicize_message":"","jetpack_publicize_feature_enabled":true,"jetpack_social_post_already_shared":true,"jetpack_social_options":{"image_generator_settings":{"template":"highway","enabled":false},"version":2}},"categories":[1],"tags":[15,36],"class_list":["post-11636","post","type-post","status-publish","format-standard","has-post-thumbnail","hentry","category-la-piedad","tag-la-piedad","tag-principales"],"jetpack_publicize_connections":[],"jetpack_sharing_enabled":true,"featured_image_urls":{"full":["http:\/\/tvalaire.com\/wp-content\/uploads\/2023\/10\/01-1-5.jpeg",1600,1600,false],"thumbnail":["http:\/\/tvalaire.com\/wp-content\/uploads\/2023\/10\/01-1-5-150x150.jpeg",150,150,true],"medium":["http:\/\/tvalaire.com\/wp-content\/uploads\/2023\/10\/01-1-5-300x300.jpeg",300,300,true],"medium_large":["http:\/\/tvalaire.com\/wp-content\/uploads\/2023\/10\/01-1-5-768x768.jpeg",640,640,true],"large":["http:\/\/tvalaire.com\/wp-content\/uploads\/2023\/10\/01-1-5-1024x1024.jpeg",640,640,true],"post-slider-thumb-size":["http:\/\/tvalaire.com\/wp-content\/uploads\/2023\/10\/01-1-5-330x190.jpeg",330,190,true],"post-category-slider-size":["http:\/\/tvalaire.com\/wp-content\/uploads\/2023\/10\/01-1-5.jpeg",330,330,false],"1536x1536":["http:\/\/tvalaire.com\/wp-content\/uploads\/2023\/10\/01-1-5-1536x1536.jpeg",1536,1536,true],"2048x2048":["http:\/\/tvalaire.com\/wp-content\/uploads\/2023\/10\/01-1-5.jpeg",1600,1600,false],"newsium-slider-full":["http:\/\/tvalaire.com\/wp-content\/uploads\/2023\/10\/01-1-5-1280x845.jpeg",1280,845,true],"newsium-featured":["http:\/\/tvalaire.com\/wp-content\/uploads\/2023\/10\/01-1-5-1024x1024.jpeg",1024,1024,true],"newsium-medium":["http:\/\/tvalaire.com\/wp-content\/uploads\/2023\/10\/01-1-5-720x475.jpeg",720,475,true]},"author_info":{"info":["tvalairenoti"]},"category_info":"<a href=\"http:\/\/tvalaire.com\/?cat=1\" rel=\"category\">La Piedad<\/a>","tag_info":"La Piedad","comment_count":"0","jetpack_featured_media_url":"http:\/\/tvalaire.com\/wp-content\/uploads\/2023\/10\/01-1-5.jpeg","_links":{"self":[{"href":"http:\/\/tvalaire.com\/index.php?rest_route=\/wp\/v2\/posts\/11636"}],"collection":[{"href":"http:\/\/tvalaire.com\/index.php?rest_route=\/wp\/v2\/posts"}],"about":[{"href":"http:\/\/tvalaire.com\/index.php?rest_route=\/wp\/v2\/types\/post"}],"author":[{"embeddable":true,"href":"http:\/\/tvalaire.com\/index.php?rest_route=\/wp\/v2\/users\/1"}],"replies":[{"embeddable":true,"href":"http:\/\/tvalaire.com\/index.php?rest_route=%2Fwp%2Fv2%2Fcomments&post=11636"}],"version-history":[{"count":1,"href":"http:\/\/tvalaire.com\/index.php?rest_route=\/wp\/v2\/posts\/11636\/revisions"}],"predecessor-version":[{"id":11642,"href":"http:\/\/tvalaire.com\/index.php?rest_route=\/wp\/v2\/posts\/11636\/revisions\/11642"}],"wp:featuredmedia":[{"embeddable":true,"href":"http:\/\/tvalaire.com\/index.php?rest_route=\/wp\/v2\/media\/11637"}],"wp:attachment":[{"href":"http:\/\/tvalaire.com\/index.php?rest_route=%2Fwp%2Fv2%2Fmedia&parent=11636"}],"wp:term":[{"taxonomy":"category","embeddable":true,"href":"http:\/\/tvalaire.com\/index.php?rest_route=%2Fwp%2Fv2%2Fcategories&post=11636"},{"taxonomy":"post_tag","embeddable":true,"href":"http:\/\/tvalaire.com\/index.php?rest_route=%2Fwp%2Fv2%2Ftags&post=11636"}],"curies":[{"name":"wp","href":"https:\/\/api.w.org\/{rel}","templated":true}]}}