{"id":11632,"date":"2023-09-11T12:57:57","date_gmt":"2023-09-11T18:57:57","guid":{"rendered":"http:\/\/tvalaire.com\/?p=11632"},"modified":"2023-10-11T12:59:11","modified_gmt":"2023-10-11T18:59:11","slug":"habra-simulacro-nacional-este-19-de-septiembre","status":"publish","type":"post","link":"http:\/\/tvalaire.com\/?p=11632","title":{"rendered":"HABR\u00c1 SIMULACRO NACIONAL ESTE 19 DE SEPTIEMBRE"},"content":{"rendered":"\n<p><\/p>\n\n\n\n<ul class=\"wp-block-list\">\n<li><strong>Prevenir contribuye a disminuir riesgos ante los sismos<\/strong><\/li>\n\n\n\n<li><strong>Se invita a empresas para que sea parte de su protocolo interno<\/strong><\/li>\n<\/ul>\n\n\n\n<p>El Gobierno Municipal a trav\u00e9s de la Secretar\u00eda del Ayuntamiento y en coordinaci\u00f3n con Protecci\u00f3n Civil Municipal, convocan a la poblaci\u00f3n en general a participar del segundo simulacro de sismo a nivel nacional que se llevar\u00e1 a cabo el pr\u00f3ximo martes 19 del mes en curso.<\/p>\n\n\n\n<p>Con la informaci\u00f3n proporcionada por Juan Gabriel N\u00fa\u00f1ez Naranjo, titular de Protecci\u00f3n Civil Municipal, se\u00f1al\u00f3 que con la actividad se tiene la intenci\u00f3n de conmemorar los sismos ocurridos en 1985, 2017 y 2022.<\/p>\n\n\n\n<p>Aunado a eso, N\u00fa\u00f1ez Naranjo, coment\u00f3 que tambi\u00e9n se busca que la poblaci\u00f3n est\u00e9 capacitada para poder actuar ante este tipo de situaciones, pues la prevenci\u00f3n contribuye de manera significativa a reducir los riesgos cuando se presentan estos eventos naturales.<\/p>\n\n\n\n<p>El funcionario destac\u00f3 que organizaciones, sector p\u00fablico y privado pueden considerar la actividad para que sea parte de sus planes de emergencia en sus espacios de trabajo y as\u00ed mismo tengan el accionar correcto con los protocolos necesarios en sus unidades internas de protecci\u00f3n civil. &nbsp;&nbsp;<\/p>\n\n\n\n<p>Agreg\u00f3 N\u00fa\u00f1ez Naranjo, que los sectores que tengan la intenci\u00f3n de participar en el Simulacro Nacional, pueden comunicarse a los tel\u00e9fonos 352 52 20440 o 352 55 76208 para que les brinden toda la informaci\u00f3n necesaria sobre el tema.<\/p>\n\n\n\n<figure class=\"wp-block-image size-full is-style-default\"><img loading=\"lazy\" decoding=\"async\" width=\"960\" height=\"540\" src=\"http:\/\/tvalaire.com\/wp-content\/uploads\/2023\/10\/01-2-5.jpeg\" alt=\"\" class=\"wp-image-11634\" srcset=\"http:\/\/tvalaire.com\/wp-content\/uploads\/2023\/10\/01-2-5.jpeg 960w, http:\/\/tvalaire.com\/wp-content\/uploads\/2023\/10\/01-2-5-300x169.jpeg 300w, http:\/\/tvalaire.com\/wp-content\/uploads\/2023\/10\/01-2-5-768x432.jpeg 768w\" sizes=\"(max-width: 960px) 100vw, 960px\" \/><\/figure>\n","protected":false},"excerpt":{"rendered":"<p>El Gobierno Municipal a trav\u00e9s de la Secretar\u00eda del Ayuntamiento y en coordinaci\u00f3n con Protecci\u00f3n&#8230;<\/p>\n","protected":false},"author":1,"featured_media":11633,"comment_status":"open","ping_status":"open","sticky":false,"template":"","format":"standard","meta":{"jetpack_post_was_ever_published":false,"_jetpack_newsletter_access":"","_jetpack_dont_email_post_to_subs":false,"_jetpack_newsletter_tier_id":0,"_jetpack_memberships_contains_paywalled_content":false,"_jetpack_memberships_contains_paid_content":false,"footnotes":"","jetpack_publicize_message":"","jetpack_publicize_feature_enabled":true,"jetpack_social_post_already_shared":true,"jetpack_social_options":{"image_generator_settings":{"template":"highway","enabled":false},"version":2}},"categories":[1],"tags":[15,36],"class_list":["post-11632","post","type-post","status-publish","format-standard","has-post-thumbnail","hentry","category-la-piedad","tag-la-piedad","tag-principales"],"jetpack_publicize_connections":[],"jetpack_sharing_enabled":true,"featured_image_urls":{"full":["http:\/\/tvalaire.com\/wp-content\/uploads\/2023\/10\/01-1-4.jpeg",960,742,false],"thumbnail":["http:\/\/tvalaire.com\/wp-content\/uploads\/2023\/10\/01-1-4-150x150.jpeg",150,150,true],"medium":["http:\/\/tvalaire.com\/wp-content\/uploads\/2023\/10\/01-1-4-300x232.jpeg",300,232,true],"medium_large":["http:\/\/tvalaire.com\/wp-content\/uploads\/2023\/10\/01-1-4-768x594.jpeg",640,495,true],"large":["http:\/\/tvalaire.com\/wp-content\/uploads\/2023\/10\/01-1-4.jpeg",640,495,false],"post-slider-thumb-size":["http:\/\/tvalaire.com\/wp-content\/uploads\/2023\/10\/01-1-4-330x190.jpeg",330,190,true],"post-category-slider-size":["http:\/\/tvalaire.com\/wp-content\/uploads\/2023\/10\/01-1-4.jpeg",330,255,false],"1536x1536":["http:\/\/tvalaire.com\/wp-content\/uploads\/2023\/10\/01-1-4.jpeg",960,742,false],"2048x2048":["http:\/\/tvalaire.com\/wp-content\/uploads\/2023\/10\/01-1-4.jpeg",960,742,false],"newsium-slider-full":["http:\/\/tvalaire.com\/wp-content\/uploads\/2023\/10\/01-1-4.jpeg",960,742,false],"newsium-featured":["http:\/\/tvalaire.com\/wp-content\/uploads\/2023\/10\/01-1-4.jpeg",960,742,false],"newsium-medium":["http:\/\/tvalaire.com\/wp-content\/uploads\/2023\/10\/01-1-4-720x475.jpeg",720,475,true]},"author_info":{"info":["tvalairenoti"]},"category_info":"<a href=\"http:\/\/tvalaire.com\/?cat=1\" rel=\"category\">La Piedad<\/a>","tag_info":"La Piedad","comment_count":"0","jetpack_featured_media_url":"http:\/\/tvalaire.com\/wp-content\/uploads\/2023\/10\/01-1-4.jpeg","_links":{"self":[{"href":"http:\/\/tvalaire.com\/index.php?rest_route=\/wp\/v2\/posts\/11632"}],"collection":[{"href":"http:\/\/tvalaire.com\/index.php?rest_route=\/wp\/v2\/posts"}],"about":[{"href":"http:\/\/tvalaire.com\/index.php?rest_route=\/wp\/v2\/types\/post"}],"author":[{"embeddable":true,"href":"http:\/\/tvalaire.com\/index.php?rest_route=\/wp\/v2\/users\/1"}],"replies":[{"embeddable":true,"href":"http:\/\/tvalaire.com\/index.php?rest_route=%2Fwp%2Fv2%2Fcomments&post=11632"}],"version-history":[{"count":1,"href":"http:\/\/tvalaire.com\/index.php?rest_route=\/wp\/v2\/posts\/11632\/revisions"}],"predecessor-version":[{"id":11635,"href":"http:\/\/tvalaire.com\/index.php?rest_route=\/wp\/v2\/posts\/11632\/revisions\/11635"}],"wp:featuredmedia":[{"embeddable":true,"href":"http:\/\/tvalaire.com\/index.php?rest_route=\/wp\/v2\/media\/11633"}],"wp:attachment":[{"href":"http:\/\/tvalaire.com\/index.php?rest_route=%2Fwp%2Fv2%2Fmedia&parent=11632"}],"wp:term":[{"taxonomy":"category","embeddable":true,"href":"http:\/\/tvalaire.com\/index.php?rest_route=%2Fwp%2Fv2%2Fcategories&post=11632"},{"taxonomy":"post_tag","embeddable":true,"href":"http:\/\/tvalaire.com\/index.php?rest_route=%2Fwp%2Fv2%2Ftags&post=11632"}],"curies":[{"name":"wp","href":"https:\/\/api.w.org\/{rel}","templated":true}]}}