{"id":11627,"date":"2023-09-11T12:56:49","date_gmt":"2023-09-11T18:56:49","guid":{"rendered":"http:\/\/tvalaire.com\/?p=11627"},"modified":"2023-10-11T12:57:50","modified_gmt":"2023-10-11T18:57:50","slug":"impulsa-gobierno-campana-mi-vida-vale","status":"publish","type":"post","link":"http:\/\/tvalaire.com\/?p=11627","title":{"rendered":"IMPULSA GOBIERNO CAMPA\u00d1A MI VIDA VALE"},"content":{"rendered":"\n<p><\/p>\n\n\n\n<ul class=\"wp-block-list\">\n<li><strong>Se prev\u00e9 capacitaci\u00f3n y canalizaci\u00f3n oportuna de la persona<\/strong><\/li>\n\n\n\n<li><strong>Trabajan con todos los sectores educativos del municipio<\/strong><\/li>\n<\/ul>\n\n\n\n<p>En el marco del D\u00eda Mundial para la Prevenci\u00f3n del Suicidio, el Gobierno Municipal de La Piedad, por medio del Instituto Municipal de la Mujer (IMM), promueve la campa\u00f1a \u201cMi Vida Vale\u201d, la que tiene como objetivo contribuir a tener un municipio m\u00e1s saludable con base al autocuidado.<\/p>\n\n\n\n<p>Con informaci\u00f3n proporcionada por Claudia Buenrostro D\u00edaz, titular del IMM en la localidad, se trata de un proyecto en el que se busca la concientizaci\u00f3n a trav\u00e9s de herramientas que brinden informaci\u00f3n b\u00e1sica, que sirvan de capacitaci\u00f3n y lograr as\u00ed una vida digna y saludable.<\/p>\n\n\n\n<p>La funcionaria mencion\u00f3 que en una primera etapa se est\u00e1 trabajando con todos los niveles educativos, posteriormente organizaciones y sociedad civil que as\u00ed lo consider\u00e9 puede solicitar m\u00e1s informaci\u00f3n en las oficinas del IMM para ser parte del proyecto.<\/p>\n\n\n\n<p>Buenrostro D\u00edaz, destac\u00f3 que se trata de la capacitaci\u00f3n, concientizaci\u00f3n, canalizaci\u00f3n oportuna con atenci\u00f3n psicol\u00f3gica, legal, trabajo social, recuperaci\u00f3n de la persona, as\u00ed como detectar riesgos y oportunidades.<\/p>\n\n\n\n<p>Reiter\u00f3 que se trata de un programa en donde la meta principal es poder atender de manera multidisciplinaria, preparada y capacitada por expertos, situaciones en las que se vea un riesgo de atentar contra la existencia de la persona.&nbsp;<\/p>\n\n\n\n<p>La responsable de las pol\u00edticas p\u00fablicas de las mujeres en el municipio, dijo que ya son dos jueves en los que se ha estado trabajando en el k\u00ednder Erasmo Castellano, Jean Piaget, Jos\u00e9 Mar\u00eda Cavadas, Mar\u00eda Elena Chanes, entre otras instituciones.<\/p>\n\n\n\n<p>Al mismo tiempo hizo una invitaci\u00f3n a instituciones y sociedad en general que tengan la intenci\u00f3n de ser part\u00edcipes del programa, para que se acerquen a las oficinas del Instituto en Mariano Jim\u00e9nez #115.<\/p>\n\n\n\n<figure class=\"wp-block-image size-large is-style-default\"><img loading=\"lazy\" decoding=\"async\" width=\"1024\" height=\"1024\" src=\"http:\/\/tvalaire.com\/wp-content\/uploads\/2023\/10\/01-2-4-1024x1024.jpeg\" alt=\"\" class=\"wp-image-11629\" srcset=\"http:\/\/tvalaire.com\/wp-content\/uploads\/2023\/10\/01-2-4-1024x1024.jpeg 1024w, http:\/\/tvalaire.com\/wp-content\/uploads\/2023\/10\/01-2-4-300x300.jpeg 300w, http:\/\/tvalaire.com\/wp-content\/uploads\/2023\/10\/01-2-4-150x150.jpeg 150w, http:\/\/tvalaire.com\/wp-content\/uploads\/2023\/10\/01-2-4-768x768.jpeg 768w, http:\/\/tvalaire.com\/wp-content\/uploads\/2023\/10\/01-2-4-1536x1536.jpeg 1536w, http:\/\/tvalaire.com\/wp-content\/uploads\/2023\/10\/01-2-4.jpeg 1600w\" sizes=\"(max-width: 1024px) 100vw, 1024px\" \/><\/figure>\n\n\n\n<figure class=\"wp-block-image size-large is-style-default\"><img loading=\"lazy\" decoding=\"async\" width=\"1024\" height=\"768\" src=\"http:\/\/tvalaire.com\/wp-content\/uploads\/2023\/10\/01-1-3-1024x768.jpeg\" alt=\"\" class=\"wp-image-11630\" srcset=\"http:\/\/tvalaire.com\/wp-content\/uploads\/2023\/10\/01-1-3-1024x768.jpeg 1024w, http:\/\/tvalaire.com\/wp-content\/uploads\/2023\/10\/01-1-3-300x225.jpeg 300w, http:\/\/tvalaire.com\/wp-content\/uploads\/2023\/10\/01-1-3-768x576.jpeg 768w, http:\/\/tvalaire.com\/wp-content\/uploads\/2023\/10\/01-1-3-1536x1152.jpeg 1536w, http:\/\/tvalaire.com\/wp-content\/uploads\/2023\/10\/01-1-3.jpeg 1600w\" sizes=\"(max-width: 1024px) 100vw, 1024px\" \/><\/figure>\n","protected":false},"excerpt":{"rendered":"<p>En el marco del D\u00eda Mundial para la Prevenci\u00f3n del Suicidio, el Gobierno Municipal de&#8230;<\/p>\n","protected":false},"author":1,"featured_media":11628,"comment_status":"open","ping_status":"open","sticky":false,"template":"","format":"standard","meta":{"jetpack_post_was_ever_published":false,"_jetpack_newsletter_access":"","_jetpack_dont_email_post_to_subs":false,"_jetpack_newsletter_tier_id":0,"_jetpack_memberships_contains_paywalled_content":false,"_jetpack_memberships_contains_paid_content":false,"footnotes":"","jetpack_publicize_message":"","jetpack_publicize_feature_enabled":true,"jetpack_social_post_already_shared":true,"jetpack_social_options":{"image_generator_settings":{"template":"highway","enabled":false},"version":2}},"categories":[1],"tags":[15,36],"class_list":["post-11627","post","type-post","status-publish","format-standard","has-post-thumbnail","hentry","category-la-piedad","tag-la-piedad","tag-principales"],"jetpack_publicize_connections":[],"jetpack_sharing_enabled":true,"featured_image_urls":{"full":["http:\/\/tvalaire.com\/wp-content\/uploads\/2023\/10\/01-3-4.jpeg",1600,1200,false],"thumbnail":["http:\/\/tvalaire.com\/wp-content\/uploads\/2023\/10\/01-3-4-150x150.jpeg",150,150,true],"medium":["http:\/\/tvalaire.com\/wp-content\/uploads\/2023\/10\/01-3-4-300x225.jpeg",300,225,true],"medium_large":["http:\/\/tvalaire.com\/wp-content\/uploads\/2023\/10\/01-3-4-768x576.jpeg",640,480,true],"large":["http:\/\/tvalaire.com\/wp-content\/uploads\/2023\/10\/01-3-4-1024x768.jpeg",640,480,true],"post-slider-thumb-size":["http:\/\/tvalaire.com\/wp-content\/uploads\/2023\/10\/01-3-4-330x190.jpeg",330,190,true],"post-category-slider-size":["http:\/\/tvalaire.com\/wp-content\/uploads\/2023\/10\/01-3-4.jpeg",330,248,false],"1536x1536":["http:\/\/tvalaire.com\/wp-content\/uploads\/2023\/10\/01-3-4-1536x1152.jpeg",1536,1152,true],"2048x2048":["http:\/\/tvalaire.com\/wp-content\/uploads\/2023\/10\/01-3-4.jpeg",1600,1200,false],"newsium-slider-full":["http:\/\/tvalaire.com\/wp-content\/uploads\/2023\/10\/01-3-4-1280x845.jpeg",1280,845,true],"newsium-featured":["http:\/\/tvalaire.com\/wp-content\/uploads\/2023\/10\/01-3-4-1024x768.jpeg",1024,768,true],"newsium-medium":["http:\/\/tvalaire.com\/wp-content\/uploads\/2023\/10\/01-3-4-720x475.jpeg",720,475,true]},"author_info":{"info":["tvalairenoti"]},"category_info":"<a href=\"http:\/\/tvalaire.com\/?cat=1\" rel=\"category\">La Piedad<\/a>","tag_info":"La Piedad","comment_count":"0","jetpack_featured_media_url":"http:\/\/tvalaire.com\/wp-content\/uploads\/2023\/10\/01-3-4.jpeg","_links":{"self":[{"href":"http:\/\/tvalaire.com\/index.php?rest_route=\/wp\/v2\/posts\/11627"}],"collection":[{"href":"http:\/\/tvalaire.com\/index.php?rest_route=\/wp\/v2\/posts"}],"about":[{"href":"http:\/\/tvalaire.com\/index.php?rest_route=\/wp\/v2\/types\/post"}],"author":[{"embeddable":true,"href":"http:\/\/tvalaire.com\/index.php?rest_route=\/wp\/v2\/users\/1"}],"replies":[{"embeddable":true,"href":"http:\/\/tvalaire.com\/index.php?rest_route=%2Fwp%2Fv2%2Fcomments&post=11627"}],"version-history":[{"count":1,"href":"http:\/\/tvalaire.com\/index.php?rest_route=\/wp\/v2\/posts\/11627\/revisions"}],"predecessor-version":[{"id":11631,"href":"http:\/\/tvalaire.com\/index.php?rest_route=\/wp\/v2\/posts\/11627\/revisions\/11631"}],"wp:featuredmedia":[{"embeddable":true,"href":"http:\/\/tvalaire.com\/index.php?rest_route=\/wp\/v2\/media\/11628"}],"wp:attachment":[{"href":"http:\/\/tvalaire.com\/index.php?rest_route=%2Fwp%2Fv2%2Fmedia&parent=11627"}],"wp:term":[{"taxonomy":"category","embeddable":true,"href":"http:\/\/tvalaire.com\/index.php?rest_route=%2Fwp%2Fv2%2Fcategories&post=11627"},{"taxonomy":"post_tag","embeddable":true,"href":"http:\/\/tvalaire.com\/index.php?rest_route=%2Fwp%2Fv2%2Ftags&post=11627"}],"curies":[{"name":"wp","href":"https:\/\/api.w.org\/{rel}","templated":true}]}}