{"id":1162,"date":"2017-03-30T10:01:52","date_gmt":"2017-03-30T16:01:52","guid":{"rendered":"http:\/\/tvalaire.com\/?p=1162"},"modified":"2017-03-30T10:01:52","modified_gmt":"2017-03-30T16:01:52","slug":"musica-autoctona-de-argentina-y-la-cultura-mexicana-en-el-festival-mundial-de-danza","status":"publish","type":"post","link":"http:\/\/tvalaire.com\/?p=1162","title":{"rendered":"M\u00daSICA AUT\u00d3CTONA DE ARGENTINA Y LA CULTURA MEXICANA EN EL FESTIVAL MUNDIAL DE DANZA"},"content":{"rendered":"<p class=\"xmsonormal\" style=\"text-align: center; background: white;\" align=\"center\"><span style=\"font-size: 13.0pt; font-family: 'Arial','sans-serif'; color: #212121;\">Argentina y Aguascalientes se apropiaron este pasado martes 29 del escenario en el marco de la celebraci\u00f3n del Festival Mundial de Danza 2017, que en esta ocasi\u00f3n registr\u00f3 el casi lleno de la Plaza Principal.<\/span><\/p>\n<p class=\"xmsonormal\" style=\"text-align: justify; background: white;\"><span style=\"font-size: 13.0pt; font-family: 'Arial','sans-serif'; color: #212121;\">La apertura en esta segunda noche de danza y folclor, la hizo el ballet Formosa Oeste Patria y Tradici\u00f3n de Argentina quien inicio con una rapsodia de diversos temas con coreograf\u00eda en donde se dio a conocer desde del Sur al Norte, el Este y Oeste de Argentina utilizando ritmos aut\u00f3ctonos y tangos.<\/span><\/p>\n<p class=\"xmsonormal\" style=\"text-align: justify; background: white;\"><span style=\"font-size: 13.0pt; font-family: 'Arial','sans-serif'; color: #212121;\">Sambas y ritmos del Norte y el malambo que pertenece a la llamada m\u00fasica sure\u00f1a que es ejecutada \u00fanicamente por hombres que lo realizan mediante una serie de movimientos con el pie llamado zapateo, el cual no tiene una regla para realizar la combinaci\u00f3n de oscilaciones pues depende de la originalidad de la persona que lo ejecute, as\u00ed que puede variar el orden, posici\u00f3n, coordinaci\u00f3n con la m\u00fasica y la postura del cuerpo, ya que se trata de una danza constituida exclusivamente por el meneo de los pies y las piernas, que dej\u00f3 asombrados a los asistentes.<\/span><\/p>\n<p class=\"xmsonormal\" style=\"text-align: justify; background: white;\"><span style=\"font-size: 13.0pt; font-family: 'Arial','sans-serif'; color: #212121;\">Otro de los ritmos que tambi\u00e9n fue del total agrado de la audiencia fue el chacareo que se ejecuta con guitarra, bombo, leg\u00fcero y viol\u00f3n, la cual es bailado por parejas que danzan libremente.<\/span><\/p>\n<p class=\"xmsonormal\" style=\"text-align: justify; background: white;\"><span style=\"font-size: 13.0pt; font-family: 'Arial','sans-serif'; color: #212121;\">Tambi\u00e9n tuvo su participaci\u00f3n el Taller de Danza Folcl\u00f3rica Mexicana Tioipitzintli de Aguascalientes, quien abri\u00f3 haciendo una representaci\u00f3n danc\u00edstica de la cultura y del colorido folclor mexicano recordando a Estados como Jalisco, Veracruz y Sonora, concluyendo con un mosaico de Aguascalientes.<\/span><\/p>\n<p class=\"xmsonormal\" style=\"text-align: justify; background: white;\"><span style=\"font-size: 13.0pt; font-family: 'Arial','sans-serif'; color: #212121;\">Una noche que registr\u00f3 una muy buena asistencia y que logr\u00f3 acaparar las miradas y contagiar con la m\u00fasica\u00a0 y folclor a todos los presentes quienes permanecieron de principio a fin con un ambiente que se prest\u00f3 para vivir de esta muestra danc\u00edstica y cultural.<\/span><\/p>\n","protected":false},"excerpt":{"rendered":"<p>Argentina y Aguascalientes se apropiaron este pasado martes 29 del escenario en el marco de&#8230;<\/p>\n","protected":false},"author":1,"featured_media":1159,"comment_status":"open","ping_status":"open","sticky":false,"template":"","format":"standard","meta":{"jetpack_post_was_ever_published":false,"_jetpack_newsletter_access":"","_jetpack_dont_email_post_to_subs":false,"_jetpack_newsletter_tier_id":0,"_jetpack_memberships_contains_paywalled_content":false,"_jetpack_memberships_contains_paid_content":false,"footnotes":"","jetpack_publicize_message":"","jetpack_publicize_feature_enabled":true,"jetpack_social_post_already_shared":false,"jetpack_social_options":{"image_generator_settings":{"template":"highway","enabled":false},"version":2}},"categories":[1],"tags":[15,36],"class_list":["post-1162","post","type-post","status-publish","format-standard","has-post-thumbnail","hentry","category-la-piedad","tag-la-piedad","tag-principales"],"jetpack_publicize_connections":[],"jetpack_sharing_enabled":true,"featured_image_urls":{"full":["http:\/\/tvalaire.com\/wp-content\/uploads\/2017\/03\/M\u00daSICA-AUT\u00d3CTONA-DE-ARGENTINA-Y-LA-CULTURA-MEXICANA-EN-EL-FESTIVAL-MUNDIAL-DE-DANZA.jpg",1296,864,false],"thumbnail":["http:\/\/tvalaire.com\/wp-content\/uploads\/2017\/03\/M\u00daSICA-AUT\u00d3CTONA-DE-ARGENTINA-Y-LA-CULTURA-MEXICANA-EN-EL-FESTIVAL-MUNDIAL-DE-DANZA-150x150.jpg",150,150,true],"medium":["http:\/\/tvalaire.com\/wp-content\/uploads\/2017\/03\/M\u00daSICA-AUT\u00d3CTONA-DE-ARGENTINA-Y-LA-CULTURA-MEXICANA-EN-EL-FESTIVAL-MUNDIAL-DE-DANZA-300x200.jpg",300,200,true],"medium_large":["http:\/\/tvalaire.com\/wp-content\/uploads\/2017\/03\/M\u00daSICA-AUT\u00d3CTONA-DE-ARGENTINA-Y-LA-CULTURA-MEXICANA-EN-EL-FESTIVAL-MUNDIAL-DE-DANZA-768x512.jpg",640,427,true],"large":["http:\/\/tvalaire.com\/wp-content\/uploads\/2017\/03\/M\u00daSICA-AUT\u00d3CTONA-DE-ARGENTINA-Y-LA-CULTURA-MEXICANA-EN-EL-FESTIVAL-MUNDIAL-DE-DANZA-1024x683.jpg",640,427,true],"post-slider-thumb-size":["http:\/\/tvalaire.com\/wp-content\/uploads\/2017\/03\/M\u00daSICA-AUT\u00d3CTONA-DE-ARGENTINA-Y-LA-CULTURA-MEXICANA-EN-EL-FESTIVAL-MUNDIAL-DE-DANZA.jpg",285,190,false],"post-category-slider-size":["http:\/\/tvalaire.com\/wp-content\/uploads\/2017\/03\/M\u00daSICA-AUT\u00d3CTONA-DE-ARGENTINA-Y-LA-CULTURA-MEXICANA-EN-EL-FESTIVAL-MUNDIAL-DE-DANZA.jpg",330,220,false],"1536x1536":["http:\/\/tvalaire.com\/wp-content\/uploads\/2017\/03\/M\u00daSICA-AUT\u00d3CTONA-DE-ARGENTINA-Y-LA-CULTURA-MEXICANA-EN-EL-FESTIVAL-MUNDIAL-DE-DANZA.jpg",1296,864,false],"2048x2048":["http:\/\/tvalaire.com\/wp-content\/uploads\/2017\/03\/M\u00daSICA-AUT\u00d3CTONA-DE-ARGENTINA-Y-LA-CULTURA-MEXICANA-EN-EL-FESTIVAL-MUNDIAL-DE-DANZA.jpg",1296,864,false],"newsium-slider-full":["http:\/\/tvalaire.com\/wp-content\/uploads\/2017\/03\/M\u00daSICA-AUT\u00d3CTONA-DE-ARGENTINA-Y-LA-CULTURA-MEXICANA-EN-EL-FESTIVAL-MUNDIAL-DE-DANZA.jpg",1268,845,false],"newsium-featured":["http:\/\/tvalaire.com\/wp-content\/uploads\/2017\/03\/M\u00daSICA-AUT\u00d3CTONA-DE-ARGENTINA-Y-LA-CULTURA-MEXICANA-EN-EL-FESTIVAL-MUNDIAL-DE-DANZA.jpg",1024,683,false],"newsium-medium":["http:\/\/tvalaire.com\/wp-content\/uploads\/2017\/03\/M\u00daSICA-AUT\u00d3CTONA-DE-ARGENTINA-Y-LA-CULTURA-MEXICANA-EN-EL-FESTIVAL-MUNDIAL-DE-DANZA.jpg",713,475,false]},"author_info":{"info":["tvalairenoti"]},"category_info":"<a href=\"http:\/\/tvalaire.com\/?cat=1\" rel=\"category\">La Piedad<\/a>","tag_info":"La Piedad","comment_count":"0","jetpack_featured_media_url":"http:\/\/tvalaire.com\/wp-content\/uploads\/2017\/03\/M\u00daSICA-AUT\u00d3CTONA-DE-ARGENTINA-Y-LA-CULTURA-MEXICANA-EN-EL-FESTIVAL-MUNDIAL-DE-DANZA.jpg","_links":{"self":[{"href":"http:\/\/tvalaire.com\/index.php?rest_route=\/wp\/v2\/posts\/1162"}],"collection":[{"href":"http:\/\/tvalaire.com\/index.php?rest_route=\/wp\/v2\/posts"}],"about":[{"href":"http:\/\/tvalaire.com\/index.php?rest_route=\/wp\/v2\/types\/post"}],"author":[{"embeddable":true,"href":"http:\/\/tvalaire.com\/index.php?rest_route=\/wp\/v2\/users\/1"}],"replies":[{"embeddable":true,"href":"http:\/\/tvalaire.com\/index.php?rest_route=%2Fwp%2Fv2%2Fcomments&post=1162"}],"version-history":[{"count":1,"href":"http:\/\/tvalaire.com\/index.php?rest_route=\/wp\/v2\/posts\/1162\/revisions"}],"predecessor-version":[{"id":1163,"href":"http:\/\/tvalaire.com\/index.php?rest_route=\/wp\/v2\/posts\/1162\/revisions\/1163"}],"wp:featuredmedia":[{"embeddable":true,"href":"http:\/\/tvalaire.com\/index.php?rest_route=\/wp\/v2\/media\/1159"}],"wp:attachment":[{"href":"http:\/\/tvalaire.com\/index.php?rest_route=%2Fwp%2Fv2%2Fmedia&parent=1162"}],"wp:term":[{"taxonomy":"category","embeddable":true,"href":"http:\/\/tvalaire.com\/index.php?rest_route=%2Fwp%2Fv2%2Fcategories&post=1162"},{"taxonomy":"post_tag","embeddable":true,"href":"http:\/\/tvalaire.com\/index.php?rest_route=%2Fwp%2Fv2%2Ftags&post=1162"}],"curies":[{"name":"wp","href":"https:\/\/api.w.org\/{rel}","templated":true}]}}