{"id":11615,"date":"2023-09-25T12:50:39","date_gmt":"2023-09-25T18:50:39","guid":{"rendered":"http:\/\/tvalaire.com\/?p=11615"},"modified":"2023-10-11T12:51:33","modified_gmt":"2023-10-11T18:51:33","slug":"supera-expectativas-segundo-festival-del-taco-y-la-torta-en-la-piedad","status":"publish","type":"post","link":"http:\/\/tvalaire.com\/?p=11615","title":{"rendered":"SUPERA EXPECTATIVAS SEGUNDO FESTIVAL DEL TACO Y LA TORTA EN LA PIEDAD"},"content":{"rendered":"\n<p><\/p>\n\n\n\n<ul class=\"wp-block-list\">\n<li><strong>Se reactiva la econom\u00eda local en la zona centro de la ciudad<\/strong><\/li>\n\n\n\n<li><strong>Reconocen trayectoria de m\u00e1s de 50 a\u00f1os de \u201cEl R\u00e1pido\u201d<\/strong><\/li>\n<\/ul>\n\n\n\n<p>Segunda edici\u00f3n del Festival del Taco y la Torta en el municipio de La Piedad, supera las expectativas del a\u00f1o pasado. El Comercio Local Familiar de la zona centro se ve favorecida en el evento que organiz\u00f3 el Gobierno Municipal a trav\u00e9s de la Direcci\u00f3n de Turismo. &nbsp;<\/p>\n\n\n\n<p>Brenda Orozco Torres, titular de la dependencia de Promoci\u00f3n Econ\u00f3mica, se\u00f1al\u00f3 que para esta ocasi\u00f3n se tuvo la participaci\u00f3n de 20 expositores, quienes ofrecieron sus productos y servicios a todos los comensales que se dieron cita en el Centro Hist\u00f3rico de la ciudad.<\/p>\n\n\n\n<p>Orozco Torres, coment\u00f3 que durante el d\u00eda se puede estimar que los visitantes a este evento fueron cerca de 4 mil asistentes, los que pudieron degustar de la variedad de alimentos que ofrecieron los comerciantes locales, as\u00ed como de P\u00e9njamo y Purepero.<\/p>\n\n\n\n<p>Es de mencionar que, durante el evento, la funcionaria p\u00fablica a nombre del presidente Samuel Hidalgo Gallardo, hizo la entrega de un reconocimiento por sus m\u00e1s de 50 a\u00f1os dedicados a la venta de tortas al vapor al se\u00f1or Nestor Gonz\u00e1lez Estrada, mejor conocido como \u201cEl R\u00e1pido\u201d.<\/p>\n\n\n\n<p>As\u00ed mismo, Orozco Torres, extendi\u00f3 un agradecimiento a todos los que participaron del evento y quienes al mismo tiempo confiaron en el evento, el cual tuvo como principal objetivo, contribuir a la reactivaci\u00f3n econ\u00f3mica del comercio local.<\/p>\n\n\n\n<figure class=\"wp-block-image size-large is-style-default\"><img loading=\"lazy\" decoding=\"async\" width=\"1024\" height=\"681\" src=\"http:\/\/tvalaire.com\/wp-content\/uploads\/2023\/10\/01-3-2-1024x681.jpeg\" alt=\"\" class=\"wp-image-11617\" srcset=\"http:\/\/tvalaire.com\/wp-content\/uploads\/2023\/10\/01-3-2-1024x681.jpeg 1024w, http:\/\/tvalaire.com\/wp-content\/uploads\/2023\/10\/01-3-2-300x200.jpeg 300w, http:\/\/tvalaire.com\/wp-content\/uploads\/2023\/10\/01-3-2-768x511.jpeg 768w, http:\/\/tvalaire.com\/wp-content\/uploads\/2023\/10\/01-3-2-1536x1021.jpeg 1536w, http:\/\/tvalaire.com\/wp-content\/uploads\/2023\/10\/01-3-2.jpeg 1600w\" sizes=\"(max-width: 1024px) 100vw, 1024px\" \/><\/figure>\n\n\n\n<figure class=\"wp-block-image size-large is-style-default\"><img loading=\"lazy\" decoding=\"async\" width=\"1024\" height=\"681\" src=\"http:\/\/tvalaire.com\/wp-content\/uploads\/2023\/10\/01-4-1-1-1024x681.jpeg\" alt=\"\" class=\"wp-image-11618\" srcset=\"http:\/\/tvalaire.com\/wp-content\/uploads\/2023\/10\/01-4-1-1-1024x681.jpeg 1024w, http:\/\/tvalaire.com\/wp-content\/uploads\/2023\/10\/01-4-1-1-300x200.jpeg 300w, http:\/\/tvalaire.com\/wp-content\/uploads\/2023\/10\/01-4-1-1-768x511.jpeg 768w, http:\/\/tvalaire.com\/wp-content\/uploads\/2023\/10\/01-4-1-1-1536x1021.jpeg 1536w, http:\/\/tvalaire.com\/wp-content\/uploads\/2023\/10\/01-4-1-1.jpeg 1600w\" sizes=\"(max-width: 1024px) 100vw, 1024px\" \/><\/figure>\n\n\n\n<figure class=\"wp-block-image size-large is-style-default\"><img loading=\"lazy\" decoding=\"async\" width=\"1024\" height=\"681\" src=\"http:\/\/tvalaire.com\/wp-content\/uploads\/2023\/10\/01-2-2-1024x681.jpeg\" alt=\"\" class=\"wp-image-11619\" srcset=\"http:\/\/tvalaire.com\/wp-content\/uploads\/2023\/10\/01-2-2-1024x681.jpeg 1024w, http:\/\/tvalaire.com\/wp-content\/uploads\/2023\/10\/01-2-2-300x200.jpeg 300w, http:\/\/tvalaire.com\/wp-content\/uploads\/2023\/10\/01-2-2-768x511.jpeg 768w, http:\/\/tvalaire.com\/wp-content\/uploads\/2023\/10\/01-2-2-1536x1021.jpeg 1536w, http:\/\/tvalaire.com\/wp-content\/uploads\/2023\/10\/01-2-2.jpeg 1600w\" sizes=\"(max-width: 1024px) 100vw, 1024px\" \/><\/figure>\n","protected":false},"excerpt":{"rendered":"<p>Segunda edici\u00f3n del Festival del Taco y la Torta en el municipio de La Piedad,&#8230;<\/p>\n","protected":false},"author":1,"featured_media":11616,"comment_status":"open","ping_status":"open","sticky":false,"template":"","format":"standard","meta":{"jetpack_post_was_ever_published":false,"_jetpack_newsletter_access":"","_jetpack_dont_email_post_to_subs":false,"_jetpack_newsletter_tier_id":0,"_jetpack_memberships_contains_paywalled_content":false,"_jetpack_memberships_contains_paid_content":false,"footnotes":"","jetpack_publicize_message":"","jetpack_publicize_feature_enabled":true,"jetpack_social_post_already_shared":true,"jetpack_social_options":{"image_generator_settings":{"template":"highway","enabled":false},"version":2}},"categories":[1],"tags":[15,36],"class_list":["post-11615","post","type-post","status-publish","format-standard","has-post-thumbnail","hentry","category-la-piedad","tag-la-piedad","tag-principales"],"jetpack_publicize_connections":[],"jetpack_sharing_enabled":true,"featured_image_urls":{"full":["http:\/\/tvalaire.com\/wp-content\/uploads\/2023\/10\/01-1-1.jpeg",1280,853,false],"thumbnail":["http:\/\/tvalaire.com\/wp-content\/uploads\/2023\/10\/01-1-1-150x150.jpeg",150,150,true],"medium":["http:\/\/tvalaire.com\/wp-content\/uploads\/2023\/10\/01-1-1-300x200.jpeg",300,200,true],"medium_large":["http:\/\/tvalaire.com\/wp-content\/uploads\/2023\/10\/01-1-1-768x512.jpeg",640,427,true],"large":["http:\/\/tvalaire.com\/wp-content\/uploads\/2023\/10\/01-1-1-1024x682.jpeg",640,426,true],"post-slider-thumb-size":["http:\/\/tvalaire.com\/wp-content\/uploads\/2023\/10\/01-1-1-330x190.jpeg",330,190,true],"post-category-slider-size":["http:\/\/tvalaire.com\/wp-content\/uploads\/2023\/10\/01-1-1.jpeg",330,220,false],"1536x1536":["http:\/\/tvalaire.com\/wp-content\/uploads\/2023\/10\/01-1-1.jpeg",1280,853,false],"2048x2048":["http:\/\/tvalaire.com\/wp-content\/uploads\/2023\/10\/01-1-1.jpeg",1280,853,false],"newsium-slider-full":["http:\/\/tvalaire.com\/wp-content\/uploads\/2023\/10\/01-1-1-1280x845.jpeg",1280,845,true],"newsium-featured":["http:\/\/tvalaire.com\/wp-content\/uploads\/2023\/10\/01-1-1-1024x682.jpeg",1024,682,true],"newsium-medium":["http:\/\/tvalaire.com\/wp-content\/uploads\/2023\/10\/01-1-1-720x475.jpeg",720,475,true]},"author_info":{"info":["tvalairenoti"]},"category_info":"<a href=\"http:\/\/tvalaire.com\/?cat=1\" rel=\"category\">La Piedad<\/a>","tag_info":"La Piedad","comment_count":"0","jetpack_featured_media_url":"http:\/\/tvalaire.com\/wp-content\/uploads\/2023\/10\/01-1-1.jpeg","_links":{"self":[{"href":"http:\/\/tvalaire.com\/index.php?rest_route=\/wp\/v2\/posts\/11615"}],"collection":[{"href":"http:\/\/tvalaire.com\/index.php?rest_route=\/wp\/v2\/posts"}],"about":[{"href":"http:\/\/tvalaire.com\/index.php?rest_route=\/wp\/v2\/types\/post"}],"author":[{"embeddable":true,"href":"http:\/\/tvalaire.com\/index.php?rest_route=\/wp\/v2\/users\/1"}],"replies":[{"embeddable":true,"href":"http:\/\/tvalaire.com\/index.php?rest_route=%2Fwp%2Fv2%2Fcomments&post=11615"}],"version-history":[{"count":1,"href":"http:\/\/tvalaire.com\/index.php?rest_route=\/wp\/v2\/posts\/11615\/revisions"}],"predecessor-version":[{"id":11620,"href":"http:\/\/tvalaire.com\/index.php?rest_route=\/wp\/v2\/posts\/11615\/revisions\/11620"}],"wp:featuredmedia":[{"embeddable":true,"href":"http:\/\/tvalaire.com\/index.php?rest_route=\/wp\/v2\/media\/11616"}],"wp:attachment":[{"href":"http:\/\/tvalaire.com\/index.php?rest_route=%2Fwp%2Fv2%2Fmedia&parent=11615"}],"wp:term":[{"taxonomy":"category","embeddable":true,"href":"http:\/\/tvalaire.com\/index.php?rest_route=%2Fwp%2Fv2%2Fcategories&post=11615"},{"taxonomy":"post_tag","embeddable":true,"href":"http:\/\/tvalaire.com\/index.php?rest_route=%2Fwp%2Fv2%2Ftags&post=11615"}],"curies":[{"name":"wp","href":"https:\/\/api.w.org\/{rel}","templated":true}]}}