{"id":11607,"date":"2023-09-25T12:25:00","date_gmt":"2023-09-25T18:25:00","guid":{"rendered":"http:\/\/tvalaire.com\/?p=11607"},"modified":"2023-10-11T12:49:43","modified_gmt":"2023-10-11T18:49:43","slug":"actividades-deportivas-en-el-mes-patrio-con-buena-respuesta-de-la-ciudadania","status":"publish","type":"post","link":"http:\/\/tvalaire.com\/?p=11607","title":{"rendered":"ACTIVIDADES DEPORTIVAS EN EL MES PATRIO CON BUENA RESPUESTA DE LA CIUDADAN\u00cdA"},"content":{"rendered":"\n<p><\/p>\n\n\n\n<ul class=\"wp-block-list\">\n<li><strong>La poblaci\u00f3n mostr\u00f3 civismo y comportamiento ejemplar en los eventos<\/strong><\/li>\n\n\n\n<li><strong>Reitera Gobierno compromiso para seguir promoviendo el deporte<\/strong><\/li>\n<\/ul>\n\n\n\n<p>Actividades deportivas programadas dentro del Bando Patrio, por parte del Gobierno Municipal de La Piedad, tienen una nutrida convocatoria de asistencia por la ciudadan\u00eda y hay una excelente participaci\u00f3n de los atletas en sus diferentes disciplinas.<\/p>\n\n\n\n<p>Durante casi todo el mes de septiembre, en el Centro Hist\u00f3rico y otros espacios de la ciudad, se estuvieron realizando actividades encaminadas a la difusi\u00f3n y promoci\u00f3n de la activaci\u00f3n f\u00edsica en sus diversas modalidades y para el disfrute de la poblaci\u00f3n.<\/p>\n\n\n\n<p>Carrera atl\u00e9tica, presentaci\u00f3n de fitness, exhibici\u00f3n de Lucha Libre, peleas de Muay Thai, funci\u00f3n de Box, torneo del deporte ciencia como el ajedrez, speed cubing, tour bike, peleas de MMA, fueron algunas de las actividades en las que se tuvo una amplia asistencia de p\u00fablico y deportistas.<\/p>\n\n\n\n<p>Es de destacar que, para este a\u00f1o el torneo de ajedrez tuvo una convocatoria de m\u00e1s de 130 registros de la localidad, la regi\u00f3n y estados de Jalisco y Guanajuato.&nbsp;<\/p>\n\n\n\n<p>Cabe hacer menci\u00f3n que en todos los eventos que se tuvieron programados dentro de las festividades del mes patrio, se pudo observar un civismo y comportamiento ejemplar por parte de los asistentes. Acciones que el gobierno municipal a cargo del alcalde Samuel Hidalgo Gallardo, reconoce ampliamente.<\/p>\n\n\n\n<p>Al mismo tiempo, es de comentar que el Gobierno reitera su compromiso para que, a trav\u00e9s de las dependencias correspondientes, se sigan realizando actividades en las que se promueva la activaci\u00f3n y la cultura f\u00edsica entre la poblaci\u00f3n.&nbsp;&nbsp;&nbsp;<\/p>\n\n\n\n<figure class=\"wp-block-image size-large is-style-default\"><img loading=\"lazy\" decoding=\"async\" width=\"1024\" height=\"682\" src=\"http:\/\/tvalaire.com\/wp-content\/uploads\/2023\/10\/01-3-1-1024x682.jpeg\" alt=\"\" class=\"wp-image-11610\" srcset=\"http:\/\/tvalaire.com\/wp-content\/uploads\/2023\/10\/01-3-1-1024x682.jpeg 1024w, http:\/\/tvalaire.com\/wp-content\/uploads\/2023\/10\/01-3-1-300x200.jpeg 300w, http:\/\/tvalaire.com\/wp-content\/uploads\/2023\/10\/01-3-1-768x512.jpeg 768w, http:\/\/tvalaire.com\/wp-content\/uploads\/2023\/10\/01-3-1.jpeg 1280w\" sizes=\"(max-width: 1024px) 100vw, 1024px\" \/><\/figure>\n\n\n\n<figure class=\"wp-block-image size-large is-style-default\"><img loading=\"lazy\" decoding=\"async\" width=\"1024\" height=\"682\" src=\"http:\/\/tvalaire.com\/wp-content\/uploads\/2023\/10\/01-5-1024x682.jpeg\" alt=\"\" class=\"wp-image-11611\" srcset=\"http:\/\/tvalaire.com\/wp-content\/uploads\/2023\/10\/01-5-1024x682.jpeg 1024w, http:\/\/tvalaire.com\/wp-content\/uploads\/2023\/10\/01-5-300x200.jpeg 300w, http:\/\/tvalaire.com\/wp-content\/uploads\/2023\/10\/01-5-768x512.jpeg 768w, http:\/\/tvalaire.com\/wp-content\/uploads\/2023\/10\/01-5.jpeg 1280w\" sizes=\"(max-width: 1024px) 100vw, 1024px\" \/><\/figure>\n\n\n\n<figure class=\"wp-block-image size-large is-style-default\"><img loading=\"lazy\" decoding=\"async\" width=\"1024\" height=\"682\" src=\"http:\/\/tvalaire.com\/wp-content\/uploads\/2023\/10\/01-6-1024x682.jpeg\" alt=\"\" class=\"wp-image-11612\" srcset=\"http:\/\/tvalaire.com\/wp-content\/uploads\/2023\/10\/01-6-1024x682.jpeg 1024w, http:\/\/tvalaire.com\/wp-content\/uploads\/2023\/10\/01-6-300x200.jpeg 300w, http:\/\/tvalaire.com\/wp-content\/uploads\/2023\/10\/01-6-768x512.jpeg 768w, http:\/\/tvalaire.com\/wp-content\/uploads\/2023\/10\/01-6.jpeg 1280w\" sizes=\"(max-width: 1024px) 100vw, 1024px\" \/><\/figure>\n","protected":false},"excerpt":{"rendered":"<p>Actividades deportivas programadas dentro del Bando Patrio, por parte del Gobierno Municipal de La Piedad,&#8230;<\/p>\n","protected":false},"author":1,"featured_media":11609,"comment_status":"open","ping_status":"open","sticky":false,"template":"","format":"standard","meta":{"jetpack_post_was_ever_published":false,"_jetpack_newsletter_access":"","_jetpack_dont_email_post_to_subs":false,"_jetpack_newsletter_tier_id":0,"_jetpack_memberships_contains_paywalled_content":false,"_jetpack_memberships_contains_paid_content":false,"footnotes":"","jetpack_publicize_message":"","jetpack_publicize_feature_enabled":true,"jetpack_social_post_already_shared":true,"jetpack_social_options":{"image_generator_settings":{"template":"highway","enabled":false},"version":2}},"categories":[1],"tags":[15,36],"class_list":["post-11607","post","type-post","status-publish","format-standard","has-post-thumbnail","hentry","category-la-piedad","tag-la-piedad","tag-principales"],"jetpack_publicize_connections":[],"jetpack_sharing_enabled":true,"featured_image_urls":{"full":["http:\/\/tvalaire.com\/wp-content\/uploads\/2023\/10\/01-4-1.jpeg",1280,853,false],"thumbnail":["http:\/\/tvalaire.com\/wp-content\/uploads\/2023\/10\/01-4-1-150x150.jpeg",150,150,true],"medium":["http:\/\/tvalaire.com\/wp-content\/uploads\/2023\/10\/01-4-1-300x200.jpeg",300,200,true],"medium_large":["http:\/\/tvalaire.com\/wp-content\/uploads\/2023\/10\/01-4-1-768x512.jpeg",640,427,true],"large":["http:\/\/tvalaire.com\/wp-content\/uploads\/2023\/10\/01-4-1-1024x682.jpeg",640,426,true],"post-slider-thumb-size":["http:\/\/tvalaire.com\/wp-content\/uploads\/2023\/10\/01-4-1-330x190.jpeg",330,190,true],"post-category-slider-size":["http:\/\/tvalaire.com\/wp-content\/uploads\/2023\/10\/01-4-1.jpeg",330,220,false],"1536x1536":["http:\/\/tvalaire.com\/wp-content\/uploads\/2023\/10\/01-4-1.jpeg",1280,853,false],"2048x2048":["http:\/\/tvalaire.com\/wp-content\/uploads\/2023\/10\/01-4-1.jpeg",1280,853,false],"newsium-slider-full":["http:\/\/tvalaire.com\/wp-content\/uploads\/2023\/10\/01-4-1-1280x845.jpeg",1280,845,true],"newsium-featured":["http:\/\/tvalaire.com\/wp-content\/uploads\/2023\/10\/01-4-1-1024x682.jpeg",1024,682,true],"newsium-medium":["http:\/\/tvalaire.com\/wp-content\/uploads\/2023\/10\/01-4-1-720x475.jpeg",720,475,true]},"author_info":{"info":["tvalairenoti"]},"category_info":"<a href=\"http:\/\/tvalaire.com\/?cat=1\" rel=\"category\">La Piedad<\/a>","tag_info":"La Piedad","comment_count":"0","jetpack_featured_media_url":"http:\/\/tvalaire.com\/wp-content\/uploads\/2023\/10\/01-4-1.jpeg","_links":{"self":[{"href":"http:\/\/tvalaire.com\/index.php?rest_route=\/wp\/v2\/posts\/11607"}],"collection":[{"href":"http:\/\/tvalaire.com\/index.php?rest_route=\/wp\/v2\/posts"}],"about":[{"href":"http:\/\/tvalaire.com\/index.php?rest_route=\/wp\/v2\/types\/post"}],"author":[{"embeddable":true,"href":"http:\/\/tvalaire.com\/index.php?rest_route=\/wp\/v2\/users\/1"}],"replies":[{"embeddable":true,"href":"http:\/\/tvalaire.com\/index.php?rest_route=%2Fwp%2Fv2%2Fcomments&post=11607"}],"version-history":[{"count":1,"href":"http:\/\/tvalaire.com\/index.php?rest_route=\/wp\/v2\/posts\/11607\/revisions"}],"predecessor-version":[{"id":11613,"href":"http:\/\/tvalaire.com\/index.php?rest_route=\/wp\/v2\/posts\/11607\/revisions\/11613"}],"wp:featuredmedia":[{"embeddable":true,"href":"http:\/\/tvalaire.com\/index.php?rest_route=\/wp\/v2\/media\/11609"}],"wp:attachment":[{"href":"http:\/\/tvalaire.com\/index.php?rest_route=%2Fwp%2Fv2%2Fmedia&parent=11607"}],"wp:term":[{"taxonomy":"category","embeddable":true,"href":"http:\/\/tvalaire.com\/index.php?rest_route=%2Fwp%2Fv2%2Fcategories&post=11607"},{"taxonomy":"post_tag","embeddable":true,"href":"http:\/\/tvalaire.com\/index.php?rest_route=%2Fwp%2Fv2%2Ftags&post=11607"}],"curies":[{"name":"wp","href":"https:\/\/api.w.org\/{rel}","templated":true}]}}