{"id":11561,"date":"2023-09-29T11:44:10","date_gmt":"2023-09-29T17:44:10","guid":{"rendered":"http:\/\/tvalaire.com\/?p=11561"},"modified":"2023-10-11T11:48:11","modified_gmt":"2023-10-11T17:48:11","slug":"brindaran-servicios-medicos-sin-costo-en-el-centro-de-la-piedad","status":"publish","type":"post","link":"http:\/\/tvalaire.com\/?p=11561","title":{"rendered":"BRINDAR\u00c1N SERVICIOS M\u00c9DICOS SIN COSTO EN EL CENTRO DE LA PIEDAD"},"content":{"rendered":"\n<p><\/p>\n\n\n\n<ul class=\"wp-block-list\">\n<li><strong>Habr\u00e1 m\u00f3dulo de mastograf\u00edas del 02 al 10 de octubre<\/strong><\/li>\n\n\n\n<li><strong>El horario de atenci\u00f3n ser\u00e1 de 09:00 a 6 de la tarde<\/strong><\/li>\n<\/ul>\n\n\n\n<p>El Gobierno Municipal a trav\u00e9s del Sistema para el Desarrollo Integral de la Familia (DIF) y en colaboraci\u00f3n con la Secretar\u00eda de Salud en el Estado, invitan a la jornada de salud que se estar\u00e1 realizando en el Centro Hist\u00f3rico.<\/p>\n\n\n\n<p>A partir del pr\u00f3ximo lunes 02 de octubre de 09:00 de la ma\u00f1ana a las 18:00 horas y en el marco del mes de la lucha contra el c\u00e1ncer de mama, se instalar\u00e1 un m\u00f3dulo de atenci\u00f3n para realizar mastograf\u00edas a mujeres que as\u00ed lo requieran.<\/p>\n\n\n\n<p>Vanessa Caratachea S\u00e1nchez, titular del Sistema DIF coment\u00f3 que dicha atenci\u00f3n est\u00e1 programada hasta el martes 10 del mes de octubre, por lo que a nombre del presidente Samuel Hidalgo Gallardo, extendi\u00f3 una invitaci\u00f3n a todas las mujeres en edad de 40 a 60 a\u00f1os.<\/p>\n\n\n\n<p>Las mujeres interesadas en el estudio no tienen que a verse realizado la valoraci\u00f3n en el \u00faltimo a\u00f1o, entregar copia del CURP y el INE, as\u00ed como no estar embarazada o tener sospechas.<\/p>\n\n\n\n<p>Tambi\u00e9n deben considerar, asistir aseadas del \u00e1rea axilar y mamaria, no usar desodorante en polvo, crema, loci\u00f3n de bajo de los brazos y pechos para el d\u00eda de su revisi\u00f3n.<\/p>\n\n\n\n<p>Caratachea S\u00e1nchez, agreg\u00f3 que, aunado a estas actividades, el DIF a dispuesto brindar sus servicios del lunes 02 al mi\u00e9rcoles 04 en un horario de 09:00 de la ma\u00f1ana a 2:00 de la tarde.<\/p>\n\n\n\n<p>La poblaci\u00f3n tambi\u00e9n podr\u00e1 solicitar la atenci\u00f3n en medicina general, dentista, examen de la vista, cortes de cabello, enfermer\u00eda, nutri\u00f3logo, vacunaci\u00f3n, medicamentos, entre otros servicios sin costo alguno.<\/p>\n\n\n\n<figure class=\"wp-block-image size-large is-style-default\"><img loading=\"lazy\" decoding=\"async\" width=\"1024\" height=\"1024\" src=\"http:\/\/tvalaire.com\/wp-content\/uploads\/2023\/10\/01-2-1024x1024.jpg\" alt=\"\" class=\"wp-image-11563\" srcset=\"http:\/\/tvalaire.com\/wp-content\/uploads\/2023\/10\/01-2-1024x1024.jpg 1024w, http:\/\/tvalaire.com\/wp-content\/uploads\/2023\/10\/01-2-300x300.jpg 300w, http:\/\/tvalaire.com\/wp-content\/uploads\/2023\/10\/01-2-150x150.jpg 150w, http:\/\/tvalaire.com\/wp-content\/uploads\/2023\/10\/01-2-768x768.jpg 768w, http:\/\/tvalaire.com\/wp-content\/uploads\/2023\/10\/01-2-1536x1536.jpg 1536w, http:\/\/tvalaire.com\/wp-content\/uploads\/2023\/10\/01-2-2048x2048.jpg 2048w\" sizes=\"(max-width: 1024px) 100vw, 1024px\" \/><\/figure>\n\n\n\n<figure class=\"wp-block-image size-large is-style-default\"><img loading=\"lazy\" decoding=\"async\" width=\"1024\" height=\"682\" src=\"http:\/\/tvalaire.com\/wp-content\/uploads\/2023\/10\/01-3-1024x682.jpeg\" alt=\"\" class=\"wp-image-11564\" srcset=\"http:\/\/tvalaire.com\/wp-content\/uploads\/2023\/10\/01-3-1024x682.jpeg 1024w, http:\/\/tvalaire.com\/wp-content\/uploads\/2023\/10\/01-3-300x200.jpeg 300w, http:\/\/tvalaire.com\/wp-content\/uploads\/2023\/10\/01-3-768x512.jpeg 768w, http:\/\/tvalaire.com\/wp-content\/uploads\/2023\/10\/01-3.jpeg 1280w\" sizes=\"(max-width: 1024px) 100vw, 1024px\" \/><\/figure>\n","protected":false},"excerpt":{"rendered":"<p>El Gobierno Municipal a trav\u00e9s del Sistema para el Desarrollo Integral de la Familia (DIF)&#8230;<\/p>\n","protected":false},"author":1,"featured_media":11562,"comment_status":"open","ping_status":"open","sticky":false,"template":"","format":"standard","meta":{"jetpack_post_was_ever_published":false,"_jetpack_newsletter_access":"","_jetpack_dont_email_post_to_subs":false,"_jetpack_newsletter_tier_id":0,"_jetpack_memberships_contains_paywalled_content":false,"_jetpack_memberships_contains_paid_content":false,"footnotes":"","jetpack_publicize_message":"","jetpack_publicize_feature_enabled":true,"jetpack_social_post_already_shared":true,"jetpack_social_options":{"image_generator_settings":{"template":"highway","enabled":false},"version":2}},"categories":[1],"tags":[15,36],"class_list":["post-11561","post","type-post","status-publish","format-standard","has-post-thumbnail","hentry","category-la-piedad","tag-la-piedad","tag-principales"],"jetpack_publicize_connections":[],"jetpack_sharing_enabled":true,"featured_image_urls":{"full":["http:\/\/tvalaire.com\/wp-content\/uploads\/2023\/10\/01-2.jpeg",1280,853,false],"thumbnail":["http:\/\/tvalaire.com\/wp-content\/uploads\/2023\/10\/01-2-150x150.jpeg",150,150,true],"medium":["http:\/\/tvalaire.com\/wp-content\/uploads\/2023\/10\/01-2-300x200.jpeg",300,200,true],"medium_large":["http:\/\/tvalaire.com\/wp-content\/uploads\/2023\/10\/01-2-768x512.jpeg",640,427,true],"large":["http:\/\/tvalaire.com\/wp-content\/uploads\/2023\/10\/01-2-1024x682.jpeg",640,426,true],"post-slider-thumb-size":["http:\/\/tvalaire.com\/wp-content\/uploads\/2023\/10\/01-2-330x190.jpeg",330,190,true],"post-category-slider-size":["http:\/\/tvalaire.com\/wp-content\/uploads\/2023\/10\/01-2.jpeg",330,220,false],"1536x1536":["http:\/\/tvalaire.com\/wp-content\/uploads\/2023\/10\/01-2.jpeg",1280,853,false],"2048x2048":["http:\/\/tvalaire.com\/wp-content\/uploads\/2023\/10\/01-2.jpeg",1280,853,false],"newsium-slider-full":["http:\/\/tvalaire.com\/wp-content\/uploads\/2023\/10\/01-2-1280x845.jpeg",1280,845,true],"newsium-featured":["http:\/\/tvalaire.com\/wp-content\/uploads\/2023\/10\/01-2-1024x682.jpeg",1024,682,true],"newsium-medium":["http:\/\/tvalaire.com\/wp-content\/uploads\/2023\/10\/01-2-720x475.jpeg",720,475,true]},"author_info":{"info":["tvalairenoti"]},"category_info":"<a href=\"http:\/\/tvalaire.com\/?cat=1\" rel=\"category\">La Piedad<\/a>","tag_info":"La Piedad","comment_count":"0","jetpack_featured_media_url":"http:\/\/tvalaire.com\/wp-content\/uploads\/2023\/10\/01-2.jpeg","_links":{"self":[{"href":"http:\/\/tvalaire.com\/index.php?rest_route=\/wp\/v2\/posts\/11561"}],"collection":[{"href":"http:\/\/tvalaire.com\/index.php?rest_route=\/wp\/v2\/posts"}],"about":[{"href":"http:\/\/tvalaire.com\/index.php?rest_route=\/wp\/v2\/types\/post"}],"author":[{"embeddable":true,"href":"http:\/\/tvalaire.com\/index.php?rest_route=\/wp\/v2\/users\/1"}],"replies":[{"embeddable":true,"href":"http:\/\/tvalaire.com\/index.php?rest_route=%2Fwp%2Fv2%2Fcomments&post=11561"}],"version-history":[{"count":1,"href":"http:\/\/tvalaire.com\/index.php?rest_route=\/wp\/v2\/posts\/11561\/revisions"}],"predecessor-version":[{"id":11565,"href":"http:\/\/tvalaire.com\/index.php?rest_route=\/wp\/v2\/posts\/11561\/revisions\/11565"}],"wp:featuredmedia":[{"embeddable":true,"href":"http:\/\/tvalaire.com\/index.php?rest_route=\/wp\/v2\/media\/11562"}],"wp:attachment":[{"href":"http:\/\/tvalaire.com\/index.php?rest_route=%2Fwp%2Fv2%2Fmedia&parent=11561"}],"wp:term":[{"taxonomy":"category","embeddable":true,"href":"http:\/\/tvalaire.com\/index.php?rest_route=%2Fwp%2Fv2%2Fcategories&post=11561"},{"taxonomy":"post_tag","embeddable":true,"href":"http:\/\/tvalaire.com\/index.php?rest_route=%2Fwp%2Fv2%2Ftags&post=11561"}],"curies":[{"name":"wp","href":"https:\/\/api.w.org\/{rel}","templated":true}]}}