{"id":11425,"date":"2023-07-17T11:41:26","date_gmt":"2023-07-17T17:41:26","guid":{"rendered":"http:\/\/tvalaire.com\/?p=11425"},"modified":"2023-07-27T11:42:32","modified_gmt":"2023-07-27T17:42:32","slug":"favorece-gobierno-de-la-piedad-con-despensas-para-menores-de-edad","status":"publish","type":"post","link":"http:\/\/tvalaire.com\/?p=11425","title":{"rendered":"FAVORECE GOBIERNO DE LA PIEDAD CON DESPENSAS PARA MENORES DE EDAD"},"content":{"rendered":"\n<p><\/p>\n\n\n\n<ul class=\"wp-block-list\">\n<li><strong>De seis meses a 5 a\u00f1os pueden registrarse en el programa alimenticio<\/strong><\/li>\n\n\n\n<li><strong>Quienes ya son parte del esquema pueden pasar por su despensa<\/strong><\/li>\n<\/ul>\n\n\n\n<p>El Gobierno Municipal a trav\u00e9s del Sistema para el Desarrollo Integral de la Familia (DIF), con el principal objetivo de favorecer y contribuir con la econom\u00eda en los hogares del Municipio que m\u00e1s lo necesiten, informa que quienes as\u00ed lo dispongan, pueden acudir a sus instalaciones para verse beneficiado con el programa de alimentaci\u00f3n a bajo costo que se promueve.<\/p>\n\n\n\n<p>La titular de la dependencia de asistencia social en la ciudad, Vanessa Caratachea S\u00e1nchez, mencion\u00f3 que en atenci\u00f3n a la instrucci\u00f3n del alcalde Samuel Hidalgo Gallardo, el objetivo es poder contribuir con la alimentaci\u00f3n de la poblaci\u00f3n a un bajo costo para su adquisici\u00f3n.<\/p>\n\n\n\n<p>Caratachea S\u00e1nchez, se\u00f1al\u00f3 que los productos que la poblaci\u00f3n puede adquirir en este esquema de trabajo se ofrecen a un costo accesible para favorecer as\u00ed la econom\u00eda de las familias, al mismo tiempo que obtienen valor nutrimental en cada uno de ellos.<\/p>\n\n\n\n<p>Hizo un llamado a las familias que tienen menores de 6 meses a 5 a\u00f1os, para que sean parte del esquema de trabajo que apoya su econom\u00eda y al mismo tiempo contribuye a la alimentaci\u00f3n de los ni\u00f1os con productos de calidad nutrimental.&nbsp;<\/p>\n\n\n\n<p>Para ser parte de este Programa coment\u00f3 se requiere acta de nacimiento, CURP y certificado m\u00e9dico del menor, este \u00faltimo documento se expide en el propio DIF sin costo alguno. As\u00ed mismo, se necesita Credencial de Elector, CURP y comprobante de domicilio del tutor.<\/p>\n\n\n\n<p>La funcionaria Caratachea S\u00e1nchez, mencion\u00f3 que por ahora no hay registros para los programas de alimentos b\u00e1sicos, enfocados a los adultos mayores, personas con discapacidad y embarazadas. Al respecto, destac\u00f3 que las personas registradas en este tipo de subsidio, pueden pasar al DIF para recoger su dotaci\u00f3n correspondiente la cual tiene un costo significativo de 20 pesos.<\/p>\n\n\n\n<p>Los que quieran formar parte de este subsidio o ya est\u00e1n registrados, pueden pasar por su dotaci\u00f3n a las instalaciones a partir de las 8:30 de la ma\u00f1ana a 2:30 de la tarde de lunes a viernes.&nbsp;<\/p>\n","protected":false},"excerpt":{"rendered":"<p>El Gobierno Municipal a trav\u00e9s del Sistema para el Desarrollo Integral de la Familia (DIF),&#8230;<\/p>\n","protected":false},"author":1,"featured_media":11426,"comment_status":"open","ping_status":"open","sticky":false,"template":"","format":"standard","meta":{"jetpack_post_was_ever_published":false,"_jetpack_newsletter_access":"","_jetpack_dont_email_post_to_subs":false,"_jetpack_newsletter_tier_id":0,"_jetpack_memberships_contains_paywalled_content":false,"_jetpack_memberships_contains_paid_content":false,"footnotes":"","jetpack_publicize_message":"","jetpack_publicize_feature_enabled":true,"jetpack_social_post_already_shared":true,"jetpack_social_options":{"image_generator_settings":{"template":"highway","enabled":false},"version":2}},"categories":[1],"tags":[15],"class_list":["post-11425","post","type-post","status-publish","format-standard","has-post-thumbnail","hentry","category-la-piedad","tag-la-piedad"],"jetpack_publicize_connections":[],"jetpack_sharing_enabled":true,"featured_image_urls":{"full":["http:\/\/tvalaire.com\/wp-content\/uploads\/2023\/07\/01-1-3.jpeg",1080,581,false],"thumbnail":["http:\/\/tvalaire.com\/wp-content\/uploads\/2023\/07\/01-1-3-150x150.jpeg",150,150,true],"medium":["http:\/\/tvalaire.com\/wp-content\/uploads\/2023\/07\/01-1-3-300x161.jpeg",300,161,true],"medium_large":["http:\/\/tvalaire.com\/wp-content\/uploads\/2023\/07\/01-1-3-768x413.jpeg",640,344,true],"large":["http:\/\/tvalaire.com\/wp-content\/uploads\/2023\/07\/01-1-3-1024x551.jpeg",640,344,true],"post-slider-thumb-size":["http:\/\/tvalaire.com\/wp-content\/uploads\/2023\/07\/01-1-3-330x190.jpeg",330,190,true],"post-category-slider-size":["http:\/\/tvalaire.com\/wp-content\/uploads\/2023\/07\/01-1-3.jpeg",330,178,false],"1536x1536":["http:\/\/tvalaire.com\/wp-content\/uploads\/2023\/07\/01-1-3.jpeg",1080,581,false],"2048x2048":["http:\/\/tvalaire.com\/wp-content\/uploads\/2023\/07\/01-1-3.jpeg",1080,581,false],"newsium-slider-full":["http:\/\/tvalaire.com\/wp-content\/uploads\/2023\/07\/01-1-3.jpeg",1080,581,false],"newsium-featured":["http:\/\/tvalaire.com\/wp-content\/uploads\/2023\/07\/01-1-3-1024x551.jpeg",1024,551,true],"newsium-medium":["http:\/\/tvalaire.com\/wp-content\/uploads\/2023\/07\/01-1-3-720x475.jpeg",720,475,true]},"author_info":{"info":["tvalairenoti"]},"category_info":"<a href=\"http:\/\/tvalaire.com\/?cat=1\" rel=\"category\">La Piedad<\/a>","tag_info":"La Piedad","comment_count":"0","jetpack_featured_media_url":"http:\/\/tvalaire.com\/wp-content\/uploads\/2023\/07\/01-1-3.jpeg","_links":{"self":[{"href":"http:\/\/tvalaire.com\/index.php?rest_route=\/wp\/v2\/posts\/11425"}],"collection":[{"href":"http:\/\/tvalaire.com\/index.php?rest_route=\/wp\/v2\/posts"}],"about":[{"href":"http:\/\/tvalaire.com\/index.php?rest_route=\/wp\/v2\/types\/post"}],"author":[{"embeddable":true,"href":"http:\/\/tvalaire.com\/index.php?rest_route=\/wp\/v2\/users\/1"}],"replies":[{"embeddable":true,"href":"http:\/\/tvalaire.com\/index.php?rest_route=%2Fwp%2Fv2%2Fcomments&post=11425"}],"version-history":[{"count":1,"href":"http:\/\/tvalaire.com\/index.php?rest_route=\/wp\/v2\/posts\/11425\/revisions"}],"predecessor-version":[{"id":11427,"href":"http:\/\/tvalaire.com\/index.php?rest_route=\/wp\/v2\/posts\/11425\/revisions\/11427"}],"wp:featuredmedia":[{"embeddable":true,"href":"http:\/\/tvalaire.com\/index.php?rest_route=\/wp\/v2\/media\/11426"}],"wp:attachment":[{"href":"http:\/\/tvalaire.com\/index.php?rest_route=%2Fwp%2Fv2%2Fmedia&parent=11425"}],"wp:term":[{"taxonomy":"category","embeddable":true,"href":"http:\/\/tvalaire.com\/index.php?rest_route=%2Fwp%2Fv2%2Fcategories&post=11425"},{"taxonomy":"post_tag","embeddable":true,"href":"http:\/\/tvalaire.com\/index.php?rest_route=%2Fwp%2Fv2%2Ftags&post=11425"}],"curies":[{"name":"wp","href":"https:\/\/api.w.org\/{rel}","templated":true}]}}