{"id":1140,"date":"2017-03-29T10:16:07","date_gmt":"2017-03-29T16:16:07","guid":{"rendered":"http:\/\/tvalaire.com\/?p=1140"},"modified":"2017-03-29T10:16:07","modified_gmt":"2017-03-29T16:16:07","slug":"inaugura-estrada-medina-el-tercer-encuentro-de-la-dgeti-2017","status":"publish","type":"post","link":"http:\/\/tvalaire.com\/?p=1140","title":{"rendered":"INAUGURA ESTRADA MEDINA EL TERCER ENCUENTRO DE LA DGETI 2017"},"content":{"rendered":"<p>&nbsp;<\/p>\n<p>El Presidente Juan Manuel Estrada Medina, inaugur\u00f3 el tercer encuentro de la Direcci\u00f3n General de Educaci\u00f3n Tecnol\u00f3gica Industrial\u00a02017 en donde se encuentran las instituciones educativas del CBTIS, CETIS, ITEC de todo el Estado de Michoac\u00e1n, siendo La Piedad sede de las diferentes actividades que los alumnos de los planteles llevar\u00e1n a cabo.<\/p>\n<p>El Alcalde antes de la inauguraci\u00f3n oficial les\u00a0ofreci\u00f3\u00a0unas palabras de bienvenida a todos y dijo que una sus principales premisas en el gobierno es el apoyo a los j\u00f3venes, destacando la oportunidad que en su administraci\u00f3n se le ha dado a ese sector, ah\u00ed les invit\u00f3 a participar en un juego limpio, dese\u00e1ndoles suerte y \u00e9xito a todos.<br \/>\nAjedrez, Atletismo, Baloncesto, f\u00fatbol y voleibol, son algunas de las acciones que se\u00a0est\u00e1n llevando a cabo hasta ma\u00f1ana jueves 30 de marzo para as\u00ed poder elegir ganadores y puedan ir a competir a nivel nacional en las diferentes\u00a0disciplinas.<br \/>\nSon casi 800\u00a0j\u00f3venes\u00a0los que\u00a0asisten\u00a0a estos eventos a lo largo de la semana en el\u00a0encuentro; los \u00a0municipios de\u00a0Paracho, Morelia, Uruapan,\u00a0Sahuayo,\u00a0Zit\u00e1cuaro,\u00a0Tlapujahua, Zinap\u00e9cuaro,\u00a0P\u00e1tzcuaro,\u00a0Zamora y La Piedad\u00a0est\u00e1n\u00a0en la ciudad\u00a0para participar en este encuentro deportivo.<\/p>\n<p>El Auxiliar\u00a0Acad\u00e9mico\u00a0de la Direcci\u00f3n General de Educaci\u00f3n Tecnol\u00f3gica Industrial en el Estado de Michoac\u00e1n, Alfonso Pineda, ofreci\u00f3 un mensaje de\u00a0bienvenida\u00a0para todos los participantes de los diferentes planteles,\u00a0agradeci\u00f3\u00a0al Presidente Juan Manuel Estrada Medina, por su hospitalidad y colaboraci\u00f3n y dijo que no era el\u00a0primer\u00a0evento que realizaban en La Piedad y por eso regresan ya que\u00a0aqu\u00ed\u00a0siempre los reciben bien.<\/p>\n<p>Posteriormente comenzaron con algunas participaciones donde grupos de j\u00f3venes porristas de algunos de los planteles participaron mostrando una rutina con la cual\u00a0estar\u00e1n\u00a0apoyando a los equipos de su plantel correspondiente.<\/p>\n<p>Se\u00a0encendi\u00f3\u00a0el fuego\u00a0ol\u00edmpico\u00a0en simbolismo al juego limpio por parte del equipo de atletismo del CBTiS 84,\u00a0adem\u00e1s\u00a0se dijo el juramento deportivo del encuentro de la DGETI.<\/p>\n<p>&nbsp;<\/p>\n<p><img loading=\"lazy\" decoding=\"async\" class=\"alignnone size-medium wp-image-1137\" src=\"http:\/\/tvalaire.com\/wp-content\/uploads\/2017\/03\/INAUGURA-ESTRADA-MEDINA-EL-TERCER-ENCUENTRO-DE-LA-DGETI-20172-300x200.jpg\" alt=\"\" width=\"300\" height=\"200\" srcset=\"http:\/\/tvalaire.com\/wp-content\/uploads\/2017\/03\/INAUGURA-ESTRADA-MEDINA-EL-TERCER-ENCUENTRO-DE-LA-DGETI-20172-300x200.jpg 300w, http:\/\/tvalaire.com\/wp-content\/uploads\/2017\/03\/INAUGURA-ESTRADA-MEDINA-EL-TERCER-ENCUENTRO-DE-LA-DGETI-20172-768x512.jpg 768w, http:\/\/tvalaire.com\/wp-content\/uploads\/2017\/03\/INAUGURA-ESTRADA-MEDINA-EL-TERCER-ENCUENTRO-DE-LA-DGETI-20172.jpg 1024w\" sizes=\"(max-width: 300px) 100vw, 300px\" \/><\/p>\n<p><img loading=\"lazy\" decoding=\"async\" class=\"alignnone size-medium wp-image-1136\" src=\"http:\/\/tvalaire.com\/wp-content\/uploads\/2017\/03\/INAUGURA-ESTRADA-MEDINA-EL-TERCER-ENCUENTRO-DE-LA-DGETI-2017-200x300.jpg\" alt=\"\" width=\"200\" height=\"300\" srcset=\"http:\/\/tvalaire.com\/wp-content\/uploads\/2017\/03\/INAUGURA-ESTRADA-MEDINA-EL-TERCER-ENCUENTRO-DE-LA-DGETI-2017-200x300.jpg 200w, http:\/\/tvalaire.com\/wp-content\/uploads\/2017\/03\/INAUGURA-ESTRADA-MEDINA-EL-TERCER-ENCUENTRO-DE-LA-DGETI-2017-768x1152.jpg 768w, http:\/\/tvalaire.com\/wp-content\/uploads\/2017\/03\/INAUGURA-ESTRADA-MEDINA-EL-TERCER-ENCUENTRO-DE-LA-DGETI-2017-683x1024.jpg 683w, http:\/\/tvalaire.com\/wp-content\/uploads\/2017\/03\/INAUGURA-ESTRADA-MEDINA-EL-TERCER-ENCUENTRO-DE-LA-DGETI-2017.jpg 1024w\" sizes=\"(max-width: 200px) 100vw, 200px\" \/><\/p>\n","protected":false},"excerpt":{"rendered":"<p>&nbsp; El Presidente Juan Manuel Estrada Medina, inaugur\u00f3 el tercer encuentro de la Direcci\u00f3n General&#8230;<\/p>\n","protected":false},"author":1,"featured_media":1138,"comment_status":"open","ping_status":"open","sticky":false,"template":"","format":"standard","meta":{"jetpack_post_was_ever_published":false,"_jetpack_newsletter_access":"","_jetpack_dont_email_post_to_subs":false,"_jetpack_newsletter_tier_id":0,"_jetpack_memberships_contains_paywalled_content":false,"_jetpack_memberships_contains_paid_content":false,"footnotes":"","jetpack_publicize_message":"","jetpack_publicize_feature_enabled":true,"jetpack_social_post_already_shared":false,"jetpack_social_options":{"image_generator_settings":{"template":"highway","enabled":false},"version":2}},"categories":[1],"tags":[15,36],"class_list":["post-1140","post","type-post","status-publish","format-standard","has-post-thumbnail","hentry","category-la-piedad","tag-la-piedad","tag-principales"],"jetpack_publicize_connections":[],"jetpack_sharing_enabled":true,"featured_image_urls":{"full":["http:\/\/tvalaire.com\/wp-content\/uploads\/2017\/03\/INAUGURA-ESTRADA-MEDINA-EL-TERCER-ENCUENTRO-DE-LA-DGETI-20173.jpg",1024,683,false],"thumbnail":["http:\/\/tvalaire.com\/wp-content\/uploads\/2017\/03\/INAUGURA-ESTRADA-MEDINA-EL-TERCER-ENCUENTRO-DE-LA-DGETI-20173-150x150.jpg",150,150,true],"medium":["http:\/\/tvalaire.com\/wp-content\/uploads\/2017\/03\/INAUGURA-ESTRADA-MEDINA-EL-TERCER-ENCUENTRO-DE-LA-DGETI-20173-300x200.jpg",300,200,true],"medium_large":["http:\/\/tvalaire.com\/wp-content\/uploads\/2017\/03\/INAUGURA-ESTRADA-MEDINA-EL-TERCER-ENCUENTRO-DE-LA-DGETI-20173-768x512.jpg",640,427,true],"large":["http:\/\/tvalaire.com\/wp-content\/uploads\/2017\/03\/INAUGURA-ESTRADA-MEDINA-EL-TERCER-ENCUENTRO-DE-LA-DGETI-20173-1024x683.jpg",640,427,true],"post-slider-thumb-size":["http:\/\/tvalaire.com\/wp-content\/uploads\/2017\/03\/INAUGURA-ESTRADA-MEDINA-EL-TERCER-ENCUENTRO-DE-LA-DGETI-20173.jpg",285,190,false],"post-category-slider-size":["http:\/\/tvalaire.com\/wp-content\/uploads\/2017\/03\/INAUGURA-ESTRADA-MEDINA-EL-TERCER-ENCUENTRO-DE-LA-DGETI-20173.jpg",330,220,false],"1536x1536":["http:\/\/tvalaire.com\/wp-content\/uploads\/2017\/03\/INAUGURA-ESTRADA-MEDINA-EL-TERCER-ENCUENTRO-DE-LA-DGETI-20173.jpg",1024,683,false],"2048x2048":["http:\/\/tvalaire.com\/wp-content\/uploads\/2017\/03\/INAUGURA-ESTRADA-MEDINA-EL-TERCER-ENCUENTRO-DE-LA-DGETI-20173.jpg",1024,683,false],"newsium-slider-full":["http:\/\/tvalaire.com\/wp-content\/uploads\/2017\/03\/INAUGURA-ESTRADA-MEDINA-EL-TERCER-ENCUENTRO-DE-LA-DGETI-20173.jpg",1024,683,false],"newsium-featured":["http:\/\/tvalaire.com\/wp-content\/uploads\/2017\/03\/INAUGURA-ESTRADA-MEDINA-EL-TERCER-ENCUENTRO-DE-LA-DGETI-20173.jpg",1024,683,false],"newsium-medium":["http:\/\/tvalaire.com\/wp-content\/uploads\/2017\/03\/INAUGURA-ESTRADA-MEDINA-EL-TERCER-ENCUENTRO-DE-LA-DGETI-20173.jpg",712,475,false]},"author_info":{"info":["tvalairenoti"]},"category_info":"<a href=\"http:\/\/tvalaire.com\/?cat=1\" rel=\"category\">La Piedad<\/a>","tag_info":"La Piedad","comment_count":"0","jetpack_featured_media_url":"http:\/\/tvalaire.com\/wp-content\/uploads\/2017\/03\/INAUGURA-ESTRADA-MEDINA-EL-TERCER-ENCUENTRO-DE-LA-DGETI-20173.jpg","_links":{"self":[{"href":"http:\/\/tvalaire.com\/index.php?rest_route=\/wp\/v2\/posts\/1140"}],"collection":[{"href":"http:\/\/tvalaire.com\/index.php?rest_route=\/wp\/v2\/posts"}],"about":[{"href":"http:\/\/tvalaire.com\/index.php?rest_route=\/wp\/v2\/types\/post"}],"author":[{"embeddable":true,"href":"http:\/\/tvalaire.com\/index.php?rest_route=\/wp\/v2\/users\/1"}],"replies":[{"embeddable":true,"href":"http:\/\/tvalaire.com\/index.php?rest_route=%2Fwp%2Fv2%2Fcomments&post=1140"}],"version-history":[{"count":1,"href":"http:\/\/tvalaire.com\/index.php?rest_route=\/wp\/v2\/posts\/1140\/revisions"}],"predecessor-version":[{"id":1141,"href":"http:\/\/tvalaire.com\/index.php?rest_route=\/wp\/v2\/posts\/1140\/revisions\/1141"}],"wp:featuredmedia":[{"embeddable":true,"href":"http:\/\/tvalaire.com\/index.php?rest_route=\/wp\/v2\/media\/1138"}],"wp:attachment":[{"href":"http:\/\/tvalaire.com\/index.php?rest_route=%2Fwp%2Fv2%2Fmedia&parent=1140"}],"wp:term":[{"taxonomy":"category","embeddable":true,"href":"http:\/\/tvalaire.com\/index.php?rest_route=%2Fwp%2Fv2%2Fcategories&post=1140"},{"taxonomy":"post_tag","embeddable":true,"href":"http:\/\/tvalaire.com\/index.php?rest_route=%2Fwp%2Fv2%2Ftags&post=1140"}],"curies":[{"name":"wp","href":"https:\/\/api.w.org\/{rel}","templated":true}]}}