{"id":11385,"date":"2023-06-05T09:07:45","date_gmt":"2023-06-05T15:07:45","guid":{"rendered":"http:\/\/tvalaire.com\/?p=11385"},"modified":"2023-07-05T09:08:43","modified_gmt":"2023-07-05T15:08:43","slug":"inician-trabajos-de-construccion-de-muro-perimetral-en-preescolar","status":"publish","type":"post","link":"http:\/\/tvalaire.com\/?p=11385","title":{"rendered":"INICIAN TRABAJOS DE CONSTRUCCI\u00d3N DE MURO PERIMETRAL EN PREESCOLAR"},"content":{"rendered":"\n<p><\/p>\n\n\n\n<ul class=\"wp-block-list\">\n<li><strong>Dignificar el espacio en beneficio de los ni\u00f1os el objetivo: Alcalde<\/strong><\/li>\n\n\n\n<li><strong>Hay avances en otras obras que se hacen en vialidades de la ciudad<\/strong><\/li>\n<\/ul>\n\n\n\n<p>\u201cPoder coadyuvar en el desarrollo de la educaci\u00f3n de nuestras ni\u00f1as y ni\u00f1os es primordial para este Gobierno Municipal\u201d, as\u00ed se expres\u00f3 el alcalde Samuel Hidalgo Gallardo, durante el inicio de la obra del muro perimetral que se construir\u00e1 en el Preescolar \u201cAmado Nervo\u201d.<\/p>\n\n\n\n<p>Ante los padres de familia y docentes del plantel educativo, el alcalde Hidalgo Gallardo, reiter\u00f3 su compromiso con este sector de la poblaci\u00f3n y se\u00f1al\u00f3 que la construcci\u00f3n que ah\u00ed se realizar\u00e1 es con el objetivo de poder dignificar el espacio para el benefici\u00f3 de los ni\u00f1os.<\/p>\n\n\n\n<p>Coment\u00f3 tambi\u00e9n que los trabajos a realizarse constan de la habilitaci\u00f3n de un muro de tabique rojo de m\u00e1s de 66 metros cuadrados. Previamente se har\u00e1 la excavaci\u00f3n en el suelo para suministrar y colocar la base y material mezclado.<\/p>\n\n\n\n<p>De igual manera, el Presidente se\u00f1al\u00f3 que obras de dignificaci\u00f3n como la que comienza en ese espacio educativo, tambi\u00e9n se realizan en otros lugares de la ciudad, haciendo referencia a las rehabilitaciones que se hacen en el bulevar, la calle Cereza en Ejido Los Moreno, Pedro Aceves en la Banquetes, calle Tres en Arroyo Delgado y la Josefa Ortiz de Dom\u00ednguez en El Campestre.<\/p>\n","protected":false},"excerpt":{"rendered":"<p>\u201cPoder coadyuvar en el desarrollo de la educaci\u00f3n de nuestras ni\u00f1as y ni\u00f1os es primordial&#8230;<\/p>\n","protected":false},"author":1,"featured_media":11386,"comment_status":"open","ping_status":"open","sticky":false,"template":"","format":"standard","meta":{"jetpack_post_was_ever_published":false,"_jetpack_newsletter_access":"","_jetpack_dont_email_post_to_subs":false,"_jetpack_newsletter_tier_id":0,"_jetpack_memberships_contains_paywalled_content":false,"_jetpack_memberships_contains_paid_content":false,"footnotes":"","jetpack_publicize_message":"","jetpack_publicize_feature_enabled":true,"jetpack_social_post_already_shared":true,"jetpack_social_options":{"image_generator_settings":{"template":"highway","enabled":false},"version":2}},"categories":[1],"tags":[15],"class_list":["post-11385","post","type-post","status-publish","format-standard","has-post-thumbnail","hentry","category-la-piedad","tag-la-piedad"],"jetpack_publicize_connections":[],"jetpack_sharing_enabled":true,"featured_image_urls":{"full":["http:\/\/tvalaire.com\/wp-content\/uploads\/2023\/07\/01-1-1.jpeg",1000,562,false],"thumbnail":["http:\/\/tvalaire.com\/wp-content\/uploads\/2023\/07\/01-1-1-150x150.jpeg",150,150,true],"medium":["http:\/\/tvalaire.com\/wp-content\/uploads\/2023\/07\/01-1-1-300x169.jpeg",300,169,true],"medium_large":["http:\/\/tvalaire.com\/wp-content\/uploads\/2023\/07\/01-1-1-768x432.jpeg",640,360,true],"large":["http:\/\/tvalaire.com\/wp-content\/uploads\/2023\/07\/01-1-1.jpeg",640,360,false],"post-slider-thumb-size":["http:\/\/tvalaire.com\/wp-content\/uploads\/2023\/07\/01-1-1-330x190.jpeg",330,190,true],"post-category-slider-size":["http:\/\/tvalaire.com\/wp-content\/uploads\/2023\/07\/01-1-1.jpeg",330,185,false],"1536x1536":["http:\/\/tvalaire.com\/wp-content\/uploads\/2023\/07\/01-1-1.jpeg",1000,562,false],"2048x2048":["http:\/\/tvalaire.com\/wp-content\/uploads\/2023\/07\/01-1-1.jpeg",1000,562,false],"newsium-slider-full":["http:\/\/tvalaire.com\/wp-content\/uploads\/2023\/07\/01-1-1.jpeg",1000,562,false],"newsium-featured":["http:\/\/tvalaire.com\/wp-content\/uploads\/2023\/07\/01-1-1.jpeg",1000,562,false],"newsium-medium":["http:\/\/tvalaire.com\/wp-content\/uploads\/2023\/07\/01-1-1-720x475.jpeg",720,475,true]},"author_info":{"info":["tvalairenoti"]},"category_info":"<a href=\"http:\/\/tvalaire.com\/?cat=1\" rel=\"category\">La Piedad<\/a>","tag_info":"La Piedad","comment_count":"0","jetpack_featured_media_url":"http:\/\/tvalaire.com\/wp-content\/uploads\/2023\/07\/01-1-1.jpeg","_links":{"self":[{"href":"http:\/\/tvalaire.com\/index.php?rest_route=\/wp\/v2\/posts\/11385"}],"collection":[{"href":"http:\/\/tvalaire.com\/index.php?rest_route=\/wp\/v2\/posts"}],"about":[{"href":"http:\/\/tvalaire.com\/index.php?rest_route=\/wp\/v2\/types\/post"}],"author":[{"embeddable":true,"href":"http:\/\/tvalaire.com\/index.php?rest_route=\/wp\/v2\/users\/1"}],"replies":[{"embeddable":true,"href":"http:\/\/tvalaire.com\/index.php?rest_route=%2Fwp%2Fv2%2Fcomments&post=11385"}],"version-history":[{"count":1,"href":"http:\/\/tvalaire.com\/index.php?rest_route=\/wp\/v2\/posts\/11385\/revisions"}],"predecessor-version":[{"id":11387,"href":"http:\/\/tvalaire.com\/index.php?rest_route=\/wp\/v2\/posts\/11385\/revisions\/11387"}],"wp:featuredmedia":[{"embeddable":true,"href":"http:\/\/tvalaire.com\/index.php?rest_route=\/wp\/v2\/media\/11386"}],"wp:attachment":[{"href":"http:\/\/tvalaire.com\/index.php?rest_route=%2Fwp%2Fv2%2Fmedia&parent=11385"}],"wp:term":[{"taxonomy":"category","embeddable":true,"href":"http:\/\/tvalaire.com\/index.php?rest_route=%2Fwp%2Fv2%2Fcategories&post=11385"},{"taxonomy":"post_tag","embeddable":true,"href":"http:\/\/tvalaire.com\/index.php?rest_route=%2Fwp%2Fv2%2Ftags&post=11385"}],"curies":[{"name":"wp","href":"https:\/\/api.w.org\/{rel}","templated":true}]}}