{"id":11373,"date":"2023-06-08T09:03:44","date_gmt":"2023-06-08T15:03:44","guid":{"rendered":"http:\/\/tvalaire.com\/?p=11373"},"modified":"2023-07-05T09:04:36","modified_gmt":"2023-07-05T15:04:36","slug":"autoridades-municipales-reconocen-a-periodistas-en-su-dia","status":"publish","type":"post","link":"http:\/\/tvalaire.com\/?p=11373","title":{"rendered":"AUTORIDADES MUNICIPALES RECONOCEN A PERIODISTAS EN SU D\u00cdA"},"content":{"rendered":"\n<p><\/p>\n\n\n\n<ul class=\"wp-block-list\">\n<li><strong>Invita Alcalde a que sigan trabajando con objetividad<\/strong><\/li>\n\n\n\n<li><strong>Rosalba Guzm\u00e1n, Ricardo Rodr\u00edguez y Eduardo Ruiz los galardonados<a><\/a><\/strong><\/li>\n<\/ul>\n\n\n\n<p>En el marco del D\u00eda de la Libertad de Expresi\u00f3n, las autoridades municipales de La Piedad encabezadas por el alcalde Samuel Hidalgo Gallardo, hicieron entrega de reconocimientos a la labor que realizan los reporteros de la localidad y de la regi\u00f3n a trav\u00e9s de sus medios de comunicaci\u00f3n.<\/p>\n\n\n\n<p>Ah\u00ed, el presidente Hidalgo Gallardo, habl\u00f3 y reconoci\u00f3 a los galardonadospor el D\u00eda Municipal del Periodista, y dijo saber lo importante y dif\u00edcil que es la labor, pues deben transmitir sus noticias con claridad, respeto y objetividad en cualquiera de los eventos que suelen cubrir.<\/p>\n\n\n\n<p>Asimismo, hizo un llamado a todos los reporteros, para que en sus trabajos reporteriles se sigan conduciendo por el camino de la veracidad, la objetividad e inmediatez, con el principal objetivo de mantener lo mejor informado a sup\u00fablico.&nbsp;<\/p>\n\n\n\n<p>En su intervenci\u00f3n, el Director de Comunicaci\u00f3n Social, de la actual Administraci\u00f3n, Rodolfo Ram\u00edrez Morales, a nombre del Presidente dirigi\u00f3 un discurso en el que destac\u00f3 la importante labor que cumplen los medios, al realizar su trabajo para mantener informado a los ciudadanos que los siguen en sus diferentes plataformas informativas.<\/p>\n\n\n\n<p>Ram\u00edrez Morales, coment\u00f3 \u201cCuando hablamos de nuestro prop\u00f3sito, sin duda, tenemos que seguir nuestros talentos, aquello en lo que destacamos y hacemos correctamente, y ustedes hoy est\u00e1n aqu\u00ed por ese prop\u00f3sito, ese camino que han seguido a lo largo de su vida y los ha convertido en lo que son ahora, periodistas reconocidos de nuestro municipio\u201d, se\u00f1al\u00f3 el funcionario<\/p>\n\n\n\n<p>Es de mencionar que, para esta ocasi\u00f3n, Rosalba Guzm\u00e1n Ayala, fue quien recibi\u00f3 un reconocimiento especial por su trayectoria de 30 a\u00f1os de trabajo que durante este tiempo ha realizado en varios medios de comunicaci\u00f3n en la localidad,as\u00ed como a Ricardo Rodr\u00edguez, por sus 27 a\u00f1os de labor y a Eduardo Ruiz, por 23 a\u00f1os en los medios.<\/p>\n\n\n\n<p>De igual manera a los representantes de m\u00e1s de 16 medios informativos de la ciudad, as\u00ed como a otros invitados se les hizo entrega de un reconocimiento por parte del Gobierno Municipal.<\/p>\n","protected":false},"excerpt":{"rendered":"<p>En el marco del D\u00eda de la Libertad de Expresi\u00f3n, las autoridades municipales de La&#8230;<\/p>\n","protected":false},"author":1,"featured_media":11374,"comment_status":"open","ping_status":"open","sticky":false,"template":"","format":"standard","meta":{"jetpack_post_was_ever_published":false,"_jetpack_newsletter_access":"","_jetpack_dont_email_post_to_subs":false,"_jetpack_newsletter_tier_id":0,"_jetpack_memberships_contains_paywalled_content":false,"_jetpack_memberships_contains_paid_content":false,"footnotes":"","jetpack_publicize_message":"","jetpack_publicize_feature_enabled":true,"jetpack_social_post_already_shared":true,"jetpack_social_options":{"image_generator_settings":{"template":"highway","enabled":false},"version":2}},"categories":[1],"tags":[15],"class_list":["post-11373","post","type-post","status-publish","format-standard","has-post-thumbnail","hentry","category-la-piedad","tag-la-piedad"],"jetpack_publicize_connections":[],"jetpack_sharing_enabled":true,"featured_image_urls":{"full":["http:\/\/tvalaire.com\/wp-content\/uploads\/2023\/07\/WhatsApp-Image-2023-06-08-at-3.37.04-PM.jpeg",1280,855,false],"thumbnail":["http:\/\/tvalaire.com\/wp-content\/uploads\/2023\/07\/WhatsApp-Image-2023-06-08-at-3.37.04-PM-150x150.jpeg",150,150,true],"medium":["http:\/\/tvalaire.com\/wp-content\/uploads\/2023\/07\/WhatsApp-Image-2023-06-08-at-3.37.04-PM-300x200.jpeg",300,200,true],"medium_large":["http:\/\/tvalaire.com\/wp-content\/uploads\/2023\/07\/WhatsApp-Image-2023-06-08-at-3.37.04-PM-768x513.jpeg",640,428,true],"large":["http:\/\/tvalaire.com\/wp-content\/uploads\/2023\/07\/WhatsApp-Image-2023-06-08-at-3.37.04-PM-1024x684.jpeg",640,428,true],"post-slider-thumb-size":["http:\/\/tvalaire.com\/wp-content\/uploads\/2023\/07\/WhatsApp-Image-2023-06-08-at-3.37.04-PM-330x190.jpeg",330,190,true],"post-category-slider-size":["http:\/\/tvalaire.com\/wp-content\/uploads\/2023\/07\/WhatsApp-Image-2023-06-08-at-3.37.04-PM.jpeg",330,220,false],"1536x1536":["http:\/\/tvalaire.com\/wp-content\/uploads\/2023\/07\/WhatsApp-Image-2023-06-08-at-3.37.04-PM.jpeg",1280,855,false],"2048x2048":["http:\/\/tvalaire.com\/wp-content\/uploads\/2023\/07\/WhatsApp-Image-2023-06-08-at-3.37.04-PM.jpeg",1280,855,false],"newsium-slider-full":["http:\/\/tvalaire.com\/wp-content\/uploads\/2023\/07\/WhatsApp-Image-2023-06-08-at-3.37.04-PM-1280x845.jpeg",1280,845,true],"newsium-featured":["http:\/\/tvalaire.com\/wp-content\/uploads\/2023\/07\/WhatsApp-Image-2023-06-08-at-3.37.04-PM-1024x684.jpeg",1024,684,true],"newsium-medium":["http:\/\/tvalaire.com\/wp-content\/uploads\/2023\/07\/WhatsApp-Image-2023-06-08-at-3.37.04-PM-720x475.jpeg",720,475,true]},"author_info":{"info":["tvalairenoti"]},"category_info":"<a href=\"http:\/\/tvalaire.com\/?cat=1\" rel=\"category\">La Piedad<\/a>","tag_info":"La Piedad","comment_count":"0","jetpack_featured_media_url":"http:\/\/tvalaire.com\/wp-content\/uploads\/2023\/07\/WhatsApp-Image-2023-06-08-at-3.37.04-PM.jpeg","_links":{"self":[{"href":"http:\/\/tvalaire.com\/index.php?rest_route=\/wp\/v2\/posts\/11373"}],"collection":[{"href":"http:\/\/tvalaire.com\/index.php?rest_route=\/wp\/v2\/posts"}],"about":[{"href":"http:\/\/tvalaire.com\/index.php?rest_route=\/wp\/v2\/types\/post"}],"author":[{"embeddable":true,"href":"http:\/\/tvalaire.com\/index.php?rest_route=\/wp\/v2\/users\/1"}],"replies":[{"embeddable":true,"href":"http:\/\/tvalaire.com\/index.php?rest_route=%2Fwp%2Fv2%2Fcomments&post=11373"}],"version-history":[{"count":1,"href":"http:\/\/tvalaire.com\/index.php?rest_route=\/wp\/v2\/posts\/11373\/revisions"}],"predecessor-version":[{"id":11375,"href":"http:\/\/tvalaire.com\/index.php?rest_route=\/wp\/v2\/posts\/11373\/revisions\/11375"}],"wp:featuredmedia":[{"embeddable":true,"href":"http:\/\/tvalaire.com\/index.php?rest_route=\/wp\/v2\/media\/11374"}],"wp:attachment":[{"href":"http:\/\/tvalaire.com\/index.php?rest_route=%2Fwp%2Fv2%2Fmedia&parent=11373"}],"wp:term":[{"taxonomy":"category","embeddable":true,"href":"http:\/\/tvalaire.com\/index.php?rest_route=%2Fwp%2Fv2%2Fcategories&post=11373"},{"taxonomy":"post_tag","embeddable":true,"href":"http:\/\/tvalaire.com\/index.php?rest_route=%2Fwp%2Fv2%2Ftags&post=11373"}],"curies":[{"name":"wp","href":"https:\/\/api.w.org\/{rel}","templated":true}]}}