{"id":11364,"date":"2023-06-15T08:59:29","date_gmt":"2023-06-15T14:59:29","guid":{"rendered":"http:\/\/tvalaire.com\/?p=11364"},"modified":"2023-07-05T09:00:47","modified_gmt":"2023-07-05T15:00:47","slug":"promueve-sistema-dif-programa-salud-en-tu-colonia","status":"publish","type":"post","link":"http:\/\/tvalaire.com\/?p=11364","title":{"rendered":"PROMUEVE SISTEMA DIF PROGRAMA SALUD EN TU COLONIA"},"content":{"rendered":"\n<p><\/p>\n\n\n\n<ul class=\"wp-block-list\">\n<li><strong>Reforzar\u00e1 las acciones de la Red Municipal de Salud<\/strong><\/li>\n\n\n\n<li><strong>Cada 15 d\u00edas se visitar\u00e1n diferentes colonias y comunidades de la ciudad<\/strong><\/li>\n<\/ul>\n\n\n\n<p>El Gobierno Municipal a trav\u00e9s del Sistema para el Desarrollo Integral de la Familia (DIF) estuvo en el fraccionamiento Villas de la Loma, en donde se inici\u00f3 con las actividades del Programa \u201cSalud en tu colonia\u201d.<\/p>\n\n\n\n<p>Ser\u00e1 por medio de la Unidad M\u00f3vil de Salud, que se estar\u00e1n visitando diferentes puntos de la ciudad, as\u00ed como comunidades a fin de ofrecer consultas en medicina en general, dentista, optometrista, nutrici\u00f3n, cortes de cabello, entre otros servicios de asistencia social.<\/p>\n\n\n\n<p>Aunado a estas acciones el alcalde Samuel Hidalgo, destac\u00f3 que este esquema de trabajo que se emprende por parte del Sistema DIF, reforzar\u00e1 las acciones que se desarrollan por la Red Municipal de Salud, en los Centros Comunitarios de las colonias Vasco de Quiroga, Santa Fe y Laureles.<\/p>\n\n\n\n<p>Subray\u00f3 el Presidente que los servicios en su mayor\u00eda son sin costo alguno, salvo el examen de la vista que maneja costos preferenciales para quien lo requiera. De igual manera dio a conocer que se tiene programado que la brigada de salud m\u00f3vil se lleve a cabo cada 15 d\u00edas a diversos puntos del municipio.<\/p>\n\n\n\n<p>Resalt\u00f3 que el objetivo principal es poder acercar los servicios a quienes por alguna raz\u00f3n no pueden acudir a las instancias de la Red Municipal de Salud, De esta manera se contribuye a la mejora de la salud y un ahorro en la econom\u00eda de la ciudadan\u00eda que acude. <a><\/a><\/p>\n","protected":false},"excerpt":{"rendered":"<p>El Gobierno Municipal a trav\u00e9s del Sistema para el Desarrollo Integral de la Familia (DIF)&#8230;<\/p>\n","protected":false},"author":1,"featured_media":11365,"comment_status":"open","ping_status":"open","sticky":false,"template":"","format":"standard","meta":{"jetpack_post_was_ever_published":false,"_jetpack_newsletter_access":"","_jetpack_dont_email_post_to_subs":false,"_jetpack_newsletter_tier_id":0,"_jetpack_memberships_contains_paywalled_content":false,"_jetpack_memberships_contains_paid_content":false,"footnotes":"","jetpack_publicize_message":"","jetpack_publicize_feature_enabled":true,"jetpack_social_post_already_shared":true,"jetpack_social_options":{"image_generator_settings":{"template":"highway","enabled":false},"version":2}},"categories":[1],"tags":[15],"class_list":["post-11364","post","type-post","status-publish","format-standard","has-post-thumbnail","hentry","category-la-piedad","tag-la-piedad"],"jetpack_publicize_connections":[],"jetpack_sharing_enabled":true,"featured_image_urls":{"full":["http:\/\/tvalaire.com\/wp-content\/uploads\/2023\/07\/01-1-scaled.jpg",2560,1703,false],"thumbnail":["http:\/\/tvalaire.com\/wp-content\/uploads\/2023\/07\/01-1-150x150.jpg",150,150,true],"medium":["http:\/\/tvalaire.com\/wp-content\/uploads\/2023\/07\/01-1-300x200.jpg",300,200,true],"medium_large":["http:\/\/tvalaire.com\/wp-content\/uploads\/2023\/07\/01-1-768x511.jpg",640,426,true],"large":["http:\/\/tvalaire.com\/wp-content\/uploads\/2023\/07\/01-1-1024x681.jpg",640,426,true],"post-slider-thumb-size":["http:\/\/tvalaire.com\/wp-content\/uploads\/2023\/07\/01-1-330x190.jpg",330,190,true],"post-category-slider-size":["http:\/\/tvalaire.com\/wp-content\/uploads\/2023\/07\/01-1-scaled.jpg",330,220,false],"1536x1536":["http:\/\/tvalaire.com\/wp-content\/uploads\/2023\/07\/01-1-1536x1022.jpg",1536,1022,true],"2048x2048":["http:\/\/tvalaire.com\/wp-content\/uploads\/2023\/07\/01-1-2048x1363.jpg",2048,1363,true],"newsium-slider-full":["http:\/\/tvalaire.com\/wp-content\/uploads\/2023\/07\/01-1-1280x845.jpg",1280,845,true],"newsium-featured":["http:\/\/tvalaire.com\/wp-content\/uploads\/2023\/07\/01-1-1024x681.jpg",1024,681,true],"newsium-medium":["http:\/\/tvalaire.com\/wp-content\/uploads\/2023\/07\/01-1-720x475.jpg",720,475,true]},"author_info":{"info":["tvalairenoti"]},"category_info":"<a href=\"http:\/\/tvalaire.com\/?cat=1\" rel=\"category\">La Piedad<\/a>","tag_info":"La Piedad","comment_count":"0","jetpack_featured_media_url":"http:\/\/tvalaire.com\/wp-content\/uploads\/2023\/07\/01-1-scaled.jpg","_links":{"self":[{"href":"http:\/\/tvalaire.com\/index.php?rest_route=\/wp\/v2\/posts\/11364"}],"collection":[{"href":"http:\/\/tvalaire.com\/index.php?rest_route=\/wp\/v2\/posts"}],"about":[{"href":"http:\/\/tvalaire.com\/index.php?rest_route=\/wp\/v2\/types\/post"}],"author":[{"embeddable":true,"href":"http:\/\/tvalaire.com\/index.php?rest_route=\/wp\/v2\/users\/1"}],"replies":[{"embeddable":true,"href":"http:\/\/tvalaire.com\/index.php?rest_route=%2Fwp%2Fv2%2Fcomments&post=11364"}],"version-history":[{"count":1,"href":"http:\/\/tvalaire.com\/index.php?rest_route=\/wp\/v2\/posts\/11364\/revisions"}],"predecessor-version":[{"id":11366,"href":"http:\/\/tvalaire.com\/index.php?rest_route=\/wp\/v2\/posts\/11364\/revisions\/11366"}],"wp:featuredmedia":[{"embeddable":true,"href":"http:\/\/tvalaire.com\/index.php?rest_route=\/wp\/v2\/media\/11365"}],"wp:attachment":[{"href":"http:\/\/tvalaire.com\/index.php?rest_route=%2Fwp%2Fv2%2Fmedia&parent=11364"}],"wp:term":[{"taxonomy":"category","embeddable":true,"href":"http:\/\/tvalaire.com\/index.php?rest_route=%2Fwp%2Fv2%2Fcategories&post=11364"},{"taxonomy":"post_tag","embeddable":true,"href":"http:\/\/tvalaire.com\/index.php?rest_route=%2Fwp%2Fv2%2Ftags&post=11364"}],"curies":[{"name":"wp","href":"https:\/\/api.w.org\/{rel}","templated":true}]}}