{"id":11355,"date":"2023-06-19T08:55:37","date_gmt":"2023-06-19T14:55:37","guid":{"rendered":"http:\/\/tvalaire.com\/?p=11355"},"modified":"2023-07-05T08:56:31","modified_gmt":"2023-07-05T14:56:31","slug":"presidente-de-la-piedad-da-banderazo-para-la-rehabilitacion-de-calle-san-juan","status":"publish","type":"post","link":"http:\/\/tvalaire.com\/?p=11355","title":{"rendered":"PRESIDENTE DE LA PIEDAD DA BANDERAZO PARA LA REHABILITACI\u00d3N DE CALLE SAN JUAN"},"content":{"rendered":"\n<p><\/p>\n\n\n\n<ul class=\"wp-block-list\">\n<li>Seguridad peatonal y movilidad vehicular en zona urbana del municipio<\/li>\n\n\n\n<li>Rehabilitaci\u00f3n integral de 725 metros lineales con material asfaltico<\/li>\n<\/ul>\n\n\n\n<p>A fin de rehabilitar la calle San Juan, las autoridades municipales encabezadas por el alcalde Samuel Hidalgo Gallardo, en compa\u00f1\u00eda de funcionarios e integrantes del Ayuntamiento, dieron el banderazo oficial para comenzar con los trabajos del mejoramiento de la carpeta asf\u00e1ltica de esa importante vialidad en la ciudad.<\/p>\n\n\n\n<p>En su mensaje el presidente Hidalgo Gallardo, destac\u00f3 que las acciones que all\u00ed se realizar\u00e1n tienen como principal objetivo la rehabilitaci\u00f3n integral de 725 metros lineales con material asf\u00e1ltico y as\u00ed seguir contribuyendo a que la movilidad vehicular y seguridad peatonal sea m\u00e1s eficiente en la zona urbana del municipio.<\/p>\n\n\n\n<p>De igual manera destac\u00f3 el Alcalde que aunado a estos trabajos est\u00e1n los que se realizan en un tramo del bulevar \u201cL\u00e1zaro C\u00e1rdenas\u201d, subrayando que gracias a los trabajos y el avance en el mismo, pronto ese carril central estar\u00e1 nuevamente abierto a la circulaci\u00f3n y con las especificaciones adecuadas y \u00f3ptimas que la SCT requiere para este tipo de proyectos.<\/p>\n\n\n\n<p>El Alcalde extendi\u00f3 una invitaci\u00f3n a la ciudadan\u00eda en general para que sigan tomando sus precauciones al manejar por los tramos que est\u00e1n siendo reparados, los cuales dijo que si de momento las obras pueden ser inc\u00f3modas, ser\u00e1 en poco tiempo que se tendr\u00e1 el beneficio para todos. Se\u00f1al\u00f3 que de momento si es posible se tomen v\u00edas alternas por las obras en proceso.<a><\/a><\/p>\n","protected":false},"excerpt":{"rendered":"<p>A fin de rehabilitar la calle San Juan, las autoridades municipales encabezadas por el alcalde&#8230;<\/p>\n","protected":false},"author":1,"featured_media":11356,"comment_status":"open","ping_status":"open","sticky":false,"template":"","format":"standard","meta":{"jetpack_post_was_ever_published":false,"_jetpack_newsletter_access":"","_jetpack_dont_email_post_to_subs":false,"_jetpack_newsletter_tier_id":0,"_jetpack_memberships_contains_paywalled_content":false,"_jetpack_memberships_contains_paid_content":false,"footnotes":"","jetpack_publicize_message":"","jetpack_publicize_feature_enabled":true,"jetpack_social_post_already_shared":true,"jetpack_social_options":{"image_generator_settings":{"template":"highway","enabled":false},"version":2}},"categories":[1],"tags":[15],"class_list":["post-11355","post","type-post","status-publish","format-standard","has-post-thumbnail","hentry","category-la-piedad","tag-la-piedad"],"jetpack_publicize_connections":[],"jetpack_sharing_enabled":true,"featured_image_urls":{"full":["http:\/\/tvalaire.com\/wp-content\/uploads\/2023\/07\/1-3.jpeg",1280,853,false],"thumbnail":["http:\/\/tvalaire.com\/wp-content\/uploads\/2023\/07\/1-3-150x150.jpeg",150,150,true],"medium":["http:\/\/tvalaire.com\/wp-content\/uploads\/2023\/07\/1-3-300x200.jpeg",300,200,true],"medium_large":["http:\/\/tvalaire.com\/wp-content\/uploads\/2023\/07\/1-3-768x512.jpeg",640,427,true],"large":["http:\/\/tvalaire.com\/wp-content\/uploads\/2023\/07\/1-3-1024x682.jpeg",640,426,true],"post-slider-thumb-size":["http:\/\/tvalaire.com\/wp-content\/uploads\/2023\/07\/1-3-330x190.jpeg",330,190,true],"post-category-slider-size":["http:\/\/tvalaire.com\/wp-content\/uploads\/2023\/07\/1-3.jpeg",330,220,false],"1536x1536":["http:\/\/tvalaire.com\/wp-content\/uploads\/2023\/07\/1-3.jpeg",1280,853,false],"2048x2048":["http:\/\/tvalaire.com\/wp-content\/uploads\/2023\/07\/1-3.jpeg",1280,853,false],"newsium-slider-full":["http:\/\/tvalaire.com\/wp-content\/uploads\/2023\/07\/1-3-1280x845.jpeg",1280,845,true],"newsium-featured":["http:\/\/tvalaire.com\/wp-content\/uploads\/2023\/07\/1-3-1024x682.jpeg",1024,682,true],"newsium-medium":["http:\/\/tvalaire.com\/wp-content\/uploads\/2023\/07\/1-3-720x475.jpeg",720,475,true]},"author_info":{"info":["tvalairenoti"]},"category_info":"<a href=\"http:\/\/tvalaire.com\/?cat=1\" rel=\"category\">La Piedad<\/a>","tag_info":"La Piedad","comment_count":"0","jetpack_featured_media_url":"http:\/\/tvalaire.com\/wp-content\/uploads\/2023\/07\/1-3.jpeg","_links":{"self":[{"href":"http:\/\/tvalaire.com\/index.php?rest_route=\/wp\/v2\/posts\/11355"}],"collection":[{"href":"http:\/\/tvalaire.com\/index.php?rest_route=\/wp\/v2\/posts"}],"about":[{"href":"http:\/\/tvalaire.com\/index.php?rest_route=\/wp\/v2\/types\/post"}],"author":[{"embeddable":true,"href":"http:\/\/tvalaire.com\/index.php?rest_route=\/wp\/v2\/users\/1"}],"replies":[{"embeddable":true,"href":"http:\/\/tvalaire.com\/index.php?rest_route=%2Fwp%2Fv2%2Fcomments&post=11355"}],"version-history":[{"count":1,"href":"http:\/\/tvalaire.com\/index.php?rest_route=\/wp\/v2\/posts\/11355\/revisions"}],"predecessor-version":[{"id":11357,"href":"http:\/\/tvalaire.com\/index.php?rest_route=\/wp\/v2\/posts\/11355\/revisions\/11357"}],"wp:featuredmedia":[{"embeddable":true,"href":"http:\/\/tvalaire.com\/index.php?rest_route=\/wp\/v2\/media\/11356"}],"wp:attachment":[{"href":"http:\/\/tvalaire.com\/index.php?rest_route=%2Fwp%2Fv2%2Fmedia&parent=11355"}],"wp:term":[{"taxonomy":"category","embeddable":true,"href":"http:\/\/tvalaire.com\/index.php?rest_route=%2Fwp%2Fv2%2Fcategories&post=11355"},{"taxonomy":"post_tag","embeddable":true,"href":"http:\/\/tvalaire.com\/index.php?rest_route=%2Fwp%2Fv2%2Ftags&post=11355"}],"curies":[{"name":"wp","href":"https:\/\/api.w.org\/{rel}","templated":true}]}}