{"id":11352,"date":"2023-06-20T08:54:18","date_gmt":"2023-06-20T14:54:18","guid":{"rendered":"http:\/\/tvalaire.com\/?p=11352"},"modified":"2023-07-05T08:55:26","modified_gmt":"2023-07-05T14:55:26","slug":"instituto-de-la-juventud-piedadense-concluye-taller-cantera-de-lideres","status":"publish","type":"post","link":"http:\/\/tvalaire.com\/?p=11352","title":{"rendered":"INSTITUTO DE LA JUVENTUD PIEDADENSE CONCLUYE TALLER \u201cCANTERA DE L\u00cdDERES\u201d"},"content":{"rendered":"\n<p><\/p>\n\n\n\n<ul class=\"wp-block-list\">\n<li>26 j\u00f3venes piedadenses participan en taller para formaci\u00f3n de l\u00edderes<\/li>\n\n\n\n<li>Imparten temas sobre valores, principios, bien com\u00fan, entre otros<\/li>\n<\/ul>\n\n\n\n<p>El Gobierno Municipal de La Piedad, a trav\u00e9s del Instituto Municipal de la Juventud Piedadense, en colaboraci\u00f3n con The X Makers, dieron por concluido el taller \u201cCantera de L\u00edderes\u201d, mismo que tuvo como objetivo formar lideres juveniles a trav\u00e9s de temas actuales que fortalecen su formaci\u00f3n en pro de una mejor sociedad.<\/p>\n\n\n\n<p>El taller inici\u00f3 el pasado s\u00e1bado 13 de mayo, donde durante seis sesiones, 26 j\u00f3venes de entre 12 y 29 a\u00f1os, aprendieron sobre la profundizaci\u00f3n de los valores, los principios, el servicio, el bien com\u00fan y la dignidad humana, todo ello con la finalidad de que los j\u00f3venes piedadenses contribuyan en el mejoramiento de su entorno.<\/p>\n\n\n\n<p>Dentro de los t\u00f3picos que se impartieron, fueron: M\u00e9xico Actual, Retos y Oportunidades, Organizaci\u00f3n de Eventos, Liderazgo basado en el servicio, Debate, L\u00edderes Juveniles y Responsabilidad Social, Gesti\u00f3n efectiva del tiempo, Valores del L\u00edder, Tipos de Liderazgo y Liderazgo Creativo.<\/p>\n\n\n\n<p>Por su parte, el taller estuvo impartido por diferentes personalidades, entre ellas ellicenciado Hugo Anaya \u00c1vila, Diputado Local, el ingeniero Jos\u00e9 Antonio Herrera Jim\u00e9nez, Rector de la Universidad Vasco de Quiroga, as\u00ed como la licenciada Alejandra Noem\u00ed Reynoso S\u00e1nchez, Senadora de la Republica y el licenciadoRub\u00e9n Loya Quintero, Director de operaciones de The X Makers.<\/p>\n\n\n\n<p>Al finalizar el taller, Diego Pimenteldirector de Instituto de la Juventud Piedadenses en compa\u00f1\u00eda de los regidores del Ayuntamiento hicieron entrega de constancias a los j\u00f3venes que participaron, as\u00ed como una beca para poder aprender el idioma ingl\u00e9s en Vocablo. <a><\/a><\/p>\n","protected":false},"excerpt":{"rendered":"<p>El Gobierno Municipal de La Piedad, a trav\u00e9s del Instituto Municipal de la Juventud Piedadense,&#8230;<\/p>\n","protected":false},"author":1,"featured_media":11353,"comment_status":"open","ping_status":"open","sticky":false,"template":"","format":"standard","meta":{"jetpack_post_was_ever_published":false,"_jetpack_newsletter_access":"","_jetpack_dont_email_post_to_subs":false,"_jetpack_newsletter_tier_id":0,"_jetpack_memberships_contains_paywalled_content":false,"_jetpack_memberships_contains_paid_content":false,"footnotes":"","jetpack_publicize_message":"","jetpack_publicize_feature_enabled":true,"jetpack_social_post_already_shared":true,"jetpack_social_options":{"image_generator_settings":{"template":"highway","enabled":false},"version":2}},"categories":[1],"tags":[15],"class_list":["post-11352","post","type-post","status-publish","format-standard","has-post-thumbnail","hentry","category-la-piedad","tag-la-piedad"],"jetpack_publicize_connections":[],"jetpack_sharing_enabled":true,"featured_image_urls":{"full":["http:\/\/tvalaire.com\/wp-content\/uploads\/2023\/07\/1-2-3.jpeg",1000,667,false],"thumbnail":["http:\/\/tvalaire.com\/wp-content\/uploads\/2023\/07\/1-2-3-150x150.jpeg",150,150,true],"medium":["http:\/\/tvalaire.com\/wp-content\/uploads\/2023\/07\/1-2-3-300x200.jpeg",300,200,true],"medium_large":["http:\/\/tvalaire.com\/wp-content\/uploads\/2023\/07\/1-2-3-768x512.jpeg",640,427,true],"large":["http:\/\/tvalaire.com\/wp-content\/uploads\/2023\/07\/1-2-3.jpeg",640,427,false],"post-slider-thumb-size":["http:\/\/tvalaire.com\/wp-content\/uploads\/2023\/07\/1-2-3-330x190.jpeg",330,190,true],"post-category-slider-size":["http:\/\/tvalaire.com\/wp-content\/uploads\/2023\/07\/1-2-3.jpeg",330,220,false],"1536x1536":["http:\/\/tvalaire.com\/wp-content\/uploads\/2023\/07\/1-2-3.jpeg",1000,667,false],"2048x2048":["http:\/\/tvalaire.com\/wp-content\/uploads\/2023\/07\/1-2-3.jpeg",1000,667,false],"newsium-slider-full":["http:\/\/tvalaire.com\/wp-content\/uploads\/2023\/07\/1-2-3.jpeg",1000,667,false],"newsium-featured":["http:\/\/tvalaire.com\/wp-content\/uploads\/2023\/07\/1-2-3.jpeg",1000,667,false],"newsium-medium":["http:\/\/tvalaire.com\/wp-content\/uploads\/2023\/07\/1-2-3-720x475.jpeg",720,475,true]},"author_info":{"info":["tvalairenoti"]},"category_info":"<a href=\"http:\/\/tvalaire.com\/?cat=1\" rel=\"category\">La Piedad<\/a>","tag_info":"La Piedad","comment_count":"0","jetpack_featured_media_url":"http:\/\/tvalaire.com\/wp-content\/uploads\/2023\/07\/1-2-3.jpeg","_links":{"self":[{"href":"http:\/\/tvalaire.com\/index.php?rest_route=\/wp\/v2\/posts\/11352"}],"collection":[{"href":"http:\/\/tvalaire.com\/index.php?rest_route=\/wp\/v2\/posts"}],"about":[{"href":"http:\/\/tvalaire.com\/index.php?rest_route=\/wp\/v2\/types\/post"}],"author":[{"embeddable":true,"href":"http:\/\/tvalaire.com\/index.php?rest_route=\/wp\/v2\/users\/1"}],"replies":[{"embeddable":true,"href":"http:\/\/tvalaire.com\/index.php?rest_route=%2Fwp%2Fv2%2Fcomments&post=11352"}],"version-history":[{"count":1,"href":"http:\/\/tvalaire.com\/index.php?rest_route=\/wp\/v2\/posts\/11352\/revisions"}],"predecessor-version":[{"id":11354,"href":"http:\/\/tvalaire.com\/index.php?rest_route=\/wp\/v2\/posts\/11352\/revisions\/11354"}],"wp:featuredmedia":[{"embeddable":true,"href":"http:\/\/tvalaire.com\/index.php?rest_route=\/wp\/v2\/media\/11353"}],"wp:attachment":[{"href":"http:\/\/tvalaire.com\/index.php?rest_route=%2Fwp%2Fv2%2Fmedia&parent=11352"}],"wp:term":[{"taxonomy":"category","embeddable":true,"href":"http:\/\/tvalaire.com\/index.php?rest_route=%2Fwp%2Fv2%2Fcategories&post=11352"},{"taxonomy":"post_tag","embeddable":true,"href":"http:\/\/tvalaire.com\/index.php?rest_route=%2Fwp%2Fv2%2Ftags&post=11352"}],"curies":[{"name":"wp","href":"https:\/\/api.w.org\/{rel}","templated":true}]}}