{"id":11349,"date":"2023-06-23T08:52:22","date_gmt":"2023-06-23T14:52:22","guid":{"rendered":"http:\/\/tvalaire.com\/?p=11349"},"modified":"2023-07-05T08:53:54","modified_gmt":"2023-07-05T14:53:54","slug":"instituto-de-la-mujer-piedadense-realiza-taller-construyendo-juntos-la-equidad","status":"publish","type":"post","link":"http:\/\/tvalaire.com\/?p=11349","title":{"rendered":"INSTITUTO DE LA MUJER PIEDADENSE REALIZA TALLER \u201cCONSTRUYENDO JUNTOS LA EQUIDAD\u201d"},"content":{"rendered":"\n<p><\/p>\n\n\n\n<p>Ni\u00f1os y padres de familia de la escuela primaria Jos\u00e9 Mar\u00eda Cabadas participan en taller<\/p>\n\n\n\n<ul class=\"wp-block-list\">\n<li>Abordan temas de seguridad, estilo de vida saludable y c\u00f3mo evitar riesgos<\/li>\n<\/ul>\n\n\n\n<p>A trav\u00e9s del Instituto Municipal de la Mujer Piedadense, se llev\u00f3 a cabo el taller \u201cConstruyendo juntos la equidad\u201d, en la escuela primaria Jos\u00e9 Mar\u00eda Cabadas, donde ni\u00f1os de sexto a\u00f1o, conocieron trav\u00e9s de esta platica la importancia y la pr\u00e1ctica constante de los valores humanos. <a><\/a><\/p>\n\n\n\n<p>El principal objetivo del taller, es brindar las herramientas necesarias para enfrentar de manera positiva las situaciones de riesgo y adoptar un estilo de vida saludable, en ni\u00f1as, ni\u00f1os y adolescentes, todo ello en favor de su sano crecimiento.<\/p>\n\n\n\n<p>Adem\u00e1s, en la sesi\u00f3n, se analizaron puntos para dise\u00f1ar un plan de vida, donde a se cont\u00f3 con la participaci\u00f3n de la regidora Tatiana Ayala Avi\u00f1a. Por su parte, abordaron temas como: redes de apoyo, seguridad, l\u00edneas de atenci\u00f3n con la patrulla rosa, la importancia de la pr\u00e1ctica de deporte a cargo de la instructora Diana Ayala, entre otros temas.<\/p>\n\n\n\n<p>A la par, los padres de familia, vivieron un taller sobre comunicaci\u00f3n asertiva, donde conocieron temas que incluyen los riesgos a los cuales se enfrentan los adolescentes y la importancia de trabajar en conjunto con sus hijos para vivir de manera cercana esta etapa.<\/p>\n","protected":false},"excerpt":{"rendered":"<p>Ni\u00f1os y padres de familia de la escuela primaria Jos\u00e9 Mar\u00eda Cabadas participan en taller&#8230;<\/p>\n","protected":false},"author":1,"featured_media":11350,"comment_status":"open","ping_status":"open","sticky":false,"template":"","format":"standard","meta":{"jetpack_post_was_ever_published":false,"_jetpack_newsletter_access":"","_jetpack_dont_email_post_to_subs":false,"_jetpack_newsletter_tier_id":0,"_jetpack_memberships_contains_paywalled_content":false,"_jetpack_memberships_contains_paid_content":false,"footnotes":"","jetpack_publicize_message":"","jetpack_publicize_feature_enabled":true,"jetpack_social_post_already_shared":true,"jetpack_social_options":{"image_generator_settings":{"template":"highway","enabled":false},"version":2}},"categories":[1],"tags":[15],"class_list":["post-11349","post","type-post","status-publish","format-standard","has-post-thumbnail","hentry","category-la-piedad","tag-la-piedad"],"jetpack_publicize_connections":[],"jetpack_sharing_enabled":true,"featured_image_urls":{"full":["http:\/\/tvalaire.com\/wp-content\/uploads\/2023\/07\/1-2-2.jpeg",1024,768,false],"thumbnail":["http:\/\/tvalaire.com\/wp-content\/uploads\/2023\/07\/1-2-2-150x150.jpeg",150,150,true],"medium":["http:\/\/tvalaire.com\/wp-content\/uploads\/2023\/07\/1-2-2-300x225.jpeg",300,225,true],"medium_large":["http:\/\/tvalaire.com\/wp-content\/uploads\/2023\/07\/1-2-2-768x576.jpeg",640,480,true],"large":["http:\/\/tvalaire.com\/wp-content\/uploads\/2023\/07\/1-2-2.jpeg",640,480,false],"post-slider-thumb-size":["http:\/\/tvalaire.com\/wp-content\/uploads\/2023\/07\/1-2-2-330x190.jpeg",330,190,true],"post-category-slider-size":["http:\/\/tvalaire.com\/wp-content\/uploads\/2023\/07\/1-2-2.jpeg",330,248,false],"1536x1536":["http:\/\/tvalaire.com\/wp-content\/uploads\/2023\/07\/1-2-2.jpeg",1024,768,false],"2048x2048":["http:\/\/tvalaire.com\/wp-content\/uploads\/2023\/07\/1-2-2.jpeg",1024,768,false],"newsium-slider-full":["http:\/\/tvalaire.com\/wp-content\/uploads\/2023\/07\/1-2-2.jpeg",1024,768,false],"newsium-featured":["http:\/\/tvalaire.com\/wp-content\/uploads\/2023\/07\/1-2-2.jpeg",1024,768,false],"newsium-medium":["http:\/\/tvalaire.com\/wp-content\/uploads\/2023\/07\/1-2-2-720x475.jpeg",720,475,true]},"author_info":{"info":["tvalairenoti"]},"category_info":"<a href=\"http:\/\/tvalaire.com\/?cat=1\" rel=\"category\">La Piedad<\/a>","tag_info":"La Piedad","comment_count":"0","jetpack_featured_media_url":"http:\/\/tvalaire.com\/wp-content\/uploads\/2023\/07\/1-2-2.jpeg","_links":{"self":[{"href":"http:\/\/tvalaire.com\/index.php?rest_route=\/wp\/v2\/posts\/11349"}],"collection":[{"href":"http:\/\/tvalaire.com\/index.php?rest_route=\/wp\/v2\/posts"}],"about":[{"href":"http:\/\/tvalaire.com\/index.php?rest_route=\/wp\/v2\/types\/post"}],"author":[{"embeddable":true,"href":"http:\/\/tvalaire.com\/index.php?rest_route=\/wp\/v2\/users\/1"}],"replies":[{"embeddable":true,"href":"http:\/\/tvalaire.com\/index.php?rest_route=%2Fwp%2Fv2%2Fcomments&post=11349"}],"version-history":[{"count":1,"href":"http:\/\/tvalaire.com\/index.php?rest_route=\/wp\/v2\/posts\/11349\/revisions"}],"predecessor-version":[{"id":11351,"href":"http:\/\/tvalaire.com\/index.php?rest_route=\/wp\/v2\/posts\/11349\/revisions\/11351"}],"wp:featuredmedia":[{"embeddable":true,"href":"http:\/\/tvalaire.com\/index.php?rest_route=\/wp\/v2\/media\/11350"}],"wp:attachment":[{"href":"http:\/\/tvalaire.com\/index.php?rest_route=%2Fwp%2Fv2%2Fmedia&parent=11349"}],"wp:term":[{"taxonomy":"category","embeddable":true,"href":"http:\/\/tvalaire.com\/index.php?rest_route=%2Fwp%2Fv2%2Fcategories&post=11349"},{"taxonomy":"post_tag","embeddable":true,"href":"http:\/\/tvalaire.com\/index.php?rest_route=%2Fwp%2Fv2%2Ftags&post=11349"}],"curies":[{"name":"wp","href":"https:\/\/api.w.org\/{rel}","templated":true}]}}