{"id":11346,"date":"2023-06-26T08:51:28","date_gmt":"2023-06-26T14:51:28","guid":{"rendered":"http:\/\/tvalaire.com\/?p=11346"},"modified":"2023-07-05T08:52:08","modified_gmt":"2023-07-05T14:52:08","slug":"culmina-taller-de-defensa-personal-para-mujeres","status":"publish","type":"post","link":"http:\/\/tvalaire.com\/?p=11346","title":{"rendered":"CULMINA TALLER DE DEFENSA PERSONAL PARA MUJERES"},"content":{"rendered":"\n<p><\/p>\n\n\n\n<ul class=\"wp-block-list\">\n<li>Gobierno municipal de La Piedad promueve acciones de prevenci\u00f3n en situaci\u00f3n de violencia&nbsp;<\/li>\n\n\n\n<li>Participan mujeres de entre 15 y 40 a\u00f1os<\/li>\n<\/ul>\n\n\n\n<p>Con el prop\u00f3sito de apoyar a las mujeres piedadenses con herramientas b\u00e1sicas de defensa personal para saber c\u00f3mo reaccionar ante cualquier situaci\u00f3n de violencia f\u00edsica y emocional, el gobierno municipal de La Piedad a trav\u00e9s del Instituto Municipal de la mujer y en colaboraci\u00f3n con las regidoras Tatiana Ayala Avi\u00f1a y Sandra S\u00e1nchez S\u00e1nchez, realizaron el taller \u201cDefensa Personal para mujeres\u201d.<\/p>\n\n\n\n<p>Mismo, que tuvo lugar en las instalaciones de la Unidad Deportiva Humberto Romero P\u00e9rez, donde 30 participantes de ente 15 y 40 a\u00f1os, aprendieron a trav\u00e9s de tres m\u00f3dulos, diferentes t\u00e9cnicas de haram, taekwondo, lima lama, acondicionamiento f\u00edsico, extensionismo entre otros.<\/p>\n\n\n\n<p>Por su parte, cada sesi\u00f3n estuvo a cargo de profesionalesespecializadas en los temas abordados, entre ellas, se cont\u00f3 con la participaci\u00f3n de laspsic\u00f3logas Adriana Ruiz Gudillo e Isyeni Ayala, as\u00ed como con los maestros Jorge Luis Garc\u00eda Reyes, Diana Ayala y Mary Caratachea, adem\u00e1s de contar la participaci\u00f3n de la directora del Instituto Municipal de la Mujer Claudia Buenrostro y la Patrulla Rosa.<a><\/a><\/p>\n\n\n\n<p>Al finalizar el taller se llev\u00f3 a cabo la entrega de reconocimientos a cada una de las participantes, mismas que crearon una red de apoyo, para avanzar en la inclusi\u00f3n, la igualdad, la sororidad y hermandad entre mujeres, en funci\u00f3n de apoyarse unas a otras.<\/p>\n","protected":false},"excerpt":{"rendered":"<p>Con el prop\u00f3sito de apoyar a las mujeres piedadenses con herramientas b\u00e1sicas de defensa personal&#8230;<\/p>\n","protected":false},"author":1,"featured_media":11347,"comment_status":"open","ping_status":"open","sticky":false,"template":"","format":"standard","meta":{"jetpack_post_was_ever_published":false,"_jetpack_newsletter_access":"","_jetpack_dont_email_post_to_subs":false,"_jetpack_newsletter_tier_id":0,"_jetpack_memberships_contains_paywalled_content":false,"_jetpack_memberships_contains_paid_content":false,"footnotes":"","jetpack_publicize_message":"","jetpack_publicize_feature_enabled":true,"jetpack_social_post_already_shared":true,"jetpack_social_options":{"image_generator_settings":{"template":"highway","enabled":false},"version":2}},"categories":[1],"tags":[15],"class_list":["post-11346","post","type-post","status-publish","format-standard","has-post-thumbnail","hentry","category-la-piedad","tag-la-piedad"],"jetpack_publicize_connections":[],"jetpack_sharing_enabled":true,"featured_image_urls":{"full":["http:\/\/tvalaire.com\/wp-content\/uploads\/2023\/07\/1-4.jpeg",1000,667,false],"thumbnail":["http:\/\/tvalaire.com\/wp-content\/uploads\/2023\/07\/1-4-150x150.jpeg",150,150,true],"medium":["http:\/\/tvalaire.com\/wp-content\/uploads\/2023\/07\/1-4-300x200.jpeg",300,200,true],"medium_large":["http:\/\/tvalaire.com\/wp-content\/uploads\/2023\/07\/1-4-768x512.jpeg",640,427,true],"large":["http:\/\/tvalaire.com\/wp-content\/uploads\/2023\/07\/1-4.jpeg",640,427,false],"post-slider-thumb-size":["http:\/\/tvalaire.com\/wp-content\/uploads\/2023\/07\/1-4-330x190.jpeg",330,190,true],"post-category-slider-size":["http:\/\/tvalaire.com\/wp-content\/uploads\/2023\/07\/1-4.jpeg",330,220,false],"1536x1536":["http:\/\/tvalaire.com\/wp-content\/uploads\/2023\/07\/1-4.jpeg",1000,667,false],"2048x2048":["http:\/\/tvalaire.com\/wp-content\/uploads\/2023\/07\/1-4.jpeg",1000,667,false],"newsium-slider-full":["http:\/\/tvalaire.com\/wp-content\/uploads\/2023\/07\/1-4.jpeg",1000,667,false],"newsium-featured":["http:\/\/tvalaire.com\/wp-content\/uploads\/2023\/07\/1-4.jpeg",1000,667,false],"newsium-medium":["http:\/\/tvalaire.com\/wp-content\/uploads\/2023\/07\/1-4-720x475.jpeg",720,475,true]},"author_info":{"info":["tvalairenoti"]},"category_info":"<a href=\"http:\/\/tvalaire.com\/?cat=1\" rel=\"category\">La Piedad<\/a>","tag_info":"La Piedad","comment_count":"0","jetpack_featured_media_url":"http:\/\/tvalaire.com\/wp-content\/uploads\/2023\/07\/1-4.jpeg","_links":{"self":[{"href":"http:\/\/tvalaire.com\/index.php?rest_route=\/wp\/v2\/posts\/11346"}],"collection":[{"href":"http:\/\/tvalaire.com\/index.php?rest_route=\/wp\/v2\/posts"}],"about":[{"href":"http:\/\/tvalaire.com\/index.php?rest_route=\/wp\/v2\/types\/post"}],"author":[{"embeddable":true,"href":"http:\/\/tvalaire.com\/index.php?rest_route=\/wp\/v2\/users\/1"}],"replies":[{"embeddable":true,"href":"http:\/\/tvalaire.com\/index.php?rest_route=%2Fwp%2Fv2%2Fcomments&post=11346"}],"version-history":[{"count":1,"href":"http:\/\/tvalaire.com\/index.php?rest_route=\/wp\/v2\/posts\/11346\/revisions"}],"predecessor-version":[{"id":11348,"href":"http:\/\/tvalaire.com\/index.php?rest_route=\/wp\/v2\/posts\/11346\/revisions\/11348"}],"wp:featuredmedia":[{"embeddable":true,"href":"http:\/\/tvalaire.com\/index.php?rest_route=\/wp\/v2\/media\/11347"}],"wp:attachment":[{"href":"http:\/\/tvalaire.com\/index.php?rest_route=%2Fwp%2Fv2%2Fmedia&parent=11346"}],"wp:term":[{"taxonomy":"category","embeddable":true,"href":"http:\/\/tvalaire.com\/index.php?rest_route=%2Fwp%2Fv2%2Fcategories&post=11346"},{"taxonomy":"post_tag","embeddable":true,"href":"http:\/\/tvalaire.com\/index.php?rest_route=%2Fwp%2Fv2%2Ftags&post=11346"}],"curies":[{"name":"wp","href":"https:\/\/api.w.org\/{rel}","templated":true}]}}