{"id":11343,"date":"2023-06-27T08:50:28","date_gmt":"2023-06-27T14:50:28","guid":{"rendered":"http:\/\/tvalaire.com\/?p=11343"},"modified":"2023-07-05T08:51:12","modified_gmt":"2023-07-05T14:51:12","slug":"gobierno-de-la-piedad-continua-impulsando-la-cultura","status":"publish","type":"post","link":"http:\/\/tvalaire.com\/?p=11343","title":{"rendered":"GOBIERNO DE LA PIEDAD CONTIN\u00daA IMPULSANDO LA CULTURA"},"content":{"rendered":"\n<p><\/p>\n\n\n\n<ul class=\"wp-block-list\">\n<li><strong>Alumnos de Escuela de Artes realizan presentaci\u00f3n art\u00edstica<\/strong><\/li>\n\n\n\n<li><strong>Samuel Hidalgosigue promoviendo el arte en el municipio<\/strong><\/li>\n<\/ul>\n\n\n\n<p>El Gobierno Municipal de La Piedad a trav\u00e9s de la direcci\u00f3n de cultura, llev\u00f3 a cabo en las instalaciones de la Escuela de Artes la presentaci\u00f3n musical de los alumnos dirigidos por la maestra Jennifer Alatorre Berumen, quienes mostraron sus avances en las disciplinas de piano, guitarra y canto.&nbsp;&nbsp;<\/p>\n\n\n\n<p>Por su parte y por encomienda del presidente municipal Samuel Hidalgo, se siguen impulsando de manera activa los talleres en la Escuela de Artes, instituci\u00f3n que ofrece talleres para todos los gustos y edades, as\u00ed como diversidad de horarios, mismos que se encuentran disponibles todo el a\u00f1o.&nbsp;<\/p>\n\n\n\n<p>Dentro de las clases que se ofrecen son: canto, piano, guitarra, ukelele, viol\u00edn, viola, violoncelo, guitarra el\u00e9ctrica, saxof\u00f3n y bater\u00eda, adem\u00e1s del taller de ballet, fotograf\u00eda, dibujo, acuarela, arte terapia, pintura acr\u00edlica y \u00f3leo.<\/p>\n\n\n\n<p>Adem\u00e1s, se cuenta con el taller de lengua de se\u00f1as mexicanas y con la Banda Juvenil Municipal Jos\u00e9 Mar\u00eda Cabadas que impulsa a ni\u00f1os y j\u00f3venes a formarse en la m\u00fasica, recalcando que cada uno de los cursos y talleres estar\u00e1n disponibles durante todo el verano.<\/p>\n","protected":false},"excerpt":{"rendered":"<p>El Gobierno Municipal de La Piedad a trav\u00e9s de la direcci\u00f3n de cultura, llev\u00f3 a&#8230;<\/p>\n","protected":false},"author":1,"featured_media":11344,"comment_status":"open","ping_status":"open","sticky":false,"template":"","format":"standard","meta":{"jetpack_post_was_ever_published":false,"_jetpack_newsletter_access":"","_jetpack_dont_email_post_to_subs":false,"_jetpack_newsletter_tier_id":0,"_jetpack_memberships_contains_paywalled_content":false,"_jetpack_memberships_contains_paid_content":false,"footnotes":"","jetpack_publicize_message":"","jetpack_publicize_feature_enabled":true,"jetpack_social_post_already_shared":true,"jetpack_social_options":{"image_generator_settings":{"template":"highway","enabled":false},"version":2}},"categories":[1],"tags":[15],"class_list":["post-11343","post","type-post","status-publish","format-standard","has-post-thumbnail","hentry","category-la-piedad","tag-la-piedad"],"jetpack_publicize_connections":[],"jetpack_sharing_enabled":true,"featured_image_urls":{"full":["http:\/\/tvalaire.com\/wp-content\/uploads\/2023\/07\/1-2-1.jpeg",1000,667,false],"thumbnail":["http:\/\/tvalaire.com\/wp-content\/uploads\/2023\/07\/1-2-1-150x150.jpeg",150,150,true],"medium":["http:\/\/tvalaire.com\/wp-content\/uploads\/2023\/07\/1-2-1-300x200.jpeg",300,200,true],"medium_large":["http:\/\/tvalaire.com\/wp-content\/uploads\/2023\/07\/1-2-1-768x512.jpeg",640,427,true],"large":["http:\/\/tvalaire.com\/wp-content\/uploads\/2023\/07\/1-2-1.jpeg",640,427,false],"post-slider-thumb-size":["http:\/\/tvalaire.com\/wp-content\/uploads\/2023\/07\/1-2-1-330x190.jpeg",330,190,true],"post-category-slider-size":["http:\/\/tvalaire.com\/wp-content\/uploads\/2023\/07\/1-2-1.jpeg",330,220,false],"1536x1536":["http:\/\/tvalaire.com\/wp-content\/uploads\/2023\/07\/1-2-1.jpeg",1000,667,false],"2048x2048":["http:\/\/tvalaire.com\/wp-content\/uploads\/2023\/07\/1-2-1.jpeg",1000,667,false],"newsium-slider-full":["http:\/\/tvalaire.com\/wp-content\/uploads\/2023\/07\/1-2-1.jpeg",1000,667,false],"newsium-featured":["http:\/\/tvalaire.com\/wp-content\/uploads\/2023\/07\/1-2-1.jpeg",1000,667,false],"newsium-medium":["http:\/\/tvalaire.com\/wp-content\/uploads\/2023\/07\/1-2-1-720x475.jpeg",720,475,true]},"author_info":{"info":["tvalairenoti"]},"category_info":"<a href=\"http:\/\/tvalaire.com\/?cat=1\" rel=\"category\">La Piedad<\/a>","tag_info":"La Piedad","comment_count":"0","jetpack_featured_media_url":"http:\/\/tvalaire.com\/wp-content\/uploads\/2023\/07\/1-2-1.jpeg","_links":{"self":[{"href":"http:\/\/tvalaire.com\/index.php?rest_route=\/wp\/v2\/posts\/11343"}],"collection":[{"href":"http:\/\/tvalaire.com\/index.php?rest_route=\/wp\/v2\/posts"}],"about":[{"href":"http:\/\/tvalaire.com\/index.php?rest_route=\/wp\/v2\/types\/post"}],"author":[{"embeddable":true,"href":"http:\/\/tvalaire.com\/index.php?rest_route=\/wp\/v2\/users\/1"}],"replies":[{"embeddable":true,"href":"http:\/\/tvalaire.com\/index.php?rest_route=%2Fwp%2Fv2%2Fcomments&post=11343"}],"version-history":[{"count":1,"href":"http:\/\/tvalaire.com\/index.php?rest_route=\/wp\/v2\/posts\/11343\/revisions"}],"predecessor-version":[{"id":11345,"href":"http:\/\/tvalaire.com\/index.php?rest_route=\/wp\/v2\/posts\/11343\/revisions\/11345"}],"wp:featuredmedia":[{"embeddable":true,"href":"http:\/\/tvalaire.com\/index.php?rest_route=\/wp\/v2\/media\/11344"}],"wp:attachment":[{"href":"http:\/\/tvalaire.com\/index.php?rest_route=%2Fwp%2Fv2%2Fmedia&parent=11343"}],"wp:term":[{"taxonomy":"category","embeddable":true,"href":"http:\/\/tvalaire.com\/index.php?rest_route=%2Fwp%2Fv2%2Fcategories&post=11343"},{"taxonomy":"post_tag","embeddable":true,"href":"http:\/\/tvalaire.com\/index.php?rest_route=%2Fwp%2Fv2%2Ftags&post=11343"}],"curies":[{"name":"wp","href":"https:\/\/api.w.org\/{rel}","templated":true}]}}