{"id":11340,"date":"2023-06-27T08:49:08","date_gmt":"2023-06-27T14:49:08","guid":{"rendered":"http:\/\/tvalaire.com\/?p=11340"},"modified":"2023-07-05T08:50:16","modified_gmt":"2023-07-05T14:50:16","slug":"presidente-de-la-piedad-inaugura-tramo-del-bulevard-lazaro-cardenas","status":"publish","type":"post","link":"http:\/\/tvalaire.com\/?p=11340","title":{"rendered":"PRESIDENTE DE LA PIEDAD INAUGURA TRAMO DEL BULEVARD \u201cL\u00c1ZARO C\u00c1RDENAS\u201d"},"content":{"rendered":"\n<p><\/p>\n\n\n\n<ul class=\"wp-block-list\">\n<li><strong>\u201cSeguimos cambiando el rostro de La Piedad\u201d: Samuel Hidalgo<\/strong><\/li>\n\n\n\n<li><strong>Abren circulaci\u00f3n del blvd. L\u00e1zaro C\u00e1rdenas entre Heriberto Jara y Heroico Colegio Militar<\/strong><\/li>\n<\/ul>\n\n\n\n<p>El presidente de La Piedad Samuel Hidalgo Gallardo, inaugur\u00f3 el tramo del bulevard<a><\/a> \u201cL\u00e1zaro C\u00e1rdenas\u201d entre Heriberto Jara y Heroico Colegio Militar, a la altura de la Central de Autobuses, donde se realizaron trabajos de reencarpetamiento asf\u00e1ltico, esto con la finalidad de mejorar la movilidad de las y los piedadenses.<\/p>\n\n\n\n<p>\u201cLas acciones se ven y son claras, no hemos dejado de trabajar, es por eso que seguimos cambiando el rostro de La Piedad\u201d, coment\u00f3 el Alcalde, donde a su vez, mencion\u00f3 que al menos 7 mil 200 veh\u00edculos que circulan diario por all\u00ed se ver\u00e1n beneficiados.<\/p>\n\n\n\n<p>El trabajo realizado const\u00f3 de la rehabilitaci\u00f3n de m\u00e1s de 7 mil 380 metros cuadrados, en los 550 metros lineales que se designaron en esa parte del bulevar. Por su parte, el titular de la Direcci\u00f3n de Obras P\u00fablicas, Armando Garc\u00eda Mart\u00ednez, coment\u00f3 que los trabajos consistieron en la nivelaci\u00f3n, mejoramiento y compactaci\u00f3n de base hidr\u00e1ulica.<\/p>\n\n\n\n<p>El Director de Obras P\u00fablicas, mencion\u00f3 que se realiz\u00f3 una carpeta asf\u00e1ltica de ocho cent\u00edmetros de espesor, tambi\u00e9n pronunci\u00f3 la colocaci\u00f3n de se\u00f1alamiento horizontal y vertical.<\/p>\n\n\n\n<p>Al finalizar, el Presidente hizo hincapi\u00e9 en que uno de los principales objetivos con esta obra concluida, es favorecer la movilidad de la poblaci\u00f3n, para que sus traslados sean m\u00e1s r\u00e1pidos y seguras con vialidades en buenas condiciones.<\/p>\n","protected":false},"excerpt":{"rendered":"<p>El presidente de La Piedad Samuel Hidalgo Gallardo, inaugur\u00f3 el tramo del bulevard \u201cL\u00e1zaro C\u00e1rdenas\u201d&#8230;<\/p>\n","protected":false},"author":1,"featured_media":11341,"comment_status":"open","ping_status":"open","sticky":false,"template":"","format":"standard","meta":{"jetpack_post_was_ever_published":false,"_jetpack_newsletter_access":"","_jetpack_dont_email_post_to_subs":false,"_jetpack_newsletter_tier_id":0,"_jetpack_memberships_contains_paywalled_content":false,"_jetpack_memberships_contains_paid_content":false,"footnotes":"","jetpack_publicize_message":"","jetpack_publicize_feature_enabled":true,"jetpack_social_post_already_shared":true,"jetpack_social_options":{"image_generator_settings":{"template":"highway","enabled":false},"version":2}},"categories":[1],"tags":[15],"class_list":["post-11340","post","type-post","status-publish","format-standard","has-post-thumbnail","hentry","category-la-piedad","tag-la-piedad"],"jetpack_publicize_connections":[],"jetpack_sharing_enabled":true,"featured_image_urls":{"full":["http:\/\/tvalaire.com\/wp-content\/uploads\/2023\/07\/1-2.jpeg",1080,719,false],"thumbnail":["http:\/\/tvalaire.com\/wp-content\/uploads\/2023\/07\/1-2-150x150.jpeg",150,150,true],"medium":["http:\/\/tvalaire.com\/wp-content\/uploads\/2023\/07\/1-2-300x200.jpeg",300,200,true],"medium_large":["http:\/\/tvalaire.com\/wp-content\/uploads\/2023\/07\/1-2-768x511.jpeg",640,426,true],"large":["http:\/\/tvalaire.com\/wp-content\/uploads\/2023\/07\/1-2-1024x682.jpeg",640,426,true],"post-slider-thumb-size":["http:\/\/tvalaire.com\/wp-content\/uploads\/2023\/07\/1-2-330x190.jpeg",330,190,true],"post-category-slider-size":["http:\/\/tvalaire.com\/wp-content\/uploads\/2023\/07\/1-2.jpeg",330,220,false],"1536x1536":["http:\/\/tvalaire.com\/wp-content\/uploads\/2023\/07\/1-2.jpeg",1080,719,false],"2048x2048":["http:\/\/tvalaire.com\/wp-content\/uploads\/2023\/07\/1-2.jpeg",1080,719,false],"newsium-slider-full":["http:\/\/tvalaire.com\/wp-content\/uploads\/2023\/07\/1-2.jpeg",1080,719,false],"newsium-featured":["http:\/\/tvalaire.com\/wp-content\/uploads\/2023\/07\/1-2-1024x682.jpeg",1024,682,true],"newsium-medium":["http:\/\/tvalaire.com\/wp-content\/uploads\/2023\/07\/1-2-720x475.jpeg",720,475,true]},"author_info":{"info":["tvalairenoti"]},"category_info":"<a href=\"http:\/\/tvalaire.com\/?cat=1\" rel=\"category\">La Piedad<\/a>","tag_info":"La Piedad","comment_count":"0","jetpack_featured_media_url":"http:\/\/tvalaire.com\/wp-content\/uploads\/2023\/07\/1-2.jpeg","_links":{"self":[{"href":"http:\/\/tvalaire.com\/index.php?rest_route=\/wp\/v2\/posts\/11340"}],"collection":[{"href":"http:\/\/tvalaire.com\/index.php?rest_route=\/wp\/v2\/posts"}],"about":[{"href":"http:\/\/tvalaire.com\/index.php?rest_route=\/wp\/v2\/types\/post"}],"author":[{"embeddable":true,"href":"http:\/\/tvalaire.com\/index.php?rest_route=\/wp\/v2\/users\/1"}],"replies":[{"embeddable":true,"href":"http:\/\/tvalaire.com\/index.php?rest_route=%2Fwp%2Fv2%2Fcomments&post=11340"}],"version-history":[{"count":1,"href":"http:\/\/tvalaire.com\/index.php?rest_route=\/wp\/v2\/posts\/11340\/revisions"}],"predecessor-version":[{"id":11342,"href":"http:\/\/tvalaire.com\/index.php?rest_route=\/wp\/v2\/posts\/11340\/revisions\/11342"}],"wp:featuredmedia":[{"embeddable":true,"href":"http:\/\/tvalaire.com\/index.php?rest_route=\/wp\/v2\/media\/11341"}],"wp:attachment":[{"href":"http:\/\/tvalaire.com\/index.php?rest_route=%2Fwp%2Fv2%2Fmedia&parent=11340"}],"wp:term":[{"taxonomy":"category","embeddable":true,"href":"http:\/\/tvalaire.com\/index.php?rest_route=%2Fwp%2Fv2%2Fcategories&post=11340"},{"taxonomy":"post_tag","embeddable":true,"href":"http:\/\/tvalaire.com\/index.php?rest_route=%2Fwp%2Fv2%2Ftags&post=11340"}],"curies":[{"name":"wp","href":"https:\/\/api.w.org\/{rel}","templated":true}]}}