{"id":11336,"date":"2023-06-28T08:43:36","date_gmt":"2023-06-28T14:43:36","guid":{"rendered":"http:\/\/tvalaire.com\/?p=11336"},"modified":"2023-07-05T08:48:58","modified_gmt":"2023-07-05T14:48:58","slug":"quedan-rehabilitadas-viviendas-y-negocios-afectados-por-incendio","status":"publish","type":"post","link":"http:\/\/tvalaire.com\/?p=11336","title":{"rendered":"QUEDAN REHABILITADAS VIVIENDAS Y NEGOCIOS AFECTADOS POR INCENDIO"},"content":{"rendered":"\n<p><\/p>\n\n\n\n<ul class=\"wp-block-list\">\n<li><strong>Alcalde de La Piedad cumple su compromiso <\/strong><strong><\/strong><\/li>\n\n\n\n<li><strong>Gobierno municipal apoy\u00f3 con enjarre, pintura, enseres y muebles<\/strong><strong><\/strong><\/li>\n<\/ul>\n\n\n\n<p>Derivado del incendio ocurrido en la calle Enrique Ram\u00edrez con esquina Emiliano Zapata, el presidente municipal de La Piedad Samuel Hidalgo, reafirm\u00f3 su compromiso con los afectados, entreg\u00e1ndoles anaqueles, mercanc\u00eda, colchones, muebles y enseres.<\/p>\n\n\n\n<p>\u201cNunca los dejamos solos y los vamos a seguir apoyando, es indispensable que sepan que siempre cuentan con el gobierno municipal\u201d, reafirm\u00f3 Samuel Hidalgo Gallardo, en la visita y entrega que realiz\u00f3 a los damnificados.<\/p>\n\n\n\n<p>Por su parte, el Alcalde en compa\u00f1\u00eda de los Directores de las distintas dependencias municipales, beneficiaron a los cinco negocios y tres viviendas da\u00f1adas, con trabajo civil, electrificaci\u00f3n, pintura de fachada, rehabilitaci\u00f3n de espacios internos, entregando tambi\u00e9n, b\u00e1sculas y vitrinas para los negocios, as\u00ed como apoyo econ\u00f3mico.<\/p>\n\n\n\n<p>El Edil recalc\u00f3 que el apoyo que en su momento realizaron las corporaciones de radio auxilio fueron vitales, por ello agradeci\u00f3 contar con cada uno de ellos dentro de nuestro municipio.<\/p>\n\n\n\n<figure class=\"wp-block-image size-full is-style-default\"><img loading=\"lazy\" decoding=\"async\" width=\"1000\" height=\"667\" src=\"http:\/\/tvalaire.com\/wp-content\/uploads\/2023\/07\/1-1-1.jpeg\" alt=\"\" class=\"wp-image-11338\" srcset=\"http:\/\/tvalaire.com\/wp-content\/uploads\/2023\/07\/1-1-1.jpeg 1000w, http:\/\/tvalaire.com\/wp-content\/uploads\/2023\/07\/1-1-1-300x200.jpeg 300w, http:\/\/tvalaire.com\/wp-content\/uploads\/2023\/07\/1-1-1-768x512.jpeg 768w\" sizes=\"(max-width: 1000px) 100vw, 1000px\" \/><\/figure>\n","protected":false},"excerpt":{"rendered":"<p>Derivado del incendio ocurrido en la calle Enrique Ram\u00edrez con esquina Emiliano Zapata, el presidente&#8230;<\/p>\n","protected":false},"author":1,"featured_media":11337,"comment_status":"open","ping_status":"open","sticky":false,"template":"","format":"standard","meta":{"jetpack_post_was_ever_published":false,"_jetpack_newsletter_access":"","_jetpack_dont_email_post_to_subs":false,"_jetpack_newsletter_tier_id":0,"_jetpack_memberships_contains_paywalled_content":false,"_jetpack_memberships_contains_paid_content":false,"footnotes":"","jetpack_publicize_message":"","jetpack_publicize_feature_enabled":true,"jetpack_social_post_already_shared":true,"jetpack_social_options":{"image_generator_settings":{"template":"highway","enabled":false},"version":2}},"categories":[1],"tags":[15],"class_list":["post-11336","post","type-post","status-publish","format-standard","has-post-thumbnail","hentry","category-la-piedad","tag-la-piedad"],"jetpack_publicize_connections":[],"jetpack_sharing_enabled":true,"featured_image_urls":{"full":["http:\/\/tvalaire.com\/wp-content\/uploads\/2023\/07\/1-6.jpeg",1000,667,false],"thumbnail":["http:\/\/tvalaire.com\/wp-content\/uploads\/2023\/07\/1-6-150x150.jpeg",150,150,true],"medium":["http:\/\/tvalaire.com\/wp-content\/uploads\/2023\/07\/1-6-300x200.jpeg",300,200,true],"medium_large":["http:\/\/tvalaire.com\/wp-content\/uploads\/2023\/07\/1-6-768x512.jpeg",640,427,true],"large":["http:\/\/tvalaire.com\/wp-content\/uploads\/2023\/07\/1-6.jpeg",640,427,false],"post-slider-thumb-size":["http:\/\/tvalaire.com\/wp-content\/uploads\/2023\/07\/1-6-330x190.jpeg",330,190,true],"post-category-slider-size":["http:\/\/tvalaire.com\/wp-content\/uploads\/2023\/07\/1-6.jpeg",330,220,false],"1536x1536":["http:\/\/tvalaire.com\/wp-content\/uploads\/2023\/07\/1-6.jpeg",1000,667,false],"2048x2048":["http:\/\/tvalaire.com\/wp-content\/uploads\/2023\/07\/1-6.jpeg",1000,667,false],"newsium-slider-full":["http:\/\/tvalaire.com\/wp-content\/uploads\/2023\/07\/1-6.jpeg",1000,667,false],"newsium-featured":["http:\/\/tvalaire.com\/wp-content\/uploads\/2023\/07\/1-6.jpeg",1000,667,false],"newsium-medium":["http:\/\/tvalaire.com\/wp-content\/uploads\/2023\/07\/1-6-720x475.jpeg",720,475,true]},"author_info":{"info":["tvalairenoti"]},"category_info":"<a href=\"http:\/\/tvalaire.com\/?cat=1\" rel=\"category\">La Piedad<\/a>","tag_info":"La Piedad","comment_count":"0","jetpack_featured_media_url":"http:\/\/tvalaire.com\/wp-content\/uploads\/2023\/07\/1-6.jpeg","_links":{"self":[{"href":"http:\/\/tvalaire.com\/index.php?rest_route=\/wp\/v2\/posts\/11336"}],"collection":[{"href":"http:\/\/tvalaire.com\/index.php?rest_route=\/wp\/v2\/posts"}],"about":[{"href":"http:\/\/tvalaire.com\/index.php?rest_route=\/wp\/v2\/types\/post"}],"author":[{"embeddable":true,"href":"http:\/\/tvalaire.com\/index.php?rest_route=\/wp\/v2\/users\/1"}],"replies":[{"embeddable":true,"href":"http:\/\/tvalaire.com\/index.php?rest_route=%2Fwp%2Fv2%2Fcomments&post=11336"}],"version-history":[{"count":1,"href":"http:\/\/tvalaire.com\/index.php?rest_route=\/wp\/v2\/posts\/11336\/revisions"}],"predecessor-version":[{"id":11339,"href":"http:\/\/tvalaire.com\/index.php?rest_route=\/wp\/v2\/posts\/11336\/revisions\/11339"}],"wp:featuredmedia":[{"embeddable":true,"href":"http:\/\/tvalaire.com\/index.php?rest_route=\/wp\/v2\/media\/11337"}],"wp:attachment":[{"href":"http:\/\/tvalaire.com\/index.php?rest_route=%2Fwp%2Fv2%2Fmedia&parent=11336"}],"wp:term":[{"taxonomy":"category","embeddable":true,"href":"http:\/\/tvalaire.com\/index.php?rest_route=%2Fwp%2Fv2%2Fcategories&post=11336"},{"taxonomy":"post_tag","embeddable":true,"href":"http:\/\/tvalaire.com\/index.php?rest_route=%2Fwp%2Fv2%2Ftags&post=11336"}],"curies":[{"name":"wp","href":"https:\/\/api.w.org\/{rel}","templated":true}]}}