{"id":11333,"date":"2023-06-30T08:41:19","date_gmt":"2023-06-30T14:41:19","guid":{"rendered":"http:\/\/tvalaire.com\/?p=11333"},"modified":"2023-07-05T08:43:23","modified_gmt":"2023-07-05T14:43:23","slug":"red-municipal-de-salud-realiza-jornada-de-atencion-medica-en-tenencia-rio-grande","status":"publish","type":"post","link":"http:\/\/tvalaire.com\/?p=11333","title":{"rendered":"RED MUNICIPAL DE SALUD REALIZA JORNADA DE ATENCI\u00d3N MEDICA EN TENENCIA R\u00cdO GRANDE"},"content":{"rendered":"\n<p><\/p>\n\n\n\n<ul class=\"wp-block-list\">\n<li><strong>\u201cAtenci\u00f3n de salud digna y cercana para los piedadenses\u201d: Samuel Hidalgo<\/strong><strong><\/strong><\/li>\n\n\n\n<li><strong>Red Municipal de Salud firma convenio con Universidad Quetzalc\u00f3atl<\/strong><strong><\/strong><\/li>\n<\/ul>\n\n\n\n<p>Continuando con las acciones en favor de las y los piedadenses, el Gobierno Municipal a trav\u00e9s del Sistema para el Desarrollo Integral de la Familia (DIF) y de la Red Municipal de Salud, visit\u00f3 la tenencia de R\u00edo Grande, donde se sigui\u00f3 con la atenci\u00f3n medica mediante el programa \u201cSalud en tu colonia\u201d.<\/p>\n\n\n\n<p>Gracias a la Unidad M\u00f3vil de Salud, se seguir\u00e1n ofreciendo de manera gratuita consultas en medicina en general, dentista, optometrista, nutrici\u00f3n, cortes de cabello, entre otros servicios de asistencia social.<\/p>\n\n\n\n<p>De igual manera y para continuar fortaleciendo el esquema de trabajo que ha emprendido el presidente municipal Samuel Hidalgo en favor de la salud, se celebr\u00f3&nbsp;&nbsp; un convenio de colaboraci\u00f3n con la Universidad Quetzalc\u00f3atl Irapuato Facultad de Medicina.<\/p>\n\n\n\n<p>Con la finalidad de que los alumnos que est\u00e9n cursando la carrera de m\u00e9dico cirujano, puedan brindar su servicio social a trav\u00e9s el programa municipal mencionado y as\u00ed fortalecer la atenci\u00f3n de salud brindada en los centros comunitarios.&nbsp;<\/p>\n\n\n\n<p>El Alcalde enfatiz\u00f3 que la salud es y seguir\u00e1 siendo una prioridad dentro de su administraci\u00f3n, por ello continuar\u00e1 brindando los recursos necesarios para que todos los ciudadanos cuenten con atenci\u00f3n de salud digna y cercana.<\/p>\n","protected":false},"excerpt":{"rendered":"<p>Continuando con las acciones en favor de las y los piedadenses, el Gobierno Municipal a&#8230;<\/p>\n","protected":false},"author":1,"featured_media":11334,"comment_status":"open","ping_status":"open","sticky":false,"template":"","format":"standard","meta":{"jetpack_post_was_ever_published":false,"_jetpack_newsletter_access":"","_jetpack_dont_email_post_to_subs":false,"_jetpack_newsletter_tier_id":0,"_jetpack_memberships_contains_paywalled_content":false,"_jetpack_memberships_contains_paid_content":false,"footnotes":"","jetpack_publicize_message":"","jetpack_publicize_feature_enabled":true,"jetpack_social_post_already_shared":true,"jetpack_social_options":{"image_generator_settings":{"template":"highway","enabled":false},"version":2}},"categories":[1],"tags":[15],"class_list":["post-11333","post","type-post","status-publish","format-standard","has-post-thumbnail","hentry","category-la-piedad","tag-la-piedad"],"jetpack_publicize_connections":[],"jetpack_sharing_enabled":true,"featured_image_urls":{"full":["http:\/\/tvalaire.com\/wp-content\/uploads\/2023\/07\/1-1.jpeg",1000,667,false],"thumbnail":["http:\/\/tvalaire.com\/wp-content\/uploads\/2023\/07\/1-1-150x150.jpeg",150,150,true],"medium":["http:\/\/tvalaire.com\/wp-content\/uploads\/2023\/07\/1-1-300x200.jpeg",300,200,true],"medium_large":["http:\/\/tvalaire.com\/wp-content\/uploads\/2023\/07\/1-1-768x512.jpeg",640,427,true],"large":["http:\/\/tvalaire.com\/wp-content\/uploads\/2023\/07\/1-1.jpeg",640,427,false],"post-slider-thumb-size":["http:\/\/tvalaire.com\/wp-content\/uploads\/2023\/07\/1-1-330x190.jpeg",330,190,true],"post-category-slider-size":["http:\/\/tvalaire.com\/wp-content\/uploads\/2023\/07\/1-1.jpeg",330,220,false],"1536x1536":["http:\/\/tvalaire.com\/wp-content\/uploads\/2023\/07\/1-1.jpeg",1000,667,false],"2048x2048":["http:\/\/tvalaire.com\/wp-content\/uploads\/2023\/07\/1-1.jpeg",1000,667,false],"newsium-slider-full":["http:\/\/tvalaire.com\/wp-content\/uploads\/2023\/07\/1-1.jpeg",1000,667,false],"newsium-featured":["http:\/\/tvalaire.com\/wp-content\/uploads\/2023\/07\/1-1.jpeg",1000,667,false],"newsium-medium":["http:\/\/tvalaire.com\/wp-content\/uploads\/2023\/07\/1-1-720x475.jpeg",720,475,true]},"author_info":{"info":["tvalairenoti"]},"category_info":"<a href=\"http:\/\/tvalaire.com\/?cat=1\" rel=\"category\">La Piedad<\/a>","tag_info":"La Piedad","comment_count":"0","jetpack_featured_media_url":"http:\/\/tvalaire.com\/wp-content\/uploads\/2023\/07\/1-1.jpeg","_links":{"self":[{"href":"http:\/\/tvalaire.com\/index.php?rest_route=\/wp\/v2\/posts\/11333"}],"collection":[{"href":"http:\/\/tvalaire.com\/index.php?rest_route=\/wp\/v2\/posts"}],"about":[{"href":"http:\/\/tvalaire.com\/index.php?rest_route=\/wp\/v2\/types\/post"}],"author":[{"embeddable":true,"href":"http:\/\/tvalaire.com\/index.php?rest_route=\/wp\/v2\/users\/1"}],"replies":[{"embeddable":true,"href":"http:\/\/tvalaire.com\/index.php?rest_route=%2Fwp%2Fv2%2Fcomments&post=11333"}],"version-history":[{"count":1,"href":"http:\/\/tvalaire.com\/index.php?rest_route=\/wp\/v2\/posts\/11333\/revisions"}],"predecessor-version":[{"id":11335,"href":"http:\/\/tvalaire.com\/index.php?rest_route=\/wp\/v2\/posts\/11333\/revisions\/11335"}],"wp:featuredmedia":[{"embeddable":true,"href":"http:\/\/tvalaire.com\/index.php?rest_route=\/wp\/v2\/media\/11334"}],"wp:attachment":[{"href":"http:\/\/tvalaire.com\/index.php?rest_route=%2Fwp%2Fv2%2Fmedia&parent=11333"}],"wp:term":[{"taxonomy":"category","embeddable":true,"href":"http:\/\/tvalaire.com\/index.php?rest_route=%2Fwp%2Fv2%2Fcategories&post=11333"},{"taxonomy":"post_tag","embeddable":true,"href":"http:\/\/tvalaire.com\/index.php?rest_route=%2Fwp%2Fv2%2Ftags&post=11333"}],"curies":[{"name":"wp","href":"https:\/\/api.w.org\/{rel}","templated":true}]}}