{"id":11325,"date":"2023-05-03T20:08:47","date_gmt":"2023-05-04T02:08:47","guid":{"rendered":"http:\/\/tvalaire.com\/?p=11325"},"modified":"2023-06-01T20:11:13","modified_gmt":"2023-06-02T02:11:13","slug":"participa-reyes-cosario-en-la-conmemoracion-del-dia-internacional-del-trabajo","status":"publish","type":"post","link":"http:\/\/tvalaire.com\/?p=11325","title":{"rendered":"PARTICIPA REYES COSARIO EN LA &#8220;CONMEMORACI\u00d3N DEL DIA INTERNACIONAL DEL TRABAJO&#8221;"},"content":{"rendered":"\n<p>Esta ma\u00f1ana particip\u00e9 como ponente en la &#8220;Conmemoraci\u00f3n del D\u00eda Internacional del Trabajo&#8221;, en donde se dieron a conocer los avances que se han obtenido con la implementaci\u00f3n del Nuevo Sistema de Justicia Laboral, as\u00ed como recordarnos los retos que nos quedan para garantizar a los trabajadores michoacanos el cumplimiento y respeto pleno a sus derechos.<\/p>\n\n\n\n<p>El camino es largo, pero sin duda, vamos por la ruta correcta.<\/p>\n\n\n\n<figure class=\"wp-block-image size-full is-style-default\"><img loading=\"lazy\" decoding=\"async\" width=\"600\" height=\"429\" src=\"http:\/\/tvalaire.com\/wp-content\/uploads\/2023\/06\/345194675_2850961541704583_1718031352010630764_n.jpg\" alt=\"\" class=\"wp-image-11327\" srcset=\"http:\/\/tvalaire.com\/wp-content\/uploads\/2023\/06\/345194675_2850961541704583_1718031352010630764_n.jpg 600w, http:\/\/tvalaire.com\/wp-content\/uploads\/2023\/06\/345194675_2850961541704583_1718031352010630764_n-300x215.jpg 300w\" sizes=\"(max-width: 600px) 100vw, 600px\" \/><\/figure>\n\n\n\n<figure class=\"wp-block-image size-full is-style-default\"><img loading=\"lazy\" decoding=\"async\" width=\"593\" height=\"395\" src=\"http:\/\/tvalaire.com\/wp-content\/uploads\/2023\/06\/344861662_775150790981744_7052119807764255957_n.jpg\" alt=\"\" class=\"wp-image-11328\" srcset=\"http:\/\/tvalaire.com\/wp-content\/uploads\/2023\/06\/344861662_775150790981744_7052119807764255957_n.jpg 593w, http:\/\/tvalaire.com\/wp-content\/uploads\/2023\/06\/344861662_775150790981744_7052119807764255957_n-300x200.jpg 300w\" sizes=\"(max-width: 593px) 100vw, 593px\" \/><\/figure>\n","protected":false},"excerpt":{"rendered":"<p>Esta ma\u00f1ana particip\u00e9 como ponente en la &#8220;Conmemoraci\u00f3n del D\u00eda Internacional del Trabajo&#8221;, en donde&#8230;<\/p>\n","protected":false},"author":1,"featured_media":11326,"comment_status":"open","ping_status":"open","sticky":false,"template":"","format":"standard","meta":{"jetpack_post_was_ever_published":false,"_jetpack_newsletter_access":"","_jetpack_dont_email_post_to_subs":false,"_jetpack_newsletter_tier_id":0,"_jetpack_memberships_contains_paywalled_content":false,"_jetpack_memberships_contains_paid_content":false,"footnotes":"","jetpack_publicize_message":"","jetpack_publicize_feature_enabled":true,"jetpack_social_post_already_shared":true,"jetpack_social_options":{"image_generator_settings":{"template":"highway","enabled":false},"version":2}},"categories":[31],"tags":[37],"class_list":["post-11325","post","type-post","status-publish","format-standard","has-post-thumbnail","hentry","category-estado","tag-estado"],"jetpack_publicize_connections":[],"jetpack_sharing_enabled":true,"featured_image_urls":{"full":["http:\/\/tvalaire.com\/wp-content\/uploads\/2023\/06\/344947205_624807895848777_8659026654349928854_n.jpg",592,395,false],"thumbnail":["http:\/\/tvalaire.com\/wp-content\/uploads\/2023\/06\/344947205_624807895848777_8659026654349928854_n-150x150.jpg",150,150,true],"medium":["http:\/\/tvalaire.com\/wp-content\/uploads\/2023\/06\/344947205_624807895848777_8659026654349928854_n-300x200.jpg",300,200,true],"medium_large":["http:\/\/tvalaire.com\/wp-content\/uploads\/2023\/06\/344947205_624807895848777_8659026654349928854_n.jpg",592,395,false],"large":["http:\/\/tvalaire.com\/wp-content\/uploads\/2023\/06\/344947205_624807895848777_8659026654349928854_n.jpg",592,395,false],"post-slider-thumb-size":["http:\/\/tvalaire.com\/wp-content\/uploads\/2023\/06\/344947205_624807895848777_8659026654349928854_n-330x190.jpg",330,190,true],"post-category-slider-size":["http:\/\/tvalaire.com\/wp-content\/uploads\/2023\/06\/344947205_624807895848777_8659026654349928854_n.jpg",330,220,false],"1536x1536":["http:\/\/tvalaire.com\/wp-content\/uploads\/2023\/06\/344947205_624807895848777_8659026654349928854_n.jpg",592,395,false],"2048x2048":["http:\/\/tvalaire.com\/wp-content\/uploads\/2023\/06\/344947205_624807895848777_8659026654349928854_n.jpg",592,395,false],"newsium-slider-full":["http:\/\/tvalaire.com\/wp-content\/uploads\/2023\/06\/344947205_624807895848777_8659026654349928854_n.jpg",592,395,false],"newsium-featured":["http:\/\/tvalaire.com\/wp-content\/uploads\/2023\/06\/344947205_624807895848777_8659026654349928854_n.jpg",592,395,false],"newsium-medium":["http:\/\/tvalaire.com\/wp-content\/uploads\/2023\/06\/344947205_624807895848777_8659026654349928854_n.jpg",592,395,false]},"author_info":{"info":["tvalairenoti"]},"category_info":"<a href=\"http:\/\/tvalaire.com\/?cat=31\" rel=\"category\">Estado<\/a>","tag_info":"Estado","comment_count":"0","jetpack_featured_media_url":"http:\/\/tvalaire.com\/wp-content\/uploads\/2023\/06\/344947205_624807895848777_8659026654349928854_n.jpg","_links":{"self":[{"href":"http:\/\/tvalaire.com\/index.php?rest_route=\/wp\/v2\/posts\/11325"}],"collection":[{"href":"http:\/\/tvalaire.com\/index.php?rest_route=\/wp\/v2\/posts"}],"about":[{"href":"http:\/\/tvalaire.com\/index.php?rest_route=\/wp\/v2\/types\/post"}],"author":[{"embeddable":true,"href":"http:\/\/tvalaire.com\/index.php?rest_route=\/wp\/v2\/users\/1"}],"replies":[{"embeddable":true,"href":"http:\/\/tvalaire.com\/index.php?rest_route=%2Fwp%2Fv2%2Fcomments&post=11325"}],"version-history":[{"count":1,"href":"http:\/\/tvalaire.com\/index.php?rest_route=\/wp\/v2\/posts\/11325\/revisions"}],"predecessor-version":[{"id":11329,"href":"http:\/\/tvalaire.com\/index.php?rest_route=\/wp\/v2\/posts\/11325\/revisions\/11329"}],"wp:featuredmedia":[{"embeddable":true,"href":"http:\/\/tvalaire.com\/index.php?rest_route=\/wp\/v2\/media\/11326"}],"wp:attachment":[{"href":"http:\/\/tvalaire.com\/index.php?rest_route=%2Fwp%2Fv2%2Fmedia&parent=11325"}],"wp:term":[{"taxonomy":"category","embeddable":true,"href":"http:\/\/tvalaire.com\/index.php?rest_route=%2Fwp%2Fv2%2Fcategories&post=11325"},{"taxonomy":"post_tag","embeddable":true,"href":"http:\/\/tvalaire.com\/index.php?rest_route=%2Fwp%2Fv2%2Ftags&post=11325"}],"curies":[{"name":"wp","href":"https:\/\/api.w.org\/{rel}","templated":true}]}}