{"id":1132,"date":"2017-03-29T10:12:56","date_gmt":"2017-03-29T16:12:56","guid":{"rendered":"http:\/\/tvalaire.com\/?p=1132"},"modified":"2017-03-29T10:12:56","modified_gmt":"2017-03-29T16:12:56","slug":"buena-asistencia-en-arranque-del-festival-mundial-de-danza-2017","status":"publish","type":"post","link":"http:\/\/tvalaire.com\/?p=1132","title":{"rendered":"BUENA ASISTENCIA EN ARRANQUE DEL FESTIVAL MUNDIAL DE DANZA 2017"},"content":{"rendered":"<p class=\"xmsonormal\" style=\"text-align: center; background: white;\" align=\"center\">\n<p class=\"xmsonormal\" style=\"margin-bottom: .0001pt; text-align: justify; background: white; font-variant-ligatures: normal; font-variant-caps: normal; orphans: 2; widows: 2; -webkit-text-stroke-width: 0px; word-spacing: 0px;\"><span style=\"font-family: 'Arial','sans-serif'; color: #212121;\">Danza tribal colombiana y el folclor mexicano se combinaron durante el arranque oficial del Festival Mundial de Danza Extensi\u00f3n La Piedad 2017. El evento tendr\u00e1 sus presentaciones toda la semana por lo que el Gobierno Municipal invita a los piedadenses a disfrutar de las diferentes presentaciones para conocer la cultura de otros pa\u00edses y fomentar el folclor nacional.<\/span><\/p>\n<p class=\"xmsonormal\" style=\"margin-bottom: .0001pt; text-align: justify; background: white; font-variant-ligatures: normal; font-variant-caps: normal; orphans: 2; widows: 2; -webkit-text-stroke-width: 0px; word-spacing: 0px;\"><span style=\"font-family: 'Arial','sans-serif'; color: #212121;\"><br \/>\nDicho evento donde colabora el Gobierno Municipal encabezado por Juan Manuel Estrada Medina, a trav\u00e9s de la direcci\u00f3n de Cultura promueve para los piedadenses, la extensi\u00f3n del FEMDAMM 2017.<\/span><\/p>\n<p class=\"xmsonormal\" style=\"margin-bottom: .0001pt; text-align: justify; background: white; font-variant-ligatures: normal; font-variant-caps: normal; orphans: 2; widows: 2; -webkit-text-stroke-width: 0px; word-spacing: 0px;\"><span style=\"font-family: 'Arial','sans-serif'; color: #212121;\"><br \/>\nEl inicio de esta gran fiesta en la que se mostrar\u00e1 el folclor de tres pa\u00edses como son Colombia, Argentina y Ecuador, con la participaci\u00f3n de Estados del interior de nuestro pa\u00eds, inici\u00f3 la noche del lunes 27 en la plaza principal que luci\u00f3 un gran ambiente familiar.<\/span><\/p>\n<p class=\"xmsonormal\" style=\"margin-bottom: .0001pt; text-align: justify; background: white; font-variant-ligatures: normal; font-variant-caps: normal; orphans: 2; widows: 2; -webkit-text-stroke-width: 0px; word-spacing: 0px;\"><span style=\"font-family: 'Arial','sans-serif'; color: #212121;\"><br \/>\nLa apertura corri\u00f3 a cargo del ballet Yaryt Roll y Proyecto Rodante de Medell\u00edn Colombia. Se trata de una danza tribal con una fusi\u00f3n \u00c1rabe, Hind\u00fa y mezcla de flamenco que al parecer dej\u00f3 buen sabor de boca entre los presentes.<\/span><\/p>\n<p class=\"xmsonormal\" style=\"margin-bottom: .0001pt; text-align: justify; background: white; font-variant-ligatures: normal; font-variant-caps: normal; orphans: 2; widows: 2; -webkit-text-stroke-width: 0px; word-spacing: 0px;\"><span style=\"font-family: 'Arial','sans-serif'; color: #212121;\"><br \/>\nEste ballet con apenas dos a\u00f1os de fundaci\u00f3n que ya es todo un \u00e9xito, ahora forma parte de este evento. El Festival Mundial de Danza y Artes de Michoac\u00e1n que nace en el municipio de Yur\u00e9cuaro y se extiende a La Piedad, Michoac\u00e1n.<\/span><\/p>\n<p class=\"xmsonormal\" style=\"margin-bottom: .0001pt; text-align: justify; background: white;\"><span style=\"font-family: 'Arial','sans-serif'; color: #212121;\"><br \/>\nY para cerrar esta primera de siete noches en las que se llev\u00f3 a cabo este evento en la localidad, se tuvo la participaci\u00f3n del ballet folcl\u00f3rico de Manzanillo Colima con el mariachi Imperial de la misma ciudad quien toc\u00f3 en vivo para que el ballet representara con su \u00e1gil destreza diferentes estampas t\u00edpicas de su localidad.<\/span><\/p>\n<p class=\"xmsonormal\" style=\"text-align: justify; background: white;\"><span style=\"font-family: 'Arial','sans-serif'; color: #212121;\">Aqu\u00ed el director general del ballet Adri\u00e1n Barrera Venegas present\u00f3 lo mejor de ese Estado para el deleite de los presentes a quienes incluso repartieron una bebida tradicional de esta entidad federativa.<\/span><\/p>\n<p class=\"xmsonormal\" style=\"text-align: justify; background: white;\">\n<p class=\"xmsonormal\" style=\"text-align: justify; background: white;\"><img loading=\"lazy\" decoding=\"async\" class=\"alignnone size-medium wp-image-1135\" src=\"http:\/\/tvalaire.com\/wp-content\/uploads\/2017\/03\/BUENA-ASISTENCIA-EN-ARRANQUE-DEL-FESTIVAL-MUNDIAL-DE-DANZA-20173-300x200.jpg\" alt=\"\" width=\"300\" height=\"200\" srcset=\"http:\/\/tvalaire.com\/wp-content\/uploads\/2017\/03\/BUENA-ASISTENCIA-EN-ARRANQUE-DEL-FESTIVAL-MUNDIAL-DE-DANZA-20173-300x200.jpg 300w, http:\/\/tvalaire.com\/wp-content\/uploads\/2017\/03\/BUENA-ASISTENCIA-EN-ARRANQUE-DEL-FESTIVAL-MUNDIAL-DE-DANZA-20173-768x512.jpg 768w, http:\/\/tvalaire.com\/wp-content\/uploads\/2017\/03\/BUENA-ASISTENCIA-EN-ARRANQUE-DEL-FESTIVAL-MUNDIAL-DE-DANZA-20173-1024x682.jpg 1024w, http:\/\/tvalaire.com\/wp-content\/uploads\/2017\/03\/BUENA-ASISTENCIA-EN-ARRANQUE-DEL-FESTIVAL-MUNDIAL-DE-DANZA-20173.jpg 1100w\" sizes=\"(max-width: 300px) 100vw, 300px\" \/><\/p>\n<p class=\"xmsonormal\" style=\"text-align: justify; background: white;\"><img loading=\"lazy\" decoding=\"async\" class=\"alignnone size-medium wp-image-1134\" src=\"http:\/\/tvalaire.com\/wp-content\/uploads\/2017\/03\/BUENA-ASISTENCIA-EN-ARRANQUE-DEL-FESTIVAL-MUNDIAL-DE-DANZA-20172-300x200.jpg\" alt=\"\" width=\"300\" height=\"200\" srcset=\"http:\/\/tvalaire.com\/wp-content\/uploads\/2017\/03\/BUENA-ASISTENCIA-EN-ARRANQUE-DEL-FESTIVAL-MUNDIAL-DE-DANZA-20172-300x200.jpg 300w, http:\/\/tvalaire.com\/wp-content\/uploads\/2017\/03\/BUENA-ASISTENCIA-EN-ARRANQUE-DEL-FESTIVAL-MUNDIAL-DE-DANZA-20172-768x512.jpg 768w, http:\/\/tvalaire.com\/wp-content\/uploads\/2017\/03\/BUENA-ASISTENCIA-EN-ARRANQUE-DEL-FESTIVAL-MUNDIAL-DE-DANZA-20172-1024x682.jpg 1024w, http:\/\/tvalaire.com\/wp-content\/uploads\/2017\/03\/BUENA-ASISTENCIA-EN-ARRANQUE-DEL-FESTIVAL-MUNDIAL-DE-DANZA-20172.jpg 1100w\" sizes=\"(max-width: 300px) 100vw, 300px\" \/><\/p>\n","protected":false},"excerpt":{"rendered":"<p>Danza tribal colombiana y el folclor mexicano se combinaron durante el arranque oficial del Festival&#8230;<\/p>\n","protected":false},"author":1,"featured_media":1133,"comment_status":"open","ping_status":"open","sticky":false,"template":"","format":"standard","meta":{"jetpack_post_was_ever_published":false,"_jetpack_newsletter_access":"","_jetpack_dont_email_post_to_subs":false,"_jetpack_newsletter_tier_id":0,"_jetpack_memberships_contains_paywalled_content":false,"_jetpack_memberships_contains_paid_content":false,"footnotes":"","jetpack_publicize_message":"","jetpack_publicize_feature_enabled":true,"jetpack_social_post_already_shared":false,"jetpack_social_options":{"image_generator_settings":{"template":"highway","enabled":false},"version":2}},"categories":[1],"tags":[15,36],"class_list":["post-1132","post","type-post","status-publish","format-standard","has-post-thumbnail","hentry","category-la-piedad","tag-la-piedad","tag-principales"],"jetpack_publicize_connections":[],"jetpack_sharing_enabled":true,"featured_image_urls":{"full":["http:\/\/tvalaire.com\/wp-content\/uploads\/2017\/03\/BUENA-ASISTENCIA-EN-ARRANQUE-DEL-FESTIVAL-MUNDIAL-DE-DANZA-2017.jpg",1100,733,false],"thumbnail":["http:\/\/tvalaire.com\/wp-content\/uploads\/2017\/03\/BUENA-ASISTENCIA-EN-ARRANQUE-DEL-FESTIVAL-MUNDIAL-DE-DANZA-2017-150x150.jpg",150,150,true],"medium":["http:\/\/tvalaire.com\/wp-content\/uploads\/2017\/03\/BUENA-ASISTENCIA-EN-ARRANQUE-DEL-FESTIVAL-MUNDIAL-DE-DANZA-2017-300x200.jpg",300,200,true],"medium_large":["http:\/\/tvalaire.com\/wp-content\/uploads\/2017\/03\/BUENA-ASISTENCIA-EN-ARRANQUE-DEL-FESTIVAL-MUNDIAL-DE-DANZA-2017-768x512.jpg",640,427,true],"large":["http:\/\/tvalaire.com\/wp-content\/uploads\/2017\/03\/BUENA-ASISTENCIA-EN-ARRANQUE-DEL-FESTIVAL-MUNDIAL-DE-DANZA-2017-1024x682.jpg",640,426,true],"post-slider-thumb-size":["http:\/\/tvalaire.com\/wp-content\/uploads\/2017\/03\/BUENA-ASISTENCIA-EN-ARRANQUE-DEL-FESTIVAL-MUNDIAL-DE-DANZA-2017.jpg",285,190,false],"post-category-slider-size":["http:\/\/tvalaire.com\/wp-content\/uploads\/2017\/03\/BUENA-ASISTENCIA-EN-ARRANQUE-DEL-FESTIVAL-MUNDIAL-DE-DANZA-2017.jpg",330,220,false],"1536x1536":["http:\/\/tvalaire.com\/wp-content\/uploads\/2017\/03\/BUENA-ASISTENCIA-EN-ARRANQUE-DEL-FESTIVAL-MUNDIAL-DE-DANZA-2017.jpg",1100,733,false],"2048x2048":["http:\/\/tvalaire.com\/wp-content\/uploads\/2017\/03\/BUENA-ASISTENCIA-EN-ARRANQUE-DEL-FESTIVAL-MUNDIAL-DE-DANZA-2017.jpg",1100,733,false],"newsium-slider-full":["http:\/\/tvalaire.com\/wp-content\/uploads\/2017\/03\/BUENA-ASISTENCIA-EN-ARRANQUE-DEL-FESTIVAL-MUNDIAL-DE-DANZA-2017.jpg",1100,733,false],"newsium-featured":["http:\/\/tvalaire.com\/wp-content\/uploads\/2017\/03\/BUENA-ASISTENCIA-EN-ARRANQUE-DEL-FESTIVAL-MUNDIAL-DE-DANZA-2017.jpg",1024,682,false],"newsium-medium":["http:\/\/tvalaire.com\/wp-content\/uploads\/2017\/03\/BUENA-ASISTENCIA-EN-ARRANQUE-DEL-FESTIVAL-MUNDIAL-DE-DANZA-2017.jpg",713,475,false]},"author_info":{"info":["tvalairenoti"]},"category_info":"<a href=\"http:\/\/tvalaire.com\/?cat=1\" rel=\"category\">La Piedad<\/a>","tag_info":"La Piedad","comment_count":"0","jetpack_featured_media_url":"http:\/\/tvalaire.com\/wp-content\/uploads\/2017\/03\/BUENA-ASISTENCIA-EN-ARRANQUE-DEL-FESTIVAL-MUNDIAL-DE-DANZA-2017.jpg","_links":{"self":[{"href":"http:\/\/tvalaire.com\/index.php?rest_route=\/wp\/v2\/posts\/1132"}],"collection":[{"href":"http:\/\/tvalaire.com\/index.php?rest_route=\/wp\/v2\/posts"}],"about":[{"href":"http:\/\/tvalaire.com\/index.php?rest_route=\/wp\/v2\/types\/post"}],"author":[{"embeddable":true,"href":"http:\/\/tvalaire.com\/index.php?rest_route=\/wp\/v2\/users\/1"}],"replies":[{"embeddable":true,"href":"http:\/\/tvalaire.com\/index.php?rest_route=%2Fwp%2Fv2%2Fcomments&post=1132"}],"version-history":[{"count":1,"href":"http:\/\/tvalaire.com\/index.php?rest_route=\/wp\/v2\/posts\/1132\/revisions"}],"predecessor-version":[{"id":1139,"href":"http:\/\/tvalaire.com\/index.php?rest_route=\/wp\/v2\/posts\/1132\/revisions\/1139"}],"wp:featuredmedia":[{"embeddable":true,"href":"http:\/\/tvalaire.com\/index.php?rest_route=\/wp\/v2\/media\/1133"}],"wp:attachment":[{"href":"http:\/\/tvalaire.com\/index.php?rest_route=%2Fwp%2Fv2%2Fmedia&parent=1132"}],"wp:term":[{"taxonomy":"category","embeddable":true,"href":"http:\/\/tvalaire.com\/index.php?rest_route=%2Fwp%2Fv2%2Fcategories&post=1132"},{"taxonomy":"post_tag","embeddable":true,"href":"http:\/\/tvalaire.com\/index.php?rest_route=%2Fwp%2Fv2%2Ftags&post=1132"}],"curies":[{"name":"wp","href":"https:\/\/api.w.org\/{rel}","templated":true}]}}