{"id":11305,"date":"2023-05-13T19:56:39","date_gmt":"2023-05-14T01:56:39","guid":{"rendered":"http:\/\/tvalaire.com\/?p=11305"},"modified":"2023-06-01T19:58:29","modified_gmt":"2023-06-02T01:58:29","slug":"ofrece-gobierno-festival-del-dia-de-las-madres-en-el-centro-de-la-piedad","status":"publish","type":"post","link":"http:\/\/tvalaire.com\/?p=11305","title":{"rendered":"OFRECE GOBIERNO FESTIVAL DEL D\u00cdA DE LAS MADRES EN EL CENTRO DE LA PIEDAD"},"content":{"rendered":"\n<p><\/p>\n\n\n\n<ul class=\"wp-block-list\">\n<li><strong>Todo el a\u00f1o debemos festejarlas; Alcalde Samuel Hidalgo<\/strong><\/li>\n\n\n\n<li><strong>Obsequian bolsos, masajes relajantes, cambios de imagen, entre otros<\/strong><\/li>\n<\/ul>\n\n\n\n<p>Con evento musical, regalos y sorpresas el Gobierno Municipal encabezado por el alcalde Samuel Hidalgo, a trav\u00e9s del Sistema para el Desarrollo Integral de la Familia (DIF) llevaron a cabo el Festival del D\u00eda de la Madre, ante unas mil 500 mam\u00e1s.<\/p>\n\n\n\n<p>Ah\u00ed el presidente Hidalgo Gallardo, reconoci\u00f3 en las mam\u00e1s asistentes, la importancia de su dedicaci\u00f3n como princip<a><\/a>al pilar de las familias mexicanas, as\u00ed mismo como del esfuerzo, compromiso y dedicaci\u00f3n que tienen para sus hijos.<\/p>\n\n\n\n<p>El Alcalde tambi\u00e9n coment\u00f3 que, aunque es una fecha designada en el calendario para reconocerlas, tambi\u00e9n durante todo el a\u00f1o quienes a\u00fan cuentan con su mam\u00e1, deben considerar y aprovechar la oportunidad para reconocerles y estar cercas de ella.<\/p>\n\n\n\n<p>Es de mencionar que las mam\u00e1s asistentes pudieron participar de la rifa que se organiz\u00f3 y en las que se entregaron de regalo, bolsos, aplicaci\u00f3n de gelish, masajes relajantes, as\u00ed como cambio de imagen, entre otros obsequios que se prepararon para este festejo.&nbsp;&nbsp;<\/p>\n\n\n\n<p>En la actividad principal se present\u00f3 el \u201cImitador de las estrellas\u201d, Ricardo El\u00edas, quien con su calidad art\u00edstica en el escenario hizo que los asistentes se pasar\u00e1n un momento agradable en el Centro Hist\u00f3rico de la ciudad durante casi dos horas de que dur\u00f3 su presentaci\u00f3n.<\/p>\n\n\n\n<p>De igual manera el talento piedadense se hizo presente en el evento con la participaci\u00f3n del Ballet Folkl\u00f3rico del DIF, as\u00ed como de la cantante F\u00e1tima Jaime, que amenizaron el evento para todos presentes.<\/p>\n\n\n\n<figure class=\"wp-block-image size-full is-style-default\"><img loading=\"lazy\" decoding=\"async\" width=\"1000\" height=\"667\" src=\"http:\/\/tvalaire.com\/wp-content\/uploads\/2023\/06\/01-11.jpeg\" alt=\"\" class=\"wp-image-11307\" srcset=\"http:\/\/tvalaire.com\/wp-content\/uploads\/2023\/06\/01-11.jpeg 1000w, http:\/\/tvalaire.com\/wp-content\/uploads\/2023\/06\/01-11-300x200.jpeg 300w, http:\/\/tvalaire.com\/wp-content\/uploads\/2023\/06\/01-11-768x512.jpeg 768w\" sizes=\"(max-width: 1000px) 100vw, 1000px\" \/><\/figure>\n\n\n\n<figure class=\"wp-block-image size-full is-style-default\"><img loading=\"lazy\" decoding=\"async\" width=\"1000\" height=\"667\" src=\"http:\/\/tvalaire.com\/wp-content\/uploads\/2023\/06\/01-3-22.jpeg\" alt=\"\" class=\"wp-image-11308\" srcset=\"http:\/\/tvalaire.com\/wp-content\/uploads\/2023\/06\/01-3-22.jpeg 1000w, http:\/\/tvalaire.com\/wp-content\/uploads\/2023\/06\/01-3-22-300x200.jpeg 300w, http:\/\/tvalaire.com\/wp-content\/uploads\/2023\/06\/01-3-22-768x512.jpeg 768w\" sizes=\"(max-width: 1000px) 100vw, 1000px\" \/><\/figure>\n","protected":false},"excerpt":{"rendered":"<p>Con evento musical, regalos y sorpresas el Gobierno Municipal encabezado por el alcalde Samuel Hidalgo,&#8230;<\/p>\n","protected":false},"author":1,"featured_media":11306,"comment_status":"open","ping_status":"open","sticky":false,"template":"","format":"standard","meta":{"jetpack_post_was_ever_published":false,"_jetpack_newsletter_access":"","_jetpack_dont_email_post_to_subs":false,"_jetpack_newsletter_tier_id":0,"_jetpack_memberships_contains_paywalled_content":false,"_jetpack_memberships_contains_paid_content":false,"footnotes":"","jetpack_publicize_message":"","jetpack_publicize_feature_enabled":true,"jetpack_social_post_already_shared":true,"jetpack_social_options":{"image_generator_settings":{"template":"highway","enabled":false},"version":2}},"categories":[1],"tags":[15],"class_list":["post-11305","post","type-post","status-publish","format-standard","has-post-thumbnail","hentry","category-la-piedad","tag-la-piedad"],"jetpack_publicize_connections":[],"jetpack_sharing_enabled":true,"featured_image_urls":{"full":["http:\/\/tvalaire.com\/wp-content\/uploads\/2023\/06\/01-6-7.jpeg",1000,709,false],"thumbnail":["http:\/\/tvalaire.com\/wp-content\/uploads\/2023\/06\/01-6-7-150x150.jpeg",150,150,true],"medium":["http:\/\/tvalaire.com\/wp-content\/uploads\/2023\/06\/01-6-7-300x213.jpeg",300,213,true],"medium_large":["http:\/\/tvalaire.com\/wp-content\/uploads\/2023\/06\/01-6-7-768x545.jpeg",640,454,true],"large":["http:\/\/tvalaire.com\/wp-content\/uploads\/2023\/06\/01-6-7.jpeg",640,454,false],"post-slider-thumb-size":["http:\/\/tvalaire.com\/wp-content\/uploads\/2023\/06\/01-6-7-330x190.jpeg",330,190,true],"post-category-slider-size":["http:\/\/tvalaire.com\/wp-content\/uploads\/2023\/06\/01-6-7.jpeg",330,234,false],"1536x1536":["http:\/\/tvalaire.com\/wp-content\/uploads\/2023\/06\/01-6-7.jpeg",1000,709,false],"2048x2048":["http:\/\/tvalaire.com\/wp-content\/uploads\/2023\/06\/01-6-7.jpeg",1000,709,false],"newsium-slider-full":["http:\/\/tvalaire.com\/wp-content\/uploads\/2023\/06\/01-6-7.jpeg",1000,709,false],"newsium-featured":["http:\/\/tvalaire.com\/wp-content\/uploads\/2023\/06\/01-6-7.jpeg",1000,709,false],"newsium-medium":["http:\/\/tvalaire.com\/wp-content\/uploads\/2023\/06\/01-6-7-720x475.jpeg",720,475,true]},"author_info":{"info":["tvalairenoti"]},"category_info":"<a href=\"http:\/\/tvalaire.com\/?cat=1\" rel=\"category\">La Piedad<\/a>","tag_info":"La Piedad","comment_count":"0","jetpack_featured_media_url":"http:\/\/tvalaire.com\/wp-content\/uploads\/2023\/06\/01-6-7.jpeg","_links":{"self":[{"href":"http:\/\/tvalaire.com\/index.php?rest_route=\/wp\/v2\/posts\/11305"}],"collection":[{"href":"http:\/\/tvalaire.com\/index.php?rest_route=\/wp\/v2\/posts"}],"about":[{"href":"http:\/\/tvalaire.com\/index.php?rest_route=\/wp\/v2\/types\/post"}],"author":[{"embeddable":true,"href":"http:\/\/tvalaire.com\/index.php?rest_route=\/wp\/v2\/users\/1"}],"replies":[{"embeddable":true,"href":"http:\/\/tvalaire.com\/index.php?rest_route=%2Fwp%2Fv2%2Fcomments&post=11305"}],"version-history":[{"count":1,"href":"http:\/\/tvalaire.com\/index.php?rest_route=\/wp\/v2\/posts\/11305\/revisions"}],"predecessor-version":[{"id":11309,"href":"http:\/\/tvalaire.com\/index.php?rest_route=\/wp\/v2\/posts\/11305\/revisions\/11309"}],"wp:featuredmedia":[{"embeddable":true,"href":"http:\/\/tvalaire.com\/index.php?rest_route=\/wp\/v2\/media\/11306"}],"wp:attachment":[{"href":"http:\/\/tvalaire.com\/index.php?rest_route=%2Fwp%2Fv2%2Fmedia&parent=11305"}],"wp:term":[{"taxonomy":"category","embeddable":true,"href":"http:\/\/tvalaire.com\/index.php?rest_route=%2Fwp%2Fv2%2Fcategories&post=11305"},{"taxonomy":"post_tag","embeddable":true,"href":"http:\/\/tvalaire.com\/index.php?rest_route=%2Fwp%2Fv2%2Ftags&post=11305"}],"curies":[{"name":"wp","href":"https:\/\/api.w.org\/{rel}","templated":true}]}}