{"id":11288,"date":"2023-05-18T19:50:07","date_gmt":"2023-05-19T01:50:07","guid":{"rendered":"http:\/\/tvalaire.com\/?p=11288"},"modified":"2023-06-01T19:51:37","modified_gmt":"2023-06-02T01:51:37","slug":"inician-trabajos-de-mejoramiento-en-un-tramo-del-bulevar-lazaro-cardenas","status":"publish","type":"post","link":"http:\/\/tvalaire.com\/?p=11288","title":{"rendered":"INICIAN TRABAJOS DE MEJORAMIENTO EN UN TRAMO DEL BULEVAR \u201cL\u00c1ZARO C\u00c1RDENAS\u201d"},"content":{"rendered":"\n<p><\/p>\n\n\n\n<ul class=\"wp-block-list\">\n<li><strong>Piden a la poblaci\u00f3n utilizar rutas alternas a la obra en proceso<\/strong><\/li>\n\n\n\n<li><strong>La rehabilitaci\u00f3n se realiza frente a la Central de Autobuses<\/strong><\/li>\n<\/ul>\n\n\n\n<p>Con el objetivo de iniciar los trabajos de reencarpetamiento asf\u00e1ltico en un tramo del bulevar \u201cL\u00e1zaro C\u00e1rdenas\u201d, a la altura de la Central de Autobuses, el alcalde Samuel Hidalgo Gallardo, en compa\u00f1\u00eda de funcionarios dio el banderazo oficial para que se comenzara con los trabajos en ese lugar.<\/p>\n\n\n\n<p>Al decir del Presidente, inform\u00f3 que los trabajos a realizarse constan de la rehabilitaci\u00f3n de m\u00e1s de 7 mil 380 metros cuadrados, en los 550 metros lineales que se designaron en esa parte del bulevar.<\/p>\n\n\n\n<p>Agreg\u00f3 tambi\u00e9n que se tiene proyectado que la obra dure aproximadamente 45 d\u00edas, por lo que pidi\u00f3 a la poblaci\u00f3n en general a ser pacientes durante el proceso de la obra, as\u00ed como a que consideren las rutas alternas que se tienen establecidas.<\/p>\n\n\n\n<p>Subray\u00f3 que uno de los principales objetivos con los trabajos que se realizan, es favorecer la movilidad de la poblaci\u00f3n, que sus traslados a sus tareas cotidianas sean m\u00e1s r\u00e1pidas y seguras con una vialidad en mejores condiciones para transitar.<\/p>\n\n\n\n<p>Por su parte el titular de la Direcci\u00f3n de Obras P\u00fablicas, Armando Garc\u00eda Mart\u00ednez, coment\u00f3 que los trabajos a realizarse en una de las principales vialidades de la ciudad, constan del fresado de la carpeta, nivelaci\u00f3n y compactaci\u00f3n de la base.<\/p>\n\n\n\n<p>El funcionario agreg\u00f3 que se realizar\u00e1 un riego de sello de ocho cent\u00edmetros de espesor, as\u00ed como la colocaci\u00f3n de se\u00f1alamiento horizontal y vertical, entre otras acciones de mejoramiento.<\/p>\n\n\n\n<figure class=\"wp-block-image size-full is-style-default\"><img loading=\"lazy\" decoding=\"async\" width=\"1000\" height=\"694\" src=\"http:\/\/tvalaire.com\/wp-content\/uploads\/2023\/06\/01-3-20.jpeg\" alt=\"\" class=\"wp-image-11290\" srcset=\"http:\/\/tvalaire.com\/wp-content\/uploads\/2023\/06\/01-3-20.jpeg 1000w, http:\/\/tvalaire.com\/wp-content\/uploads\/2023\/06\/01-3-20-300x208.jpeg 300w, http:\/\/tvalaire.com\/wp-content\/uploads\/2023\/06\/01-3-20-768x533.jpeg 768w\" sizes=\"(max-width: 1000px) 100vw, 1000px\" \/><\/figure>\n","protected":false},"excerpt":{"rendered":"<p>Con el objetivo de iniciar los trabajos de reencarpetamiento asf\u00e1ltico en un tramo del bulevar&#8230;<\/p>\n","protected":false},"author":1,"featured_media":11289,"comment_status":"open","ping_status":"open","sticky":false,"template":"","format":"standard","meta":{"jetpack_post_was_ever_published":false,"_jetpack_newsletter_access":"","_jetpack_dont_email_post_to_subs":false,"_jetpack_newsletter_tier_id":0,"_jetpack_memberships_contains_paywalled_content":false,"_jetpack_memberships_contains_paid_content":false,"footnotes":"","jetpack_publicize_message":"","jetpack_publicize_feature_enabled":true,"jetpack_social_post_already_shared":true,"jetpack_social_options":{"image_generator_settings":{"template":"highway","enabled":false},"version":2}},"categories":[1],"tags":[15],"class_list":["post-11288","post","type-post","status-publish","format-standard","has-post-thumbnail","hentry","category-la-piedad","tag-la-piedad"],"jetpack_publicize_connections":[],"jetpack_sharing_enabled":true,"featured_image_urls":{"full":["http:\/\/tvalaire.com\/wp-content\/uploads\/2023\/06\/01-1-13.jpeg",1000,667,false],"thumbnail":["http:\/\/tvalaire.com\/wp-content\/uploads\/2023\/06\/01-1-13-150x150.jpeg",150,150,true],"medium":["http:\/\/tvalaire.com\/wp-content\/uploads\/2023\/06\/01-1-13-300x200.jpeg",300,200,true],"medium_large":["http:\/\/tvalaire.com\/wp-content\/uploads\/2023\/06\/01-1-13-768x512.jpeg",640,427,true],"large":["http:\/\/tvalaire.com\/wp-content\/uploads\/2023\/06\/01-1-13.jpeg",640,427,false],"post-slider-thumb-size":["http:\/\/tvalaire.com\/wp-content\/uploads\/2023\/06\/01-1-13-330x190.jpeg",330,190,true],"post-category-slider-size":["http:\/\/tvalaire.com\/wp-content\/uploads\/2023\/06\/01-1-13.jpeg",330,220,false],"1536x1536":["http:\/\/tvalaire.com\/wp-content\/uploads\/2023\/06\/01-1-13.jpeg",1000,667,false],"2048x2048":["http:\/\/tvalaire.com\/wp-content\/uploads\/2023\/06\/01-1-13.jpeg",1000,667,false],"newsium-slider-full":["http:\/\/tvalaire.com\/wp-content\/uploads\/2023\/06\/01-1-13.jpeg",1000,667,false],"newsium-featured":["http:\/\/tvalaire.com\/wp-content\/uploads\/2023\/06\/01-1-13.jpeg",1000,667,false],"newsium-medium":["http:\/\/tvalaire.com\/wp-content\/uploads\/2023\/06\/01-1-13-720x475.jpeg",720,475,true]},"author_info":{"info":["tvalairenoti"]},"category_info":"<a href=\"http:\/\/tvalaire.com\/?cat=1\" rel=\"category\">La Piedad<\/a>","tag_info":"La Piedad","comment_count":"0","jetpack_featured_media_url":"http:\/\/tvalaire.com\/wp-content\/uploads\/2023\/06\/01-1-13.jpeg","_links":{"self":[{"href":"http:\/\/tvalaire.com\/index.php?rest_route=\/wp\/v2\/posts\/11288"}],"collection":[{"href":"http:\/\/tvalaire.com\/index.php?rest_route=\/wp\/v2\/posts"}],"about":[{"href":"http:\/\/tvalaire.com\/index.php?rest_route=\/wp\/v2\/types\/post"}],"author":[{"embeddable":true,"href":"http:\/\/tvalaire.com\/index.php?rest_route=\/wp\/v2\/users\/1"}],"replies":[{"embeddable":true,"href":"http:\/\/tvalaire.com\/index.php?rest_route=%2Fwp%2Fv2%2Fcomments&post=11288"}],"version-history":[{"count":1,"href":"http:\/\/tvalaire.com\/index.php?rest_route=\/wp\/v2\/posts\/11288\/revisions"}],"predecessor-version":[{"id":11291,"href":"http:\/\/tvalaire.com\/index.php?rest_route=\/wp\/v2\/posts\/11288\/revisions\/11291"}],"wp:featuredmedia":[{"embeddable":true,"href":"http:\/\/tvalaire.com\/index.php?rest_route=\/wp\/v2\/media\/11289"}],"wp:attachment":[{"href":"http:\/\/tvalaire.com\/index.php?rest_route=%2Fwp%2Fv2%2Fmedia&parent=11288"}],"wp:term":[{"taxonomy":"category","embeddable":true,"href":"http:\/\/tvalaire.com\/index.php?rest_route=%2Fwp%2Fv2%2Fcategories&post=11288"},{"taxonomy":"post_tag","embeddable":true,"href":"http:\/\/tvalaire.com\/index.php?rest_route=%2Fwp%2Fv2%2Ftags&post=11288"}],"curies":[{"name":"wp","href":"https:\/\/api.w.org\/{rel}","templated":true}]}}