{"id":11285,"date":"2023-05-18T19:49:05","date_gmt":"2023-05-19T01:49:05","guid":{"rendered":"http:\/\/tvalaire.com\/?p=11285"},"modified":"2023-06-01T19:50:02","modified_gmt":"2023-06-02T01:50:02","slug":"los-afectados-por-el-incendio-no-estan-solos-samuel-hidalgo","status":"publish","type":"post","link":"http:\/\/tvalaire.com\/?p=11285","title":{"rendered":"\u201cLOS AFECTADOS POR EL INCENDIO, NO EST\u00c1N SOLOS\u201d: SAMUEL HIDALGO"},"content":{"rendered":"\n<p><\/p>\n\n\n\n<ul class=\"wp-block-list\">\n<li><strong>Se apoyar\u00e1 con enjarre, pintura, enseres y muebles<\/strong><\/li>\n\n\n\n<li><strong>A trav\u00e9s del ajuste al recurso municipal se realizar\u00e1 esta acci\u00f3n<\/strong><\/li>\n<\/ul>\n\n\n\n<p>El presidente municipal de La Piedad Samuel Hidalgo, acudi\u00f3 a las viviendas y negocios afectados por el incendio que ocurri\u00f3 el pasado 5 de mayo entre las calles Enrique Ram\u00edrez y Emiliano Zapata, do<a><\/a>nde coment\u00f3 que la rehabilitaci\u00f3n y el apoyo se est\u00e1 llevando a cabo gracias a los ahorros que se tienen en el recurso municipal.<\/p>\n\n\n\n<p>\u201cLos vecinos de la Calle Enrique Ram\u00edrez y Emiliano Zapata, &nbsp;no est\u00e1n solos\u201d, coment\u00f3 el Alcalde, pues mencion\u00f3 que desde lo sucedido ha estado al pendiente de las familias afectadas, pues se absorbieron los gastos funerarios de las personas que lamentablemente perdieron la vida.<\/p>\n\n\n\n<p>As\u00ed mismo, el Edil en compa\u00f1\u00eda de los directores de las diferentes dependencias realizaron un censo para detectar las necesidades, que ya se te atienden de manera puntual, por ello &nbsp;a trav\u00e9s de la direcci\u00f3n de Obras P\u00fablicas, ya se est\u00e1n llevando a cabo los trabajos de obra civil, que consistir\u00e1n &nbsp;en enjarrar, pintar fachadas e interiores, reparaci\u00f3n de instalaciones el\u00e9ctricas,colocaci\u00f3n de herrer\u00eda as\u00ed como retirar la da\u00f1ada, adem\u00e1s de la instalaci\u00f3n de vidrios de las viviendas.<\/p>\n\n\n\n<p>Por su parte se apoyara a los comercios donde susmercanc\u00edas, productos y muebles resultaron da\u00f1ados, mismos que se detectaron a trav\u00e9s de un censo que realiz\u00f3 la direcci\u00f3n de Promoci\u00f3n Econ\u00f3mica.<\/p>\n\n\n\n<p>Adem\u00e1s, se apoyar\u00e1 con enseres como: colchones, refrigeradores, bases para cama, ropero, salas, sillas, recamaras, cobijas y sabanas, que beneficiaran a los afectados, esto de acuerdo a lo que result\u00f3 da\u00f1ado en cada hogar.<\/p>\n","protected":false},"excerpt":{"rendered":"<p>El presidente municipal de La Piedad Samuel Hidalgo, acudi\u00f3 a las viviendas y negocios afectados&#8230;<\/p>\n","protected":false},"author":1,"featured_media":11286,"comment_status":"open","ping_status":"open","sticky":false,"template":"","format":"standard","meta":{"jetpack_post_was_ever_published":false,"_jetpack_newsletter_access":"","_jetpack_dont_email_post_to_subs":false,"_jetpack_newsletter_tier_id":0,"_jetpack_memberships_contains_paywalled_content":false,"_jetpack_memberships_contains_paid_content":false,"footnotes":"","jetpack_publicize_message":"","jetpack_publicize_feature_enabled":true,"jetpack_social_post_already_shared":true,"jetpack_social_options":{"image_generator_settings":{"template":"highway","enabled":false},"version":2}},"categories":[1],"tags":[15],"class_list":["post-11285","post","type-post","status-publish","format-standard","has-post-thumbnail","hentry","category-la-piedad","tag-la-piedad"],"jetpack_publicize_connections":[],"jetpack_sharing_enabled":true,"featured_image_urls":{"full":["http:\/\/tvalaire.com\/wp-content\/uploads\/2023\/06\/01-3-19.jpeg",1000,667,false],"thumbnail":["http:\/\/tvalaire.com\/wp-content\/uploads\/2023\/06\/01-3-19-150x150.jpeg",150,150,true],"medium":["http:\/\/tvalaire.com\/wp-content\/uploads\/2023\/06\/01-3-19-300x200.jpeg",300,200,true],"medium_large":["http:\/\/tvalaire.com\/wp-content\/uploads\/2023\/06\/01-3-19-768x512.jpeg",640,427,true],"large":["http:\/\/tvalaire.com\/wp-content\/uploads\/2023\/06\/01-3-19.jpeg",640,427,false],"post-slider-thumb-size":["http:\/\/tvalaire.com\/wp-content\/uploads\/2023\/06\/01-3-19-330x190.jpeg",330,190,true],"post-category-slider-size":["http:\/\/tvalaire.com\/wp-content\/uploads\/2023\/06\/01-3-19.jpeg",330,220,false],"1536x1536":["http:\/\/tvalaire.com\/wp-content\/uploads\/2023\/06\/01-3-19.jpeg",1000,667,false],"2048x2048":["http:\/\/tvalaire.com\/wp-content\/uploads\/2023\/06\/01-3-19.jpeg",1000,667,false],"newsium-slider-full":["http:\/\/tvalaire.com\/wp-content\/uploads\/2023\/06\/01-3-19.jpeg",1000,667,false],"newsium-featured":["http:\/\/tvalaire.com\/wp-content\/uploads\/2023\/06\/01-3-19.jpeg",1000,667,false],"newsium-medium":["http:\/\/tvalaire.com\/wp-content\/uploads\/2023\/06\/01-3-19-720x475.jpeg",720,475,true]},"author_info":{"info":["tvalairenoti"]},"category_info":"<a href=\"http:\/\/tvalaire.com\/?cat=1\" rel=\"category\">La Piedad<\/a>","tag_info":"La Piedad","comment_count":"0","jetpack_featured_media_url":"http:\/\/tvalaire.com\/wp-content\/uploads\/2023\/06\/01-3-19.jpeg","_links":{"self":[{"href":"http:\/\/tvalaire.com\/index.php?rest_route=\/wp\/v2\/posts\/11285"}],"collection":[{"href":"http:\/\/tvalaire.com\/index.php?rest_route=\/wp\/v2\/posts"}],"about":[{"href":"http:\/\/tvalaire.com\/index.php?rest_route=\/wp\/v2\/types\/post"}],"author":[{"embeddable":true,"href":"http:\/\/tvalaire.com\/index.php?rest_route=\/wp\/v2\/users\/1"}],"replies":[{"embeddable":true,"href":"http:\/\/tvalaire.com\/index.php?rest_route=%2Fwp%2Fv2%2Fcomments&post=11285"}],"version-history":[{"count":1,"href":"http:\/\/tvalaire.com\/index.php?rest_route=\/wp\/v2\/posts\/11285\/revisions"}],"predecessor-version":[{"id":11287,"href":"http:\/\/tvalaire.com\/index.php?rest_route=\/wp\/v2\/posts\/11285\/revisions\/11287"}],"wp:featuredmedia":[{"embeddable":true,"href":"http:\/\/tvalaire.com\/index.php?rest_route=\/wp\/v2\/media\/11286"}],"wp:attachment":[{"href":"http:\/\/tvalaire.com\/index.php?rest_route=%2Fwp%2Fv2%2Fmedia&parent=11285"}],"wp:term":[{"taxonomy":"category","embeddable":true,"href":"http:\/\/tvalaire.com\/index.php?rest_route=%2Fwp%2Fv2%2Fcategories&post=11285"},{"taxonomy":"post_tag","embeddable":true,"href":"http:\/\/tvalaire.com\/index.php?rest_route=%2Fwp%2Fv2%2Ftags&post=11285"}],"curies":[{"name":"wp","href":"https:\/\/api.w.org\/{rel}","templated":true}]}}