{"id":11266,"date":"2023-05-24T19:36:12","date_gmt":"2023-05-25T01:36:12","guid":{"rendered":"http:\/\/tvalaire.com\/?p=11266"},"modified":"2023-06-01T19:37:31","modified_gmt":"2023-06-02T01:37:31","slug":"calle-coahuila-en-la-piedad-concluida-en-su-totalidad","status":"publish","type":"post","link":"http:\/\/tvalaire.com\/?p=11266","title":{"rendered":"CALLE COAHUILA EN LA PIEDAD CONCLUIDA EN SU TOTALIDAD"},"content":{"rendered":"\n<p><\/p>\n\n\n\n<ul class=\"wp-block-list\">\n<li><strong>&#8220;Dignificar la infraestructura vial y brindar una mejor calidad de vida a las familias piedadenses&#8221;: Samuel Hidalgo<\/strong><\/li>\n\n\n\n<li><strong>M\u00e1s de 4 mil 288 metros cuadrados con nuevo pavimento&nbsp;<\/strong><\/li>\n<\/ul>\n\n\n\n<p>Con el objetivo de inaugurar un tramo de la calle Coahuila, el alcalde Samuel Hidalgo Gallardo, en conjunto con Rogelio Zaraz\u00faa S\u00e1nchez, director de la Secretar\u00eda de Comunicaciones y Obras P\u00fablicas (SCOP) del Estado de Michoac\u00e1n, visitaron la colonia San Rafael, para hacer entrega de dicha ob<a><\/a>ra a los vecinos.<\/p>\n\n\n\n<p>Durante el evento, el presidente Samuel Hidalgo, mencion\u00f3 la importancia de trabajar en equipo en los diferentes \u00f3rdenes de gobierno, destacando al mismo tiempo la colaboraci\u00f3n y la organizaci\u00f3n del Comit\u00e9 de Participaci\u00f3n Ciudadana, que siempre estuvo pendiente del tema.<\/p>\n\n\n\n<p>Ah\u00ed mismo el Alcalde mencion\u00f3 que la obra contempl\u00f3 la rehabilitaci\u00f3n de m\u00e1s de 4 mil 288 metros cuadrados con pavimento hidr\u00e1ulico de 20 cent\u00edmetros de espesor, en un total de 441 metros lineales, con lo que se logr\u00f3 el objetivo principal de dignificar la infraestructura vial y al mismo tiempo brindar una mejor calidad de vida a las familias piedadenses.<\/p>\n\n\n\n<p>El Alcalde reconoci\u00f3 en la persona del diputado Hugo Anaya \u00c1vila, y del propio Gobierno Estatal, el inter\u00e9s para trabajar de la mano y as\u00ed favorecer de manera directa a m\u00e1s de 10 mil piedadenses de esa zona del municipio.<\/p>\n\n\n\n<p>En su intervenci\u00f3n Rogelio Zaraz\u00faa S\u00e1nchez, destac\u00f3 el trabajo que se ha podido realizar de manera coordinada con la Administraci\u00f3n municipal y reafirm\u00f3 el compromiso del Ejecutivo Estatal, para seguir en ese mismo sentido.<\/p>\n\n\n\n<p>Destac\u00f3 que dentro del paquete multianual aprobado que se tiene, ya se contempla el trabajo para rehabilitar el Libramiento Mart\u00ed Mercado, el cual ser\u00e1 de cuatro carriles, camell\u00f3n central, ciclo-v\u00eda, banquetas, luminarias, entre otras acciones. Se espera que el pr\u00f3ximo mes el Gobernador visite el municipio para iniciar con la obra.<\/p>\n\n\n\n<p>Por su parte Prisciliano P\u00e9rez, uno de los beneficiarios a nombre de los vecinos agradeci\u00f3 los trabajos que ah\u00ed se realizaron en favor de los habitantes y reconoci\u00f3 el trabajo de las autoridades municipales y estatales que pudieron hacer posible que la calle quedar\u00e1 concluida.<\/p>\n\n\n\n<p>Cabe mencionar que la nueva vialidad cuenta con los nuevos criterios en materia urbana en donde se prioriza la seguridad del peat\u00f3n, cuenta con se\u00f1al\u00e9ticas, una nueva red de drenaje, as\u00ed como tuber\u00eda para las tomas domiciliarias de agua potable, entre otras.<\/p>\n","protected":false},"excerpt":{"rendered":"<p>Con el objetivo de inaugurar un tramo de la calle Coahuila, el alcalde Samuel Hidalgo&#8230;<\/p>\n","protected":false},"author":1,"featured_media":11267,"comment_status":"open","ping_status":"open","sticky":false,"template":"","format":"standard","meta":{"jetpack_post_was_ever_published":false,"_jetpack_newsletter_access":"","_jetpack_dont_email_post_to_subs":false,"_jetpack_newsletter_tier_id":0,"_jetpack_memberships_contains_paywalled_content":false,"_jetpack_memberships_contains_paid_content":false,"footnotes":"","jetpack_publicize_message":"","jetpack_publicize_feature_enabled":true,"jetpack_social_post_already_shared":true,"jetpack_social_options":{"image_generator_settings":{"template":"highway","enabled":false},"version":2}},"categories":[1],"tags":[15],"class_list":["post-11266","post","type-post","status-publish","format-standard","has-post-thumbnail","hentry","category-la-piedad","tag-la-piedad"],"jetpack_publicize_connections":[],"jetpack_sharing_enabled":true,"featured_image_urls":{"full":["http:\/\/tvalaire.com\/wp-content\/uploads\/2023\/06\/01-3-16.jpeg",1109,852,false],"thumbnail":["http:\/\/tvalaire.com\/wp-content\/uploads\/2023\/06\/01-3-16-150x150.jpeg",150,150,true],"medium":["http:\/\/tvalaire.com\/wp-content\/uploads\/2023\/06\/01-3-16-300x230.jpeg",300,230,true],"medium_large":["http:\/\/tvalaire.com\/wp-content\/uploads\/2023\/06\/01-3-16-768x590.jpeg",640,492,true],"large":["http:\/\/tvalaire.com\/wp-content\/uploads\/2023\/06\/01-3-16-1024x787.jpeg",640,492,true],"post-slider-thumb-size":["http:\/\/tvalaire.com\/wp-content\/uploads\/2023\/06\/01-3-16-330x190.jpeg",330,190,true],"post-category-slider-size":["http:\/\/tvalaire.com\/wp-content\/uploads\/2023\/06\/01-3-16.jpeg",330,254,false],"1536x1536":["http:\/\/tvalaire.com\/wp-content\/uploads\/2023\/06\/01-3-16.jpeg",1109,852,false],"2048x2048":["http:\/\/tvalaire.com\/wp-content\/uploads\/2023\/06\/01-3-16.jpeg",1109,852,false],"newsium-slider-full":["http:\/\/tvalaire.com\/wp-content\/uploads\/2023\/06\/01-3-16-1109x845.jpeg",1109,845,true],"newsium-featured":["http:\/\/tvalaire.com\/wp-content\/uploads\/2023\/06\/01-3-16-1024x787.jpeg",1024,787,true],"newsium-medium":["http:\/\/tvalaire.com\/wp-content\/uploads\/2023\/06\/01-3-16-720x475.jpeg",720,475,true]},"author_info":{"info":["tvalairenoti"]},"category_info":"<a href=\"http:\/\/tvalaire.com\/?cat=1\" rel=\"category\">La Piedad<\/a>","tag_info":"La Piedad","comment_count":"0","jetpack_featured_media_url":"http:\/\/tvalaire.com\/wp-content\/uploads\/2023\/06\/01-3-16.jpeg","_links":{"self":[{"href":"http:\/\/tvalaire.com\/index.php?rest_route=\/wp\/v2\/posts\/11266"}],"collection":[{"href":"http:\/\/tvalaire.com\/index.php?rest_route=\/wp\/v2\/posts"}],"about":[{"href":"http:\/\/tvalaire.com\/index.php?rest_route=\/wp\/v2\/types\/post"}],"author":[{"embeddable":true,"href":"http:\/\/tvalaire.com\/index.php?rest_route=\/wp\/v2\/users\/1"}],"replies":[{"embeddable":true,"href":"http:\/\/tvalaire.com\/index.php?rest_route=%2Fwp%2Fv2%2Fcomments&post=11266"}],"version-history":[{"count":1,"href":"http:\/\/tvalaire.com\/index.php?rest_route=\/wp\/v2\/posts\/11266\/revisions"}],"predecessor-version":[{"id":11268,"href":"http:\/\/tvalaire.com\/index.php?rest_route=\/wp\/v2\/posts\/11266\/revisions\/11268"}],"wp:featuredmedia":[{"embeddable":true,"href":"http:\/\/tvalaire.com\/index.php?rest_route=\/wp\/v2\/media\/11267"}],"wp:attachment":[{"href":"http:\/\/tvalaire.com\/index.php?rest_route=%2Fwp%2Fv2%2Fmedia&parent=11266"}],"wp:term":[{"taxonomy":"category","embeddable":true,"href":"http:\/\/tvalaire.com\/index.php?rest_route=%2Fwp%2Fv2%2Fcategories&post=11266"},{"taxonomy":"post_tag","embeddable":true,"href":"http:\/\/tvalaire.com\/index.php?rest_route=%2Fwp%2Fv2%2Ftags&post=11266"}],"curies":[{"name":"wp","href":"https:\/\/api.w.org\/{rel}","templated":true}]}}