{"id":11131,"date":"2023-03-04T11:54:44","date_gmt":"2023-03-04T17:54:44","guid":{"rendered":"http:\/\/tvalaire.com\/?p=11131"},"modified":"2023-04-06T11:56:04","modified_gmt":"2023-04-06T17:56:04","slug":"inauguran-expoboda-y-eventos-2023-en-la-piedad","status":"publish","type":"post","link":"http:\/\/tvalaire.com\/?p=11131","title":{"rendered":"INAUGURAN EXPOBODA Y EVENTOS 2023 EN LA PIEDAD"},"content":{"rendered":"\n<p><\/p>\n\n\n\n<ul class=\"wp-block-list\">\n<li><strong>Espacio para que los organizadores de eventos ofrezcan sus servicios<\/strong><\/li>\n\n\n\n<li><strong>Coadyuvar a la reactivaci\u00f3n de la econom\u00eda local es la meta<\/strong><\/li>\n<\/ul>\n\n\n\n<p>A trav\u00e9s de la Direcci\u00f3n de Promoci\u00f3n Econ\u00f3mica, del Gobierno Municipal de La Piedad, el presidente Samuel Hidalgo Gallardo, realiz\u00f3 la inauguraci\u00f3n oficial de la ExpoBoda y Eventos 2023, la cual se desarrolla en el Centro Hist\u00f3rico de la ciudad.<\/p>\n\n\n\n<p>Ah\u00ed el alcalde Hidalgo Gallardo, destac\u00f3 la importancia de realizar este tipo de eventos, pues se\u00f1al\u00f3 que se trata de ofrecer un espacio donde los diferentes proveedores y organizadores de eventos sociales ofrezcan sus productos y servicios al p\u00fablico en general.<\/p>\n\n\n\n<p>As\u00ed mismo, subray\u00f3 que otra de las principales metas es coadyuvar a la reactivaci\u00f3n de la econom\u00eda de los comercios y negocios de la zona centro de la ciudad, siendo parte fundamental el Comercio Local Familiar.<\/p>\n\n\n\n<p>Por su parte la titular de la dependencia de Promoci\u00f3n Econ\u00f3mica, Brenda Orozco Torres, coment\u00f3 que para esta ocasi\u00f3n en el centro de la ciudad se instalaron m\u00e1s de 48 expositores, que, durante el s\u00e1bado y el domingo, estar\u00e1n ofreciendo las diferentes opciones para organizar eventos.<\/p>\n\n\n\n<p>Para el s\u00e1bado el programa cont\u00f3 con varias actividades entre ellas, la inauguraci\u00f3n oficial, una pasarela de vestidos para novias, vestido casual y trajes para caballero, as\u00ed como la presentaci\u00f3n del dueto Blanco y Negro.<\/p>\n\n\n\n<p>Orozco Torres, extendi\u00f3 una invitaci\u00f3n al p\u00fablico en general para que el d\u00eda domingo 5 acuda al Centro Hist\u00f3rico y disfrute de las actividades que se tienen programadas, empezando a la 1:00 pm con una pasarela, 40 minutos despu\u00e9s presentaci\u00f3n musical por el Grupo La Marca.<\/p>\n\n\n\n<p>Ser\u00e1 a las 8:00 pm que se d\u00e9 inicio a la pasarela Decorarte, para que 30 minutos despu\u00e9s terminar el evento con la presentaci\u00f3n de Oro Negro.<\/p>\n\n\n\n<figure class=\"wp-block-image size-large is-style-default\"><img loading=\"lazy\" decoding=\"async\" width=\"1024\" height=\"682\" src=\"http:\/\/tvalaire.com\/wp-content\/uploads\/2023\/04\/01-3-9-1024x682.jpeg\" alt=\"\" class=\"wp-image-11133\" srcset=\"http:\/\/tvalaire.com\/wp-content\/uploads\/2023\/04\/01-3-9-1024x682.jpeg 1024w, http:\/\/tvalaire.com\/wp-content\/uploads\/2023\/04\/01-3-9-300x200.jpeg 300w, http:\/\/tvalaire.com\/wp-content\/uploads\/2023\/04\/01-3-9-768x512.jpeg 768w, http:\/\/tvalaire.com\/wp-content\/uploads\/2023\/04\/01-3-9.jpeg 1280w\" sizes=\"(max-width: 1024px) 100vw, 1024px\" \/><\/figure>\n","protected":false},"excerpt":{"rendered":"<p>A trav\u00e9s de la Direcci\u00f3n de Promoci\u00f3n Econ\u00f3mica, del Gobierno Municipal de La Piedad, el&#8230;<\/p>\n","protected":false},"author":1,"featured_media":11132,"comment_status":"open","ping_status":"open","sticky":false,"template":"","format":"standard","meta":{"jetpack_post_was_ever_published":false,"_jetpack_newsletter_access":"","_jetpack_dont_email_post_to_subs":false,"_jetpack_newsletter_tier_id":0,"_jetpack_memberships_contains_paywalled_content":false,"_jetpack_memberships_contains_paid_content":false,"footnotes":"","jetpack_publicize_message":"","jetpack_publicize_feature_enabled":true,"jetpack_social_post_already_shared":true,"jetpack_social_options":{"image_generator_settings":{"template":"highway","enabled":false},"version":2}},"categories":[1],"tags":[15],"class_list":["post-11131","post","type-post","status-publish","format-standard","has-post-thumbnail","hentry","category-la-piedad","tag-la-piedad"],"jetpack_publicize_connections":[],"jetpack_sharing_enabled":true,"featured_image_urls":{"full":["http:\/\/tvalaire.com\/wp-content\/uploads\/2023\/04\/01-5-8.jpeg",1280,853,false],"thumbnail":["http:\/\/tvalaire.com\/wp-content\/uploads\/2023\/04\/01-5-8-150x150.jpeg",150,150,true],"medium":["http:\/\/tvalaire.com\/wp-content\/uploads\/2023\/04\/01-5-8-300x200.jpeg",300,200,true],"medium_large":["http:\/\/tvalaire.com\/wp-content\/uploads\/2023\/04\/01-5-8-768x512.jpeg",640,427,true],"large":["http:\/\/tvalaire.com\/wp-content\/uploads\/2023\/04\/01-5-8-1024x682.jpeg",640,426,true],"post-slider-thumb-size":["http:\/\/tvalaire.com\/wp-content\/uploads\/2023\/04\/01-5-8-330x190.jpeg",330,190,true],"post-category-slider-size":["http:\/\/tvalaire.com\/wp-content\/uploads\/2023\/04\/01-5-8.jpeg",330,220,false],"1536x1536":["http:\/\/tvalaire.com\/wp-content\/uploads\/2023\/04\/01-5-8.jpeg",1280,853,false],"2048x2048":["http:\/\/tvalaire.com\/wp-content\/uploads\/2023\/04\/01-5-8.jpeg",1280,853,false],"newsium-slider-full":["http:\/\/tvalaire.com\/wp-content\/uploads\/2023\/04\/01-5-8-1280x845.jpeg",1280,845,true],"newsium-featured":["http:\/\/tvalaire.com\/wp-content\/uploads\/2023\/04\/01-5-8-1024x682.jpeg",1024,682,true],"newsium-medium":["http:\/\/tvalaire.com\/wp-content\/uploads\/2023\/04\/01-5-8-720x475.jpeg",720,475,true]},"author_info":{"info":["tvalairenoti"]},"category_info":"<a href=\"http:\/\/tvalaire.com\/?cat=1\" rel=\"category\">La Piedad<\/a>","tag_info":"La Piedad","comment_count":"0","jetpack_featured_media_url":"http:\/\/tvalaire.com\/wp-content\/uploads\/2023\/04\/01-5-8.jpeg","_links":{"self":[{"href":"http:\/\/tvalaire.com\/index.php?rest_route=\/wp\/v2\/posts\/11131"}],"collection":[{"href":"http:\/\/tvalaire.com\/index.php?rest_route=\/wp\/v2\/posts"}],"about":[{"href":"http:\/\/tvalaire.com\/index.php?rest_route=\/wp\/v2\/types\/post"}],"author":[{"embeddable":true,"href":"http:\/\/tvalaire.com\/index.php?rest_route=\/wp\/v2\/users\/1"}],"replies":[{"embeddable":true,"href":"http:\/\/tvalaire.com\/index.php?rest_route=%2Fwp%2Fv2%2Fcomments&post=11131"}],"version-history":[{"count":1,"href":"http:\/\/tvalaire.com\/index.php?rest_route=\/wp\/v2\/posts\/11131\/revisions"}],"predecessor-version":[{"id":11134,"href":"http:\/\/tvalaire.com\/index.php?rest_route=\/wp\/v2\/posts\/11131\/revisions\/11134"}],"wp:featuredmedia":[{"embeddable":true,"href":"http:\/\/tvalaire.com\/index.php?rest_route=\/wp\/v2\/media\/11132"}],"wp:attachment":[{"href":"http:\/\/tvalaire.com\/index.php?rest_route=%2Fwp%2Fv2%2Fmedia&parent=11131"}],"wp:term":[{"taxonomy":"category","embeddable":true,"href":"http:\/\/tvalaire.com\/index.php?rest_route=%2Fwp%2Fv2%2Fcategories&post=11131"},{"taxonomy":"post_tag","embeddable":true,"href":"http:\/\/tvalaire.com\/index.php?rest_route=%2Fwp%2Fv2%2Ftags&post=11131"}],"curies":[{"name":"wp","href":"https:\/\/api.w.org\/{rel}","templated":true}]}}