{"id":11128,"date":"2023-03-08T11:53:32","date_gmt":"2023-03-08T17:53:32","guid":{"rendered":"http:\/\/tvalaire.com\/?p=11128"},"modified":"2023-04-06T11:54:32","modified_gmt":"2023-04-06T17:54:32","slug":"conmemoran-el-dia-internacional-de-la-mujer-a-traves-de-distintas-actividades","status":"publish","type":"post","link":"http:\/\/tvalaire.com\/?p=11128","title":{"rendered":"CONMEMORAN EL D\u00cdA INTERNACIONAL DE LA MUJER A TRAV\u00c9S DE DISTINTAS ACTIVIDADES"},"content":{"rendered":"\n<p><\/p>\n\n\n\n<ul class=\"wp-block-list\">\n<li><strong>Samuel Hidalgo refrenda su apoyo a las mujeres<\/strong><strong><\/strong><\/li>\n\n\n\n<li><strong>Concientizan sobre la equidad de g\u00e9nero <\/strong><strong><\/strong><\/li>\n<\/ul>\n\n\n\n<p>El Gobierno Municipal de La Piedad, a trav\u00e9s del Instituto Municipal de la Mujer (IMM) llev\u00f3 a cabo distintas actividades en el marco a la conmemoraci\u00f3n del D\u00eda Internacional de la Mujer, entre ellas, conferencias y talleres cuyo objetivo principal fue concientizar a los ciudadanos acerca de la equidad de g\u00e9nero.<\/p>\n\n\n\n<p>\u201cEl Gobierno Municipal a trav\u00e9s de diferentes acciones por medio del Instituto de la mujer y otras dependencias, ha puesto como prioridad el apoyo hacia las mujeres, creando redes de apoyo a trav\u00e9s de las Puertas x ti, as\u00ed como la Patrulla Rosa, que atiende espec\u00edficamente los casos de violencia y de igual manera los microcr\u00e9ditos que impulsan su econom\u00eda\u201d, mencion\u00f3 el presidente municipal Samuel Hidalgo.<\/p>\n\n\n\n<p>Por ello, se realiz\u00f3 el taller \u201cMi relaci\u00f3n extraordinaria\u201d en el DIF municipal, el cual estuvoa cargo de la coach Emma Luna, as\u00ed como de Araceli Arroyo, quien es master en acondicionamiento f\u00edsico funcional y extensionista; por su parte, los asistentes aprendieron sobrela importancia del empoderamiento femenino a trav\u00e9s de diferentes actividades interactivas.<\/p>\n\n\n\n<p>As\u00ed mismo, se llev\u00f3 a cabo la pl\u00e1tica \u201cUna mujer extraordinaria\u201d, a cargo de la Dra. Natalia Alejandra Salinas Bravo, dentro de las instalaciones de la \u201cEscuela de Artes\u201d, cuyo mensaje principal fue el reconocer, valorar y comprender el rol tan importante que desempe\u00f1an las mujeres en la sociedad.<\/p>\n\n\n\n<p>Por \u00faltimo, el Alcalde refrendo su apoyo hacia este sector, haciendo \u00e9nfasis en que ante cualquier acto de violencia no duden en denunciarlo a las instancias correspondientes y tambi\u00e9n aprovech\u00f3 para invitar a todas las familias al \u201cDesfile Generacional del Rebozo\u201d, que se llevar\u00e1 a cabo el s\u00e1bado 18 de marzo en la Plaza Principal a partir de las 6:00 de la tarde.<\/p>\n","protected":false},"excerpt":{"rendered":"<p>El Gobierno Municipal de La Piedad, a trav\u00e9s del Instituto Municipal de la Mujer (IMM)&#8230;<\/p>\n","protected":false},"author":1,"featured_media":11129,"comment_status":"open","ping_status":"open","sticky":false,"template":"","format":"standard","meta":{"jetpack_post_was_ever_published":false,"_jetpack_newsletter_access":"","_jetpack_dont_email_post_to_subs":false,"_jetpack_newsletter_tier_id":0,"_jetpack_memberships_contains_paywalled_content":false,"_jetpack_memberships_contains_paid_content":false,"footnotes":"","jetpack_publicize_message":"","jetpack_publicize_feature_enabled":true,"jetpack_social_post_already_shared":true,"jetpack_social_options":{"image_generator_settings":{"template":"highway","enabled":false},"version":2}},"categories":[1],"tags":[15],"class_list":["post-11128","post","type-post","status-publish","format-standard","has-post-thumbnail","hentry","category-la-piedad","tag-la-piedad"],"jetpack_publicize_connections":[],"jetpack_sharing_enabled":true,"featured_image_urls":{"full":["http:\/\/tvalaire.com\/wp-content\/uploads\/2023\/04\/01-4-5.jpeg",1000,667,false],"thumbnail":["http:\/\/tvalaire.com\/wp-content\/uploads\/2023\/04\/01-4-5-150x150.jpeg",150,150,true],"medium":["http:\/\/tvalaire.com\/wp-content\/uploads\/2023\/04\/01-4-5-300x200.jpeg",300,200,true],"medium_large":["http:\/\/tvalaire.com\/wp-content\/uploads\/2023\/04\/01-4-5-768x512.jpeg",640,427,true],"large":["http:\/\/tvalaire.com\/wp-content\/uploads\/2023\/04\/01-4-5.jpeg",640,427,false],"post-slider-thumb-size":["http:\/\/tvalaire.com\/wp-content\/uploads\/2023\/04\/01-4-5-330x190.jpeg",330,190,true],"post-category-slider-size":["http:\/\/tvalaire.com\/wp-content\/uploads\/2023\/04\/01-4-5.jpeg",330,220,false],"1536x1536":["http:\/\/tvalaire.com\/wp-content\/uploads\/2023\/04\/01-4-5.jpeg",1000,667,false],"2048x2048":["http:\/\/tvalaire.com\/wp-content\/uploads\/2023\/04\/01-4-5.jpeg",1000,667,false],"newsium-slider-full":["http:\/\/tvalaire.com\/wp-content\/uploads\/2023\/04\/01-4-5.jpeg",1000,667,false],"newsium-featured":["http:\/\/tvalaire.com\/wp-content\/uploads\/2023\/04\/01-4-5.jpeg",1000,667,false],"newsium-medium":["http:\/\/tvalaire.com\/wp-content\/uploads\/2023\/04\/01-4-5-720x475.jpeg",720,475,true]},"author_info":{"info":["tvalairenoti"]},"category_info":"<a href=\"http:\/\/tvalaire.com\/?cat=1\" rel=\"category\">La Piedad<\/a>","tag_info":"La Piedad","comment_count":"0","jetpack_featured_media_url":"http:\/\/tvalaire.com\/wp-content\/uploads\/2023\/04\/01-4-5.jpeg","_links":{"self":[{"href":"http:\/\/tvalaire.com\/index.php?rest_route=\/wp\/v2\/posts\/11128"}],"collection":[{"href":"http:\/\/tvalaire.com\/index.php?rest_route=\/wp\/v2\/posts"}],"about":[{"href":"http:\/\/tvalaire.com\/index.php?rest_route=\/wp\/v2\/types\/post"}],"author":[{"embeddable":true,"href":"http:\/\/tvalaire.com\/index.php?rest_route=\/wp\/v2\/users\/1"}],"replies":[{"embeddable":true,"href":"http:\/\/tvalaire.com\/index.php?rest_route=%2Fwp%2Fv2%2Fcomments&post=11128"}],"version-history":[{"count":1,"href":"http:\/\/tvalaire.com\/index.php?rest_route=\/wp\/v2\/posts\/11128\/revisions"}],"predecessor-version":[{"id":11130,"href":"http:\/\/tvalaire.com\/index.php?rest_route=\/wp\/v2\/posts\/11128\/revisions\/11130"}],"wp:featuredmedia":[{"embeddable":true,"href":"http:\/\/tvalaire.com\/index.php?rest_route=\/wp\/v2\/media\/11129"}],"wp:attachment":[{"href":"http:\/\/tvalaire.com\/index.php?rest_route=%2Fwp%2Fv2%2Fmedia&parent=11128"}],"wp:term":[{"taxonomy":"category","embeddable":true,"href":"http:\/\/tvalaire.com\/index.php?rest_route=%2Fwp%2Fv2%2Fcategories&post=11128"},{"taxonomy":"post_tag","embeddable":true,"href":"http:\/\/tvalaire.com\/index.php?rest_route=%2Fwp%2Fv2%2Ftags&post=11128"}],"curies":[{"name":"wp","href":"https:\/\/api.w.org\/{rel}","templated":true}]}}