{"id":11112,"date":"2023-03-23T11:48:07","date_gmt":"2023-03-23T17:48:07","guid":{"rendered":"http:\/\/tvalaire.com\/?p=11112"},"modified":"2023-04-06T11:49:25","modified_gmt":"2023-04-06T17:49:25","slug":"todo-listo-para-la-carrera-neon-nocturna-en-la-piedad","status":"publish","type":"post","link":"http:\/\/tvalaire.com\/?p=11112","title":{"rendered":"TODO LISTO PARA LA CARRERA NE\u00d3N NOCTURNA EN LA PIEDAD"},"content":{"rendered":"\n<p><\/p>\n\n\n\n<ul class=\"wp-block-list\">\n<li><strong>A partir de las 6:30 de la tarde en el centro de la ciudad<\/strong><\/li>\n\n\n\n<li><strong>Evento en el que se invita a toda la familia <a><\/a><\/strong><\/li>\n<\/ul>\n\n\n\n<p>El Gobierno Municipal a trav\u00e9s del Sistema para el Desarrollo Integral de la Familia (DIF) y en colaboraci\u00f3n con la Direcci\u00f3n de Deportes, te invitan a caminar, trotar o correr en la Carrera Ne\u00f3n Nocturna, por la familia que se llevar\u00e1 a cabo este pr\u00f3ximo jueves 30 a partir de las 18:30 horas.<\/p>\n\n\n\n<p>La titular del Sistema DIF, Vanessa Caratachea S\u00e1nchez, mencion\u00f3 que la actividad se desarrollar\u00e1 en el marco del D\u00eda de la Familia y el principal objetivo es poder promover la activaci\u00f3n f\u00edsica y pasar un momento agradable.<\/p>\n\n\n\n<p>Caratachea S\u00e1nchez, mencion\u00f3 que la din\u00e1mica de la carrera es de 5 kil\u00f3metros, no tiene costo de inscripci\u00f3n, es con cupo limitado y m\u00ednimo deben registrarse dos familiares para participar.<\/p>\n\n\n\n<p>Coment\u00f3 la funcionaria que a las 6:30 se iniciar\u00e1 con una mega activaci\u00f3n, en el Teatro del Pueblo, para media hora despu\u00e9s iniciar el recorrido.<\/p>\n\n\n\n<p>Asimismo, invit\u00f3 a los participantes a que lleven playera blanca para el mayor lucimiento del polvo Ne\u00f3n, de igual manera dijo que los asistentes deben considerar tambi\u00e9n su calzado o dem\u00e1s vestimenta, ya que, por el tipo de material del polvo, este puede manchar de manera permanente sus prendas.<\/p>\n\n\n\n<p>La ruta inicia en el centro de la ciudad, para continuar por Mariano Jim\u00e9nez, subir por Heriberto Jara, tomar la calle Ju\u00e1rez y seguir por 20 de Noviembre y dar vuelta para tomar Hidalgo con rumbo al centro.<\/p>\n\n\n\n<p>Se tiene programado realizar dos vueltas al circuito y as\u00ed completar los 5 kil\u00f3metros que se tienen como meta para esta actividad. Todos los participantes podr\u00e1n considerar la distancia que quieran recorrer.&nbsp;<\/p>\n\n\n\n<figure class=\"wp-block-image size-large is-style-default\"><img loading=\"lazy\" decoding=\"async\" width=\"1024\" height=\"1024\" src=\"http:\/\/tvalaire.com\/wp-content\/uploads\/2023\/04\/01-1024x1024.jpeg\" alt=\"\" class=\"wp-image-11113\" srcset=\"http:\/\/tvalaire.com\/wp-content\/uploads\/2023\/04\/01-1024x1024.jpeg 1024w, http:\/\/tvalaire.com\/wp-content\/uploads\/2023\/04\/01-300x300.jpeg 300w, http:\/\/tvalaire.com\/wp-content\/uploads\/2023\/04\/01-150x150.jpeg 150w, http:\/\/tvalaire.com\/wp-content\/uploads\/2023\/04\/01-768x768.jpeg 768w, http:\/\/tvalaire.com\/wp-content\/uploads\/2023\/04\/01-1536x1536.jpeg 1536w, http:\/\/tvalaire.com\/wp-content\/uploads\/2023\/04\/01.jpeg 1600w\" sizes=\"(max-width: 1024px) 100vw, 1024px\" \/><\/figure>\n","protected":false},"excerpt":{"rendered":"<p>El Gobierno Municipal a trav\u00e9s del Sistema para el Desarrollo Integral de la Familia (DIF)&#8230;<\/p>\n","protected":false},"author":1,"featured_media":11114,"comment_status":"open","ping_status":"open","sticky":false,"template":"","format":"standard","meta":{"jetpack_post_was_ever_published":false,"_jetpack_newsletter_access":"","_jetpack_dont_email_post_to_subs":false,"_jetpack_newsletter_tier_id":0,"_jetpack_memberships_contains_paywalled_content":false,"_jetpack_memberships_contains_paid_content":false,"footnotes":"","jetpack_publicize_message":"","jetpack_publicize_feature_enabled":true,"jetpack_social_post_already_shared":true,"jetpack_social_options":{"image_generator_settings":{"template":"highway","enabled":false},"version":2}},"categories":[1],"tags":[15],"class_list":["post-11112","post","type-post","status-publish","format-standard","has-post-thumbnail","hentry","category-la-piedad","tag-la-piedad"],"jetpack_publicize_connections":[],"jetpack_sharing_enabled":true,"featured_image_urls":{"full":["http:\/\/tvalaire.com\/wp-content\/uploads\/2023\/04\/Carrera-Neon-scaled.jpg",2560,2560,false],"thumbnail":["http:\/\/tvalaire.com\/wp-content\/uploads\/2023\/04\/Carrera-Neon-150x150.jpg",150,150,true],"medium":["http:\/\/tvalaire.com\/wp-content\/uploads\/2023\/04\/Carrera-Neon-300x300.jpg",300,300,true],"medium_large":["http:\/\/tvalaire.com\/wp-content\/uploads\/2023\/04\/Carrera-Neon-768x768.jpg",640,640,true],"large":["http:\/\/tvalaire.com\/wp-content\/uploads\/2023\/04\/Carrera-Neon-1024x1024.jpg",640,640,true],"post-slider-thumb-size":["http:\/\/tvalaire.com\/wp-content\/uploads\/2023\/04\/Carrera-Neon-330x190.jpg",330,190,true],"post-category-slider-size":["http:\/\/tvalaire.com\/wp-content\/uploads\/2023\/04\/Carrera-Neon-scaled.jpg",330,330,false],"1536x1536":["http:\/\/tvalaire.com\/wp-content\/uploads\/2023\/04\/Carrera-Neon-1536x1536.jpg",1536,1536,true],"2048x2048":["http:\/\/tvalaire.com\/wp-content\/uploads\/2023\/04\/Carrera-Neon-2048x2048.jpg",2048,2048,true],"newsium-slider-full":["http:\/\/tvalaire.com\/wp-content\/uploads\/2023\/04\/Carrera-Neon-1280x845.jpg",1280,845,true],"newsium-featured":["http:\/\/tvalaire.com\/wp-content\/uploads\/2023\/04\/Carrera-Neon-1024x1024.jpg",1024,1024,true],"newsium-medium":["http:\/\/tvalaire.com\/wp-content\/uploads\/2023\/04\/Carrera-Neon-720x475.jpg",720,475,true]},"author_info":{"info":["tvalairenoti"]},"category_info":"<a href=\"http:\/\/tvalaire.com\/?cat=1\" rel=\"category\">La Piedad<\/a>","tag_info":"La Piedad","comment_count":"0","jetpack_featured_media_url":"http:\/\/tvalaire.com\/wp-content\/uploads\/2023\/04\/Carrera-Neon-scaled.jpg","_links":{"self":[{"href":"http:\/\/tvalaire.com\/index.php?rest_route=\/wp\/v2\/posts\/11112"}],"collection":[{"href":"http:\/\/tvalaire.com\/index.php?rest_route=\/wp\/v2\/posts"}],"about":[{"href":"http:\/\/tvalaire.com\/index.php?rest_route=\/wp\/v2\/types\/post"}],"author":[{"embeddable":true,"href":"http:\/\/tvalaire.com\/index.php?rest_route=\/wp\/v2\/users\/1"}],"replies":[{"embeddable":true,"href":"http:\/\/tvalaire.com\/index.php?rest_route=%2Fwp%2Fv2%2Fcomments&post=11112"}],"version-history":[{"count":1,"href":"http:\/\/tvalaire.com\/index.php?rest_route=\/wp\/v2\/posts\/11112\/revisions"}],"predecessor-version":[{"id":11115,"href":"http:\/\/tvalaire.com\/index.php?rest_route=\/wp\/v2\/posts\/11112\/revisions\/11115"}],"wp:featuredmedia":[{"embeddable":true,"href":"http:\/\/tvalaire.com\/index.php?rest_route=\/wp\/v2\/media\/11114"}],"wp:attachment":[{"href":"http:\/\/tvalaire.com\/index.php?rest_route=%2Fwp%2Fv2%2Fmedia&parent=11112"}],"wp:term":[{"taxonomy":"category","embeddable":true,"href":"http:\/\/tvalaire.com\/index.php?rest_route=%2Fwp%2Fv2%2Fcategories&post=11112"},{"taxonomy":"post_tag","embeddable":true,"href":"http:\/\/tvalaire.com\/index.php?rest_route=%2Fwp%2Fv2%2Ftags&post=11112"}],"curies":[{"name":"wp","href":"https:\/\/api.w.org\/{rel}","templated":true}]}}