{"id":11109,"date":"2023-03-24T11:46:25","date_gmt":"2023-03-24T17:46:25","guid":{"rendered":"http:\/\/tvalaire.com\/?p=11109"},"modified":"2023-04-06T11:48:06","modified_gmt":"2023-04-06T17:48:06","slug":"excelente-espectaculo-de-venezuela-y-peru-en-el-festival-internacional-de-danza","status":"publish","type":"post","link":"http:\/\/tvalaire.com\/?p=11109","title":{"rendered":"EXCELENTE ESPECT\u00c1CULO DE VENEZUELA Y PER\u00da EN EL FESTIVAL INTERNACIONAL DE DANZA"},"content":{"rendered":"\n<p><\/p>\n\n\n\n<ul class=\"wp-block-list\">\n<li><strong>Muestran en el escenario m\u00fasica, tradici\u00f3n y folklor<\/strong><\/li>\n\n\n\n<li><strong>Queremos que las familias hagan suyo el centro de la ciudad: Alcalde<\/strong><\/li>\n<\/ul>\n\n\n\n<p>Los pa\u00edses de Venezuela y Per\u00fa, para la edici\u00f3n de este a\u00f1o en el Festival Internacional de Danza, extensi\u00f3n La Piedad, fueron los invitados especiales durante los dos d\u00edas de actividades que se desarrollaron en el Centro Hist\u00f3rico de nuestro municipio.<\/p>\n\n\n\n<p>Durante cada una de las presentaciones, los asistentes pudieron disfrutar de un evento de calidad internacional en donde las diferentes delegaciones que estuvieron en el escenario a trav\u00e9s de la m\u00fasica y el baile nos mostraron parte de su cultura, tradici\u00f3n y folklor.<\/p>\n\n\n\n<p>As\u00ed mismo, el talento de los ni\u00f1os y j\u00f3venes de la localidad estuvo representado por el Ballet del Sistema DIF y la instituci\u00f3n Universitaria UNIVA, quienes con gran entusiasmo se encargaron de mostrarnos varias estampas t\u00edpicas de algunos estados de nuestro pa\u00eds.<a><\/a><\/p>\n\n\n\n<p>\u201cEs a trav\u00e9s de la Direcci\u00f3n de Cultura, que este tipo de eventos podemos acercarlos a ustedes, con el principal objetivo de que las familias piedadenses tengan momentos de sana convivencia y entretenimiento\u201d, expres\u00f3 el alcalde Samuel Hidalgo Gallardo.&nbsp;<\/p>\n\n\n\n<p>Destac\u00f3 el Presidente, que realizar este tipo de eventos tienen como principal objetivo, que las familias y visitantes acudan al Centro Hist\u00f3rico de la ciudad y hagan suyo el lugar.<\/p>\n\n\n\n<p>De igual manera destac\u00f3 que en este mismo sentido para el pr\u00f3ximo jueves 30 se tiene programada una actividad en la que las familias podr\u00e1n participar caminando, trotando o corriendo en la Carrera Ne\u00f3n Nocturna, \u201cPor la Familia\u201d, la cual iniciar\u00e1 a las 6:00 de la tarde en centro de la ciudad.<\/p>\n","protected":false},"excerpt":{"rendered":"<p>Los pa\u00edses de Venezuela y Per\u00fa, para la edici\u00f3n de este a\u00f1o en el Festival&#8230;<\/p>\n","protected":false},"author":1,"featured_media":11110,"comment_status":"open","ping_status":"open","sticky":false,"template":"","format":"standard","meta":{"jetpack_post_was_ever_published":false,"_jetpack_newsletter_access":"","_jetpack_dont_email_post_to_subs":false,"_jetpack_newsletter_tier_id":0,"_jetpack_memberships_contains_paywalled_content":false,"_jetpack_memberships_contains_paid_content":false,"footnotes":"","jetpack_publicize_message":"","jetpack_publicize_feature_enabled":true,"jetpack_social_post_already_shared":true,"jetpack_social_options":{"image_generator_settings":{"template":"highway","enabled":false},"version":2}},"categories":[1],"tags":[15],"class_list":["post-11109","post","type-post","status-publish","format-standard","has-post-thumbnail","hentry","category-la-piedad","tag-la-piedad"],"jetpack_publicize_connections":[],"jetpack_sharing_enabled":true,"featured_image_urls":{"full":["http:\/\/tvalaire.com\/wp-content\/uploads\/2023\/04\/01-8-scaled.jpg",2560,1703,false],"thumbnail":["http:\/\/tvalaire.com\/wp-content\/uploads\/2023\/04\/01-8-150x150.jpg",150,150,true],"medium":["http:\/\/tvalaire.com\/wp-content\/uploads\/2023\/04\/01-8-300x200.jpg",300,200,true],"medium_large":["http:\/\/tvalaire.com\/wp-content\/uploads\/2023\/04\/01-8-768x511.jpg",640,426,true],"large":["http:\/\/tvalaire.com\/wp-content\/uploads\/2023\/04\/01-8-1024x681.jpg",640,426,true],"post-slider-thumb-size":["http:\/\/tvalaire.com\/wp-content\/uploads\/2023\/04\/01-8-330x190.jpg",330,190,true],"post-category-slider-size":["http:\/\/tvalaire.com\/wp-content\/uploads\/2023\/04\/01-8-scaled.jpg",330,220,false],"1536x1536":["http:\/\/tvalaire.com\/wp-content\/uploads\/2023\/04\/01-8-1536x1022.jpg",1536,1022,true],"2048x2048":["http:\/\/tvalaire.com\/wp-content\/uploads\/2023\/04\/01-8-2048x1363.jpg",2048,1363,true],"newsium-slider-full":["http:\/\/tvalaire.com\/wp-content\/uploads\/2023\/04\/01-8-1280x845.jpg",1280,845,true],"newsium-featured":["http:\/\/tvalaire.com\/wp-content\/uploads\/2023\/04\/01-8-1024x681.jpg",1024,681,true],"newsium-medium":["http:\/\/tvalaire.com\/wp-content\/uploads\/2023\/04\/01-8-720x475.jpg",720,475,true]},"author_info":{"info":["tvalairenoti"]},"category_info":"<a href=\"http:\/\/tvalaire.com\/?cat=1\" rel=\"category\">La Piedad<\/a>","tag_info":"La Piedad","comment_count":"0","jetpack_featured_media_url":"http:\/\/tvalaire.com\/wp-content\/uploads\/2023\/04\/01-8-scaled.jpg","_links":{"self":[{"href":"http:\/\/tvalaire.com\/index.php?rest_route=\/wp\/v2\/posts\/11109"}],"collection":[{"href":"http:\/\/tvalaire.com\/index.php?rest_route=\/wp\/v2\/posts"}],"about":[{"href":"http:\/\/tvalaire.com\/index.php?rest_route=\/wp\/v2\/types\/post"}],"author":[{"embeddable":true,"href":"http:\/\/tvalaire.com\/index.php?rest_route=\/wp\/v2\/users\/1"}],"replies":[{"embeddable":true,"href":"http:\/\/tvalaire.com\/index.php?rest_route=%2Fwp%2Fv2%2Fcomments&post=11109"}],"version-history":[{"count":1,"href":"http:\/\/tvalaire.com\/index.php?rest_route=\/wp\/v2\/posts\/11109\/revisions"}],"predecessor-version":[{"id":11111,"href":"http:\/\/tvalaire.com\/index.php?rest_route=\/wp\/v2\/posts\/11109\/revisions\/11111"}],"wp:featuredmedia":[{"embeddable":true,"href":"http:\/\/tvalaire.com\/index.php?rest_route=\/wp\/v2\/media\/11110"}],"wp:attachment":[{"href":"http:\/\/tvalaire.com\/index.php?rest_route=%2Fwp%2Fv2%2Fmedia&parent=11109"}],"wp:term":[{"taxonomy":"category","embeddable":true,"href":"http:\/\/tvalaire.com\/index.php?rest_route=%2Fwp%2Fv2%2Fcategories&post=11109"},{"taxonomy":"post_tag","embeddable":true,"href":"http:\/\/tvalaire.com\/index.php?rest_route=%2Fwp%2Fv2%2Ftags&post=11109"}],"curies":[{"name":"wp","href":"https:\/\/api.w.org\/{rel}","templated":true}]}}