{"id":11103,"date":"2023-03-27T11:44:34","date_gmt":"2023-03-27T17:44:34","guid":{"rendered":"http:\/\/tvalaire.com\/?p=11103"},"modified":"2023-04-06T11:45:32","modified_gmt":"2023-04-06T17:45:32","slug":"promueve-direccion-de-cultura-gusto-por-las-artes-en-ninos-de-preescolar","status":"publish","type":"post","link":"http:\/\/tvalaire.com\/?p=11103","title":{"rendered":"PROMUEVE DIRECCI\u00d3N DE CULTURA GUSTO POR LAS ARTES EN NI\u00d1OS DE PREESCOLAR"},"content":{"rendered":"\n<p><\/p>\n\n\n\n<ul class=\"wp-block-list\">\n<li><strong>Los infantes participaron de talleres de acuarela, canto, entre otros<\/strong><\/li>\n\n\n\n<li><strong>El objetivo es fomentar la educaci\u00f3n art\u00edstica<\/strong><\/li>\n<\/ul>\n\n\n\n<p>Concluye el programa Un d\u00eda en la Escuela de Artes, que el Gobierno Municipal de La Piedad, a trav\u00e9s de la Direcci\u00f3n de Cultura, promovi\u00f3 en d\u00edas pasados con ni\u00f1as y ni\u00f1os en edad preescolar, a quienes se les incentiv\u00f3 el gusto por las artes en sus diferentes expresiones.<\/p>\n\n\n\n<p>De acuerdo con la informaci\u00f3n proporcionada por la directora de Cultura, Miriam Espinoza Cardona, dijo que uno de los objetivos es dar a conocer el espacio dedicado a la difusi\u00f3n y promoci\u00f3n culturalde la ciudad, as\u00ed como que los ni\u00f1os pudieran participar de los talleres comoDanza contempor\u00e1nea, instrumentos musicales y manuales, acuarela, y canto<\/p>\n\n\n\n<p>Espinoza Cardona, se\u00f1al\u00f3 que, con este Programa la idea tambi\u00e9n radica en poder trabajar en edades tempranas con los ni\u00f1os y as\u00ed promover y fomentar la educaci\u00f3n art\u00edstica en ellos.<\/p>\n\n\n\n<p>Agreg\u00f3 que cada d\u00eda se estuvieron recibiendo alrededor de 150 ni\u00f1as y ni\u00f1os, esto dentro del marco de la Semana Cultural de la Zona Escolar 116 en un horario de 09:00 de la ma\u00f1ana y hasta el mediod\u00eda.<\/p>\n\n\n\n<p>La funcionaria dijo que aunado a las actividades tambi\u00e9n se trabaj\u00f3 en colaboraci\u00f3n con el personal de bibliotecas p\u00fablicas, quienes se encargaron de realizar el taller; Cuento Infantil.<\/p>\n","protected":false},"excerpt":{"rendered":"<p>Concluye el programa Un d\u00eda en la Escuela de Artes, que el Gobierno Municipal de&#8230;<\/p>\n","protected":false},"author":1,"featured_media":11104,"comment_status":"open","ping_status":"open","sticky":false,"template":"","format":"standard","meta":{"jetpack_post_was_ever_published":false,"_jetpack_newsletter_access":"","_jetpack_dont_email_post_to_subs":false,"_jetpack_newsletter_tier_id":0,"_jetpack_memberships_contains_paywalled_content":false,"_jetpack_memberships_contains_paid_content":false,"footnotes":"","jetpack_publicize_message":"","jetpack_publicize_feature_enabled":true,"jetpack_social_post_already_shared":true,"jetpack_social_options":{"image_generator_settings":{"template":"highway","enabled":false},"version":2}},"categories":[1],"tags":[15],"class_list":["post-11103","post","type-post","status-publish","format-standard","has-post-thumbnail","hentry","category-la-piedad","tag-la-piedad"],"jetpack_publicize_connections":[],"jetpack_sharing_enabled":true,"featured_image_urls":{"full":["http:\/\/tvalaire.com\/wp-content\/uploads\/2023\/04\/01-5-7.jpeg",1600,1064,false],"thumbnail":["http:\/\/tvalaire.com\/wp-content\/uploads\/2023\/04\/01-5-7-150x150.jpeg",150,150,true],"medium":["http:\/\/tvalaire.com\/wp-content\/uploads\/2023\/04\/01-5-7-300x200.jpeg",300,200,true],"medium_large":["http:\/\/tvalaire.com\/wp-content\/uploads\/2023\/04\/01-5-7-768x511.jpeg",640,426,true],"large":["http:\/\/tvalaire.com\/wp-content\/uploads\/2023\/04\/01-5-7-1024x681.jpeg",640,426,true],"post-slider-thumb-size":["http:\/\/tvalaire.com\/wp-content\/uploads\/2023\/04\/01-5-7-330x190.jpeg",330,190,true],"post-category-slider-size":["http:\/\/tvalaire.com\/wp-content\/uploads\/2023\/04\/01-5-7.jpeg",330,219,false],"1536x1536":["http:\/\/tvalaire.com\/wp-content\/uploads\/2023\/04\/01-5-7-1536x1021.jpeg",1536,1021,true],"2048x2048":["http:\/\/tvalaire.com\/wp-content\/uploads\/2023\/04\/01-5-7.jpeg",1600,1064,false],"newsium-slider-full":["http:\/\/tvalaire.com\/wp-content\/uploads\/2023\/04\/01-5-7-1280x845.jpeg",1280,845,true],"newsium-featured":["http:\/\/tvalaire.com\/wp-content\/uploads\/2023\/04\/01-5-7-1024x681.jpeg",1024,681,true],"newsium-medium":["http:\/\/tvalaire.com\/wp-content\/uploads\/2023\/04\/01-5-7-720x475.jpeg",720,475,true]},"author_info":{"info":["tvalairenoti"]},"category_info":"<a href=\"http:\/\/tvalaire.com\/?cat=1\" rel=\"category\">La Piedad<\/a>","tag_info":"La Piedad","comment_count":"0","jetpack_featured_media_url":"http:\/\/tvalaire.com\/wp-content\/uploads\/2023\/04\/01-5-7.jpeg","_links":{"self":[{"href":"http:\/\/tvalaire.com\/index.php?rest_route=\/wp\/v2\/posts\/11103"}],"collection":[{"href":"http:\/\/tvalaire.com\/index.php?rest_route=\/wp\/v2\/posts"}],"about":[{"href":"http:\/\/tvalaire.com\/index.php?rest_route=\/wp\/v2\/types\/post"}],"author":[{"embeddable":true,"href":"http:\/\/tvalaire.com\/index.php?rest_route=\/wp\/v2\/users\/1"}],"replies":[{"embeddable":true,"href":"http:\/\/tvalaire.com\/index.php?rest_route=%2Fwp%2Fv2%2Fcomments&post=11103"}],"version-history":[{"count":1,"href":"http:\/\/tvalaire.com\/index.php?rest_route=\/wp\/v2\/posts\/11103\/revisions"}],"predecessor-version":[{"id":11105,"href":"http:\/\/tvalaire.com\/index.php?rest_route=\/wp\/v2\/posts\/11103\/revisions\/11105"}],"wp:featuredmedia":[{"embeddable":true,"href":"http:\/\/tvalaire.com\/index.php?rest_route=\/wp\/v2\/media\/11104"}],"wp:attachment":[{"href":"http:\/\/tvalaire.com\/index.php?rest_route=%2Fwp%2Fv2%2Fmedia&parent=11103"}],"wp:term":[{"taxonomy":"category","embeddable":true,"href":"http:\/\/tvalaire.com\/index.php?rest_route=%2Fwp%2Fv2%2Fcategories&post=11103"},{"taxonomy":"post_tag","embeddable":true,"href":"http:\/\/tvalaire.com\/index.php?rest_route=%2Fwp%2Fv2%2Ftags&post=11103"}],"curies":[{"name":"wp","href":"https:\/\/api.w.org\/{rel}","templated":true}]}}