{"id":11100,"date":"2023-03-29T11:43:34","date_gmt":"2023-03-29T17:43:34","guid":{"rendered":"http:\/\/tvalaire.com\/?p=11100"},"modified":"2023-04-06T11:44:33","modified_gmt":"2023-04-06T17:44:33","slug":"iniciaran-obras-de-rehabilitacion-vial-para-mejorar-la-movilidad","status":"publish","type":"post","link":"http:\/\/tvalaire.com\/?p=11100","title":{"rendered":"INICIAR\u00c1N OBRAS DE REHABILITACI\u00d3N VIAL PARA MEJORAR LA MOVILIDAD"},"content":{"rendered":"\n<p><\/p>\n\n\n\n<ul class=\"wp-block-list\">\n<li><strong>El nuevo sem\u00e1foro se pondr\u00e1 en funcionamiento el pr\u00f3ximo lunes<\/strong><\/li>\n\n\n\n<li><strong>Pide Alcalde manejar con precauci\u00f3n y atender se\u00f1al\u00e9tica<a><\/a><\/strong><\/li>\n<\/ul>\n\n\n\n<p>Con el principal objetivo de privilegiar la seguridad y la movilidad de conductores y peatones, el alcalde Samuel Hidalgo Gallardo, inform\u00f3 que en el cruce del bulevar \u201cL\u00e1zaro C\u00e1rdenas\u201d y la Avenida San Juan, ya ha sido instalado un sem\u00e1foro, con la idea de regular el tr\u00e1fico por esa zona.<\/p>\n\n\n\n<p>El Presidente, se\u00f1al\u00f3 que por ahora la se\u00f1al estar\u00e1 con luz intermitente a fin de que los conductores sepan que ah\u00ed se ubica ya el nuevo dispositivo. Ser\u00e1 hasta el pr\u00f3ximo lunes que estar\u00e1 programado y puesto en funcionamiento.&nbsp;<\/p>\n\n\n\n<p>Aunado a estas acciones, dio a conocer el Alcalde que en d\u00edas pr\u00f3ximos y por primera ocasi\u00f3n desde hace mucho tiempo se realizar\u00e1n labores de balizamiento en los dos cuerpos del bulevar \u201cL\u00e1zaro C\u00e1rdenas\u201d, as\u00ed como del bulevar \u201cAdolfo L\u00f3pez Mateos\u201d.<\/p>\n\n\n\n<p>De igual manera, subray\u00f3 que la carpeta asf\u00e1ltica de los carriles centrales del bulevar \u201cL\u00e1zaro C\u00e1rdenas\u201d, en el tramo que comprende desde Heriberto Jara y hasta la calle Heroico Colegio Militar, ser\u00e1n rehabilitados en d\u00edas pr\u00f3ximos, por lo que solicit\u00f3 de la comprensi\u00f3n de la poblaci\u00f3n, durante el tiempo que se realicen los trabajos.<\/p>\n\n\n\n<p>En el mismo orden de ideas de mejoramiento vial, coment\u00f3 que la Avenida San Juan, tambi\u00e9n est\u00e1 proyectada para que su carpeta asf\u00e1ltica desde el bulevar a la calle Ricardo Guzm\u00e1n, sea mejorada.<\/p>\n\n\n\n<p>Destac\u00f3 el Mandatario municipal, que son acciones con la idea de mejorar la infraestructura vial de la ciudad y al mismo tiempo la movilidad de la poblaci\u00f3n sea m\u00e1s eficiente y con un mayor orden. De igual manera exhort\u00f3 a conductores y peatones a dirigirse con precauci\u00f3n en las calles, atendiendo la se\u00f1al\u00e9tica, velocidad e indicaciones del personal de Tr\u00e1nsito Municipal.<\/p>\n","protected":false},"excerpt":{"rendered":"<p>Con el principal objetivo de privilegiar la seguridad y la movilidad de conductores y peatones,&#8230;<\/p>\n","protected":false},"author":1,"featured_media":11101,"comment_status":"open","ping_status":"open","sticky":false,"template":"","format":"standard","meta":{"jetpack_post_was_ever_published":false,"_jetpack_newsletter_access":"","_jetpack_dont_email_post_to_subs":false,"_jetpack_newsletter_tier_id":0,"_jetpack_memberships_contains_paywalled_content":false,"_jetpack_memberships_contains_paid_content":false,"footnotes":"","jetpack_publicize_message":"","jetpack_publicize_feature_enabled":true,"jetpack_social_post_already_shared":true,"jetpack_social_options":{"image_generator_settings":{"template":"highway","enabled":false},"version":2}},"categories":[1],"tags":[15],"class_list":["post-11100","post","type-post","status-publish","format-standard","has-post-thumbnail","hentry","category-la-piedad","tag-la-piedad"],"jetpack_publicize_connections":[],"jetpack_sharing_enabled":true,"featured_image_urls":{"full":["http:\/\/tvalaire.com\/wp-content\/uploads\/2023\/04\/01-1-7.jpeg",1000,667,false],"thumbnail":["http:\/\/tvalaire.com\/wp-content\/uploads\/2023\/04\/01-1-7-150x150.jpeg",150,150,true],"medium":["http:\/\/tvalaire.com\/wp-content\/uploads\/2023\/04\/01-1-7-300x200.jpeg",300,200,true],"medium_large":["http:\/\/tvalaire.com\/wp-content\/uploads\/2023\/04\/01-1-7-768x512.jpeg",640,427,true],"large":["http:\/\/tvalaire.com\/wp-content\/uploads\/2023\/04\/01-1-7.jpeg",640,427,false],"post-slider-thumb-size":["http:\/\/tvalaire.com\/wp-content\/uploads\/2023\/04\/01-1-7-330x190.jpeg",330,190,true],"post-category-slider-size":["http:\/\/tvalaire.com\/wp-content\/uploads\/2023\/04\/01-1-7.jpeg",330,220,false],"1536x1536":["http:\/\/tvalaire.com\/wp-content\/uploads\/2023\/04\/01-1-7.jpeg",1000,667,false],"2048x2048":["http:\/\/tvalaire.com\/wp-content\/uploads\/2023\/04\/01-1-7.jpeg",1000,667,false],"newsium-slider-full":["http:\/\/tvalaire.com\/wp-content\/uploads\/2023\/04\/01-1-7.jpeg",1000,667,false],"newsium-featured":["http:\/\/tvalaire.com\/wp-content\/uploads\/2023\/04\/01-1-7.jpeg",1000,667,false],"newsium-medium":["http:\/\/tvalaire.com\/wp-content\/uploads\/2023\/04\/01-1-7-720x475.jpeg",720,475,true]},"author_info":{"info":["tvalairenoti"]},"category_info":"<a href=\"http:\/\/tvalaire.com\/?cat=1\" rel=\"category\">La Piedad<\/a>","tag_info":"La Piedad","comment_count":"0","jetpack_featured_media_url":"http:\/\/tvalaire.com\/wp-content\/uploads\/2023\/04\/01-1-7.jpeg","_links":{"self":[{"href":"http:\/\/tvalaire.com\/index.php?rest_route=\/wp\/v2\/posts\/11100"}],"collection":[{"href":"http:\/\/tvalaire.com\/index.php?rest_route=\/wp\/v2\/posts"}],"about":[{"href":"http:\/\/tvalaire.com\/index.php?rest_route=\/wp\/v2\/types\/post"}],"author":[{"embeddable":true,"href":"http:\/\/tvalaire.com\/index.php?rest_route=\/wp\/v2\/users\/1"}],"replies":[{"embeddable":true,"href":"http:\/\/tvalaire.com\/index.php?rest_route=%2Fwp%2Fv2%2Fcomments&post=11100"}],"version-history":[{"count":1,"href":"http:\/\/tvalaire.com\/index.php?rest_route=\/wp\/v2\/posts\/11100\/revisions"}],"predecessor-version":[{"id":11102,"href":"http:\/\/tvalaire.com\/index.php?rest_route=\/wp\/v2\/posts\/11100\/revisions\/11102"}],"wp:featuredmedia":[{"embeddable":true,"href":"http:\/\/tvalaire.com\/index.php?rest_route=\/wp\/v2\/media\/11101"}],"wp:attachment":[{"href":"http:\/\/tvalaire.com\/index.php?rest_route=%2Fwp%2Fv2%2Fmedia&parent=11100"}],"wp:term":[{"taxonomy":"category","embeddable":true,"href":"http:\/\/tvalaire.com\/index.php?rest_route=%2Fwp%2Fv2%2Fcategories&post=11100"},{"taxonomy":"post_tag","embeddable":true,"href":"http:\/\/tvalaire.com\/index.php?rest_route=%2Fwp%2Fv2%2Ftags&post=11100"}],"curies":[{"name":"wp","href":"https:\/\/api.w.org\/{rel}","templated":true}]}}