{"id":11090,"date":"2023-03-31T11:36:13","date_gmt":"2023-03-31T17:36:13","guid":{"rendered":"http:\/\/tvalaire.com\/?p=11090"},"modified":"2023-04-06T11:39:12","modified_gmt":"2023-04-06T17:39:12","slug":"gran-convivencia-familiar-en-la-primera-carrera-neon-nocturna","status":"publish","type":"post","link":"http:\/\/tvalaire.com\/?p=11090","title":{"rendered":"GRAN CONVIVENCIA FAMILIAR EN LA PRIMERA CARRERA NE\u00d3N NOCTURNA"},"content":{"rendered":"\n<p><\/p>\n\n\n\n<ul class=\"wp-block-list\">\n<li><strong>Se espera que pr\u00f3ximamente se realice una edici\u00f3n m\u00e1s esta actividad<\/strong><\/li>\n\n\n\n<li><strong>M\u00e1s de mil 500 participantes en la primera edici\u00f3n<\/strong><\/li>\n<\/ul>\n\n\n\n<p>Con un ambiente completamente familiar se vivi\u00f3 la primera edici\u00f3n de la Carrera Ne\u00f3n Nocturna \u201cPor la Familia\u201d, que el Gobierno Municipal de La Piedad, a trav\u00e9s del Sistema para el Desarrollo Integral de la Familia (DIF) organiz\u00f3 por la zona centro de la ciudad.<\/p>\n\n\n\n<p>De acuerdo con la informaci\u00f3n de la titular del Sistema DIF Vanessa Caratachea S\u00e1nchez, para el evento oficialmente se tuvo un registro de 1011 participantes, pero con una estimaci\u00f3n de m\u00e1s de mil 500, ya que previo a la carrera se sumaron m\u00e1s asistentes, entre familias, amigos, ni\u00f1os y adolescentes que caminaron, trotaron o corrieron el trayecto de 5 kil\u00f3metros.<\/p>\n\n\n\n<p>El Alcalde Samuel Hidalgo Gallardo, coment\u00f3 que la actividad se realiz\u00f3 con el principal objetivo de ofrecer un espacio de sano esparcimiento en donde la poblaci\u00f3n pudiera convivir a trav\u00e9s de la activaci\u00f3n f\u00edsica.<\/p>\n\n\n\n<p>Agreg\u00f3 que, se espera que la actividad nuevamente se vuelva a repetir, pues se pudo observar una gran asistencia y entusiasmo de los participantes en una actividad f\u00edsica que se desarroll\u00f3 en un horario distinto al que siempre se hace por las ma\u00f1anas.<\/p>\n\n\n\n<p>De igual manera Caratachea S\u00e1nchez, a nombre del Gobierno Municipal, agradeci\u00f3 la colaboraci\u00f3n de las diferentes instituciones como; Conalep, UniverseAcademy, Olimpia Gym, Gold Fitness, entre otras.<\/p>\n\n\n\n<p>Asimismo, tambi\u00e9n reconoci\u00f3 a refaccionaria El Tiliche, Sonido Garmon, Coca-Cola, Agua Ciel, Grupo Julio\u00b4s y Honda Imagen, que con su patrocinio se logr\u00f3 la realizaci\u00f3n del evento.<\/p>\n\n\n\n<figure class=\"wp-block-image size-large is-style-default\"><img loading=\"lazy\" decoding=\"async\" width=\"1024\" height=\"681\" src=\"http:\/\/tvalaire.com\/wp-content\/uploads\/2023\/04\/01-38-1024x681.jpeg\" alt=\"\" class=\"wp-image-11093\" srcset=\"http:\/\/tvalaire.com\/wp-content\/uploads\/2023\/04\/01-38-1024x681.jpeg 1024w, http:\/\/tvalaire.com\/wp-content\/uploads\/2023\/04\/01-38-300x200.jpeg 300w, http:\/\/tvalaire.com\/wp-content\/uploads\/2023\/04\/01-38-768x511.jpeg 768w, http:\/\/tvalaire.com\/wp-content\/uploads\/2023\/04\/01-38-1536x1021.jpeg 1536w, http:\/\/tvalaire.com\/wp-content\/uploads\/2023\/04\/01-38.jpeg 1600w\" sizes=\"(max-width: 1024px) 100vw, 1024px\" \/><\/figure>\n\n\n\n<p><\/p>\n\n\n\n<figure class=\"wp-block-image size-large is-style-default\"><img loading=\"lazy\" decoding=\"async\" width=\"1024\" height=\"681\" src=\"http:\/\/tvalaire.com\/wp-content\/uploads\/2023\/04\/01-9-1024x681.jpeg\" alt=\"\" class=\"wp-image-11092\" srcset=\"http:\/\/tvalaire.com\/wp-content\/uploads\/2023\/04\/01-9-1024x681.jpeg 1024w, http:\/\/tvalaire.com\/wp-content\/uploads\/2023\/04\/01-9-300x200.jpeg 300w, http:\/\/tvalaire.com\/wp-content\/uploads\/2023\/04\/01-9-768x511.jpeg 768w, http:\/\/tvalaire.com\/wp-content\/uploads\/2023\/04\/01-9-1536x1021.jpeg 1536w, http:\/\/tvalaire.com\/wp-content\/uploads\/2023\/04\/01-9.jpeg 1600w\" sizes=\"(max-width: 1024px) 100vw, 1024px\" \/><\/figure>\n","protected":false},"excerpt":{"rendered":"<p>Con un ambiente completamente familiar se vivi\u00f3 la primera edici\u00f3n de la Carrera Ne\u00f3n Nocturna&#8230;<\/p>\n","protected":false},"author":1,"featured_media":11091,"comment_status":"open","ping_status":"open","sticky":false,"template":"","format":"standard","meta":{"jetpack_post_was_ever_published":false,"_jetpack_newsletter_access":"","_jetpack_dont_email_post_to_subs":false,"_jetpack_newsletter_tier_id":0,"_jetpack_memberships_contains_paywalled_content":false,"_jetpack_memberships_contains_paid_content":false,"footnotes":"","jetpack_publicize_message":"","jetpack_publicize_feature_enabled":true,"jetpack_social_post_already_shared":true,"jetpack_social_options":{"image_generator_settings":{"template":"highway","enabled":false},"version":2}},"categories":[1],"tags":[15],"class_list":["post-11090","post","type-post","status-publish","format-standard","has-post-thumbnail","hentry","category-la-piedad","tag-la-piedad"],"jetpack_publicize_connections":[],"jetpack_sharing_enabled":true,"featured_image_urls":{"full":["http:\/\/tvalaire.com\/wp-content\/uploads\/2023\/04\/01-14.jpeg",1600,1064,false],"thumbnail":["http:\/\/tvalaire.com\/wp-content\/uploads\/2023\/04\/01-14-150x150.jpeg",150,150,true],"medium":["http:\/\/tvalaire.com\/wp-content\/uploads\/2023\/04\/01-14-300x200.jpeg",300,200,true],"medium_large":["http:\/\/tvalaire.com\/wp-content\/uploads\/2023\/04\/01-14-768x511.jpeg",640,426,true],"large":["http:\/\/tvalaire.com\/wp-content\/uploads\/2023\/04\/01-14-1024x681.jpeg",640,426,true],"post-slider-thumb-size":["http:\/\/tvalaire.com\/wp-content\/uploads\/2023\/04\/01-14-330x190.jpeg",330,190,true],"post-category-slider-size":["http:\/\/tvalaire.com\/wp-content\/uploads\/2023\/04\/01-14.jpeg",330,219,false],"1536x1536":["http:\/\/tvalaire.com\/wp-content\/uploads\/2023\/04\/01-14-1536x1021.jpeg",1536,1021,true],"2048x2048":["http:\/\/tvalaire.com\/wp-content\/uploads\/2023\/04\/01-14.jpeg",1600,1064,false],"newsium-slider-full":["http:\/\/tvalaire.com\/wp-content\/uploads\/2023\/04\/01-14-1280x845.jpeg",1280,845,true],"newsium-featured":["http:\/\/tvalaire.com\/wp-content\/uploads\/2023\/04\/01-14-1024x681.jpeg",1024,681,true],"newsium-medium":["http:\/\/tvalaire.com\/wp-content\/uploads\/2023\/04\/01-14-720x475.jpeg",720,475,true]},"author_info":{"info":["tvalairenoti"]},"category_info":"<a href=\"http:\/\/tvalaire.com\/?cat=1\" rel=\"category\">La Piedad<\/a>","tag_info":"La Piedad","comment_count":"0","jetpack_featured_media_url":"http:\/\/tvalaire.com\/wp-content\/uploads\/2023\/04\/01-14.jpeg","_links":{"self":[{"href":"http:\/\/tvalaire.com\/index.php?rest_route=\/wp\/v2\/posts\/11090"}],"collection":[{"href":"http:\/\/tvalaire.com\/index.php?rest_route=\/wp\/v2\/posts"}],"about":[{"href":"http:\/\/tvalaire.com\/index.php?rest_route=\/wp\/v2\/types\/post"}],"author":[{"embeddable":true,"href":"http:\/\/tvalaire.com\/index.php?rest_route=\/wp\/v2\/users\/1"}],"replies":[{"embeddable":true,"href":"http:\/\/tvalaire.com\/index.php?rest_route=%2Fwp%2Fv2%2Fcomments&post=11090"}],"version-history":[{"count":1,"href":"http:\/\/tvalaire.com\/index.php?rest_route=\/wp\/v2\/posts\/11090\/revisions"}],"predecessor-version":[{"id":11094,"href":"http:\/\/tvalaire.com\/index.php?rest_route=\/wp\/v2\/posts\/11090\/revisions\/11094"}],"wp:featuredmedia":[{"embeddable":true,"href":"http:\/\/tvalaire.com\/index.php?rest_route=\/wp\/v2\/media\/11091"}],"wp:attachment":[{"href":"http:\/\/tvalaire.com\/index.php?rest_route=%2Fwp%2Fv2%2Fmedia&parent=11090"}],"wp:term":[{"taxonomy":"category","embeddable":true,"href":"http:\/\/tvalaire.com\/index.php?rest_route=%2Fwp%2Fv2%2Fcategories&post=11090"},{"taxonomy":"post_tag","embeddable":true,"href":"http:\/\/tvalaire.com\/index.php?rest_route=%2Fwp%2Fv2%2Ftags&post=11090"}],"curies":[{"name":"wp","href":"https:\/\/api.w.org\/{rel}","templated":true}]}}