{"id":1109,"date":"2017-03-28T10:14:15","date_gmt":"2017-03-28T16:14:15","guid":{"rendered":"http:\/\/tvalaire.com\/?p=1109"},"modified":"2017-03-28T10:14:15","modified_gmt":"2017-03-28T16:14:15","slug":"mas-de-16-8-mdp-se-invertiran-en-obras-del-fondo-iii-y-zonas-metropolitanas","status":"publish","type":"post","link":"http:\/\/tvalaire.com\/?p=1109","title":{"rendered":"M\u00c1S DE 16.8 MDP SE INVERTIR\u00c1N EN OBRAS  DEL FONDO III Y ZONAS METROPOLITANAS"},"content":{"rendered":"<p class=\"xmsonormal\" style=\"text-align: center; background: white;\" align=\"center\">\n<p class=\"xmsonormal\" style=\"background: white; font-variant-ligatures: normal; font-variant-caps: normal; orphans: 2; widows: 2; -webkit-text-stroke-width: 0px; word-spacing: 0px; text-align: left;\" align=\"center\"><b><\/b><span style=\"font-size: 13.0pt; font-family: 'Arial','sans-serif'; color: #212121;\">El Gobierno Municipal logr\u00f3 obtener 4 millones de pesos adicionales al programa de obra p\u00fablica de este a\u00f1o, esto a trav\u00e9s de la Secretar\u00eda de Desarrollo Agrario Territorial y Urbano (SEDATU).<\/span><\/p>\n<p class=\"xmsonormal\" style=\"text-align: justify; background: white;\"><span style=\"font-size: 13.0pt; font-family: 'Arial','sans-serif'; color: #212121;\">La solicitud para hacer la modificaci\u00f3n al presupuesto de obras de este a\u00f1o, fue planteada por el director de Obras P\u00fablicas, en el punto n\u00famero 7 de la orden del d\u00eda de Sesi\u00f3n de Cabildo, en donde el funcionario reconoci\u00f3 la gesti\u00f3n que ha hecho el Presidente Municipal para lograr que de 10 millones de pesos de recursos federales que se hab\u00edan asignado este a\u00f1o a trav\u00e9s del programa Fondo III, se incrementaron 4 millones de pesos adicionales que asigna la SEDATU para obras en este municipio.<\/span><\/p>\n<p class=\"xmsonormal\" style=\"text-align: justify; background: white;\"><span style=\"font-size: 13.0pt; font-family: 'Arial','sans-serif'; color: #212121;\">Por tanto de 10 millones 600 mil pesos que originalmente se tendr\u00edan para obras, el monto subi\u00f3 a 13 millones 911 mil 739 pesos. Incremento que es hist\u00f3rico en el programa Fondo III puesto que a la mayor\u00eda de los municipios en el pa\u00eds se les baj\u00f3 el presupuesto, gracias a las gestiones ante la SEDATU se obtuvo ese recurso adicional que servir\u00e1 para las obras que a\u00fan no est\u00e1n definidas. Hecho que fue reconocido por algunos de los regidores.<\/span><\/p>\n<p class=\"xmsonormal\" style=\"text-align: justify; background: white;\"><span style=\"font-size: 13.0pt; font-family: 'Arial','sans-serif'; color: #212121;\">Dentro de las modificaciones al programa que se plante\u00f3 tambi\u00e9n al Cabildo, se encuentra la definici\u00f3n de obras del paquete de Zonas Metropolitanas por casi 2.9 millones de pesos en donde se construir\u00e1 el pavimento hidr\u00e1ulico del entronque del bulevar Juan Pablo II con el bulevar L\u00e1zaro C\u00e1rdenas de la colonia Santa Fe y la Tres Estrellas, la cual vendr\u00e1 a beneficiar a 10 mil habitantes.<\/span><\/p>\n<p class=\"xmsonormal\" style=\"text-align: justify; background: white;\"><span style=\"font-size: 13.0pt; font-family: 'Arial','sans-serif'; color: #212121;\">Tambi\u00e9n se aprob\u00f3 por unanimidad, los montos m\u00e1ximos para la obra p\u00fabica por contrato o por administraci\u00f3n para este ejercicio que qued\u00f3 de la siguiente manera: Por contrato e invitaci\u00f3n p\u00fablica de 4 millones 500 mil 001 pesos. Por invitaci\u00f3n restringida cuando menos tres Contratistas Hasta por 4.5 millones. Por asignaci\u00f3n directa hasta 2 millones. Por administraci\u00f3n directa: Obras ejecutadas por la Direcci\u00f3n de Urbanismo y Obras P\u00fablicas hasta los 4 millones de pesos.<\/span><\/p>\n","protected":false},"excerpt":{"rendered":"<p>El Gobierno Municipal logr\u00f3 obtener 4 millones de pesos adicionales al programa de obra p\u00fablica&#8230;<\/p>\n","protected":false},"author":1,"featured_media":1110,"comment_status":"open","ping_status":"open","sticky":false,"template":"","format":"standard","meta":{"jetpack_post_was_ever_published":false,"_jetpack_newsletter_access":"","_jetpack_dont_email_post_to_subs":false,"_jetpack_newsletter_tier_id":0,"_jetpack_memberships_contains_paywalled_content":false,"_jetpack_memberships_contains_paid_content":false,"footnotes":"","jetpack_publicize_message":"","jetpack_publicize_feature_enabled":true,"jetpack_social_post_already_shared":false,"jetpack_social_options":{"image_generator_settings":{"template":"highway","enabled":false},"version":2}},"categories":[1],"tags":[15,36],"class_list":["post-1109","post","type-post","status-publish","format-standard","has-post-thumbnail","hentry","category-la-piedad","tag-la-piedad","tag-principales"],"jetpack_publicize_connections":[],"jetpack_sharing_enabled":true,"featured_image_urls":{"full":["http:\/\/tvalaire.com\/wp-content\/uploads\/2017\/03\/M\u00c1S-DE-16.8-MDP-SE-INVERTIR\u00c1N-EN-OBRAS.jpg",1024,683,false],"thumbnail":["http:\/\/tvalaire.com\/wp-content\/uploads\/2017\/03\/M\u00c1S-DE-16.8-MDP-SE-INVERTIR\u00c1N-EN-OBRAS-150x150.jpg",150,150,true],"medium":["http:\/\/tvalaire.com\/wp-content\/uploads\/2017\/03\/M\u00c1S-DE-16.8-MDP-SE-INVERTIR\u00c1N-EN-OBRAS-300x200.jpg",300,200,true],"medium_large":["http:\/\/tvalaire.com\/wp-content\/uploads\/2017\/03\/M\u00c1S-DE-16.8-MDP-SE-INVERTIR\u00c1N-EN-OBRAS-768x512.jpg",640,427,true],"large":["http:\/\/tvalaire.com\/wp-content\/uploads\/2017\/03\/M\u00c1S-DE-16.8-MDP-SE-INVERTIR\u00c1N-EN-OBRAS-1024x683.jpg",640,427,true],"post-slider-thumb-size":["http:\/\/tvalaire.com\/wp-content\/uploads\/2017\/03\/M\u00c1S-DE-16.8-MDP-SE-INVERTIR\u00c1N-EN-OBRAS.jpg",285,190,false],"post-category-slider-size":["http:\/\/tvalaire.com\/wp-content\/uploads\/2017\/03\/M\u00c1S-DE-16.8-MDP-SE-INVERTIR\u00c1N-EN-OBRAS.jpg",330,220,false],"1536x1536":["http:\/\/tvalaire.com\/wp-content\/uploads\/2017\/03\/M\u00c1S-DE-16.8-MDP-SE-INVERTIR\u00c1N-EN-OBRAS.jpg",1024,683,false],"2048x2048":["http:\/\/tvalaire.com\/wp-content\/uploads\/2017\/03\/M\u00c1S-DE-16.8-MDP-SE-INVERTIR\u00c1N-EN-OBRAS.jpg",1024,683,false],"newsium-slider-full":["http:\/\/tvalaire.com\/wp-content\/uploads\/2017\/03\/M\u00c1S-DE-16.8-MDP-SE-INVERTIR\u00c1N-EN-OBRAS.jpg",1024,683,false],"newsium-featured":["http:\/\/tvalaire.com\/wp-content\/uploads\/2017\/03\/M\u00c1S-DE-16.8-MDP-SE-INVERTIR\u00c1N-EN-OBRAS.jpg",1024,683,false],"newsium-medium":["http:\/\/tvalaire.com\/wp-content\/uploads\/2017\/03\/M\u00c1S-DE-16.8-MDP-SE-INVERTIR\u00c1N-EN-OBRAS.jpg",712,475,false]},"author_info":{"info":["tvalairenoti"]},"category_info":"<a href=\"http:\/\/tvalaire.com\/?cat=1\" rel=\"category\">La Piedad<\/a>","tag_info":"La Piedad","comment_count":"0","jetpack_featured_media_url":"http:\/\/tvalaire.com\/wp-content\/uploads\/2017\/03\/M\u00c1S-DE-16.8-MDP-SE-INVERTIR\u00c1N-EN-OBRAS.jpg","_links":{"self":[{"href":"http:\/\/tvalaire.com\/index.php?rest_route=\/wp\/v2\/posts\/1109"}],"collection":[{"href":"http:\/\/tvalaire.com\/index.php?rest_route=\/wp\/v2\/posts"}],"about":[{"href":"http:\/\/tvalaire.com\/index.php?rest_route=\/wp\/v2\/types\/post"}],"author":[{"embeddable":true,"href":"http:\/\/tvalaire.com\/index.php?rest_route=\/wp\/v2\/users\/1"}],"replies":[{"embeddable":true,"href":"http:\/\/tvalaire.com\/index.php?rest_route=%2Fwp%2Fv2%2Fcomments&post=1109"}],"version-history":[{"count":1,"href":"http:\/\/tvalaire.com\/index.php?rest_route=\/wp\/v2\/posts\/1109\/revisions"}],"predecessor-version":[{"id":1112,"href":"http:\/\/tvalaire.com\/index.php?rest_route=\/wp\/v2\/posts\/1109\/revisions\/1112"}],"wp:featuredmedia":[{"embeddable":true,"href":"http:\/\/tvalaire.com\/index.php?rest_route=\/wp\/v2\/media\/1110"}],"wp:attachment":[{"href":"http:\/\/tvalaire.com\/index.php?rest_route=%2Fwp%2Fv2%2Fmedia&parent=1109"}],"wp:term":[{"taxonomy":"category","embeddable":true,"href":"http:\/\/tvalaire.com\/index.php?rest_route=%2Fwp%2Fv2%2Fcategories&post=1109"},{"taxonomy":"post_tag","embeddable":true,"href":"http:\/\/tvalaire.com\/index.php?rest_route=%2Fwp%2Fv2%2Ftags&post=1109"}],"curies":[{"name":"wp","href":"https:\/\/api.w.org\/{rel}","templated":true}]}}