{"id":1107,"date":"2017-03-27T09:27:58","date_gmt":"2017-03-27T15:27:58","guid":{"rendered":"http:\/\/tvalaire.com\/?p=1107"},"modified":"2017-03-27T09:27:58","modified_gmt":"2017-03-27T15:27:58","slug":"ofrece-instituto-de-la-mujer-atencion-a-mujeres-violentadas","status":"publish","type":"post","link":"http:\/\/tvalaire.com\/?p=1107","title":{"rendered":"OFRECE INSTITUTO DE LA MUJER ATENCI\u00d3N A MUJERES VIOLENTADAS"},"content":{"rendered":"<p class=\"xmsonormal\" style=\"text-align: center; background: white;\" align=\"center\"><span style=\"font-family: 'Arial','sans-serif'; color: #212121;\">\u00a0<\/span><\/p>\n<p class=\"xmsonormal\" style=\"text-align: justify; background: white; font-variant-ligatures: normal; font-variant-caps: normal; orphans: 2; widows: 2; -webkit-text-stroke-width: 0px; word-spacing: 0px;\"><span style=\"font-family: 'Arial','sans-serif'; color: #212121;\">A fin de contribuir en favor de las f\u00e9minas del municipio, la administraci\u00f3n p\u00fablica de La Piedad, colabora arduamente con el Programa de Apoyo a las Instancias de Mujeres en las Entidades Federativas (PAIMEF) en favor de las mujeres.<\/span><\/p>\n<p class=\"xmsonormal\" style=\"text-align: justify; background: white; font-variant-ligatures: normal; font-variant-caps: normal; orphans: 2; widows: 2; -webkit-text-stroke-width: 0px; word-spacing: 0px;\"><span style=\"font-family: 'Arial','sans-serif'; color: #212121;\">Es a trav\u00e9s de este tipo de programas que se puede ofrecer a dicho sector de la poblaci\u00f3n un servicio profesional de asesor\u00eda en el que se promueve la formulaci\u00f3n e implementaci\u00f3n de pol\u00edticas a nivel estatal en la prevenci\u00f3n y atenci\u00f3n de la violencia contra las f\u00e9minas.<\/span><\/p>\n<p class=\"xmsonormal\" style=\"text-align: justify; background: white; font-variant-ligatures: normal; font-variant-caps: normal; orphans: 2; widows: 2; -webkit-text-stroke-width: 0px; word-spacing: 0px;\"><span style=\"font-family: 'Arial','sans-serif'; color: #212121;\">En la oficina del Instituto de la Mujer (IMM) gracias a las alianzas que se han logrado establecer con la federaci\u00f3n es que se puede brindar un servicio encaminado al fortalecimiento de estrategias de prevenci\u00f3n y atenci\u00f3n.<\/span><\/p>\n<p class=\"xmsonormal\" style=\"text-align: justify; background: white; font-variant-ligatures: normal; font-variant-caps: normal; orphans: 2; widows: 2; -webkit-text-stroke-width: 0px; word-spacing: 0px;\"><span style=\"font-family: 'Arial','sans-serif'; color: #212121;\">De igual manera en la dependencia municipal se estar\u00e1 trabajando en la orientaci\u00f3n, asesor\u00eda y atenci\u00f3n especializada a las mujeres que est\u00e9n en situaci\u00f3n de violencia, y en su caso, a sus hijas o hijos y personas cercanas.<\/span><\/p>\n<p class=\"xmsonormal\" style=\"text-align: justify; background: white; font-variant-ligatures: normal; font-variant-caps: normal; orphans: 2; widows: 2; -webkit-text-stroke-width: 0px; word-spacing: 0px;\"><span style=\"font-family: 'Arial','sans-serif'; color: #212121;\">Cabe destacar que en el IMM las mujeres violentadas reciben una atenci\u00f3n integral por parte del personal de las Instancias Municipales de la Mujer (IMEF) quienes se apegan a los derechos humanos de las v\u00edctimas, ofreciendo un trato digno y en resguardo de su privacidad, sobre todo en los temas de violencia.<\/span><\/p>\n<p class=\"xmsonormal\" style=\"text-align: justify; background: white; font-variant-ligatures: normal; font-variant-caps: normal; orphans: 2; widows: 2; -webkit-text-stroke-width: 0px; word-spacing: 0px;\"><span style=\"font-family: 'Arial','sans-serif'; color: #212121;\">De acuerdo con la informaci\u00f3n proporcionada por la titular del IMM el personal del PAIMEF ofrece la atenci\u00f3n en un horario de 08:00 de la ma\u00f1ana a 15:00 horas y quienes apoyan y resguardan a las v\u00edctimas o en su caso hacen un acompa\u00f1amiento en materia jur\u00eddica para presentar denuncias penales.\u00a0<\/span><\/p>\n","protected":false},"excerpt":{"rendered":"<p>\u00a0 A fin de contribuir en favor de las f\u00e9minas del municipio, la administraci\u00f3n p\u00fablica&#8230;<\/p>\n","protected":false},"author":1,"featured_media":1105,"comment_status":"open","ping_status":"open","sticky":false,"template":"","format":"standard","meta":{"jetpack_post_was_ever_published":false,"_jetpack_newsletter_access":"","_jetpack_dont_email_post_to_subs":false,"_jetpack_newsletter_tier_id":0,"_jetpack_memberships_contains_paywalled_content":false,"_jetpack_memberships_contains_paid_content":false,"footnotes":"","jetpack_publicize_message":"","jetpack_publicize_feature_enabled":true,"jetpack_social_post_already_shared":false,"jetpack_social_options":{"image_generator_settings":{"template":"highway","enabled":false},"version":2}},"categories":[1],"tags":[15,36],"class_list":["post-1107","post","type-post","status-publish","format-standard","has-post-thumbnail","hentry","category-la-piedad","tag-la-piedad","tag-principales"],"jetpack_publicize_connections":[],"jetpack_sharing_enabled":true,"featured_image_urls":{"full":["http:\/\/tvalaire.com\/wp-content\/uploads\/2017\/03\/OFRECE-INSTITUTO-DE-LA-MUJER-ATENCI\u00d3N-A-MUJERES-VIOLENTADAS.jpg",1100,733,false],"thumbnail":["http:\/\/tvalaire.com\/wp-content\/uploads\/2017\/03\/OFRECE-INSTITUTO-DE-LA-MUJER-ATENCI\u00d3N-A-MUJERES-VIOLENTADAS-150x150.jpg",150,150,true],"medium":["http:\/\/tvalaire.com\/wp-content\/uploads\/2017\/03\/OFRECE-INSTITUTO-DE-LA-MUJER-ATENCI\u00d3N-A-MUJERES-VIOLENTADAS-300x200.jpg",300,200,true],"medium_large":["http:\/\/tvalaire.com\/wp-content\/uploads\/2017\/03\/OFRECE-INSTITUTO-DE-LA-MUJER-ATENCI\u00d3N-A-MUJERES-VIOLENTADAS-768x512.jpg",640,427,true],"large":["http:\/\/tvalaire.com\/wp-content\/uploads\/2017\/03\/OFRECE-INSTITUTO-DE-LA-MUJER-ATENCI\u00d3N-A-MUJERES-VIOLENTADAS-1024x682.jpg",640,426,true],"post-slider-thumb-size":["http:\/\/tvalaire.com\/wp-content\/uploads\/2017\/03\/OFRECE-INSTITUTO-DE-LA-MUJER-ATENCI\u00d3N-A-MUJERES-VIOLENTADAS.jpg",285,190,false],"post-category-slider-size":["http:\/\/tvalaire.com\/wp-content\/uploads\/2017\/03\/OFRECE-INSTITUTO-DE-LA-MUJER-ATENCI\u00d3N-A-MUJERES-VIOLENTADAS.jpg",330,220,false],"1536x1536":["http:\/\/tvalaire.com\/wp-content\/uploads\/2017\/03\/OFRECE-INSTITUTO-DE-LA-MUJER-ATENCI\u00d3N-A-MUJERES-VIOLENTADAS.jpg",1100,733,false],"2048x2048":["http:\/\/tvalaire.com\/wp-content\/uploads\/2017\/03\/OFRECE-INSTITUTO-DE-LA-MUJER-ATENCI\u00d3N-A-MUJERES-VIOLENTADAS.jpg",1100,733,false],"newsium-slider-full":["http:\/\/tvalaire.com\/wp-content\/uploads\/2017\/03\/OFRECE-INSTITUTO-DE-LA-MUJER-ATENCI\u00d3N-A-MUJERES-VIOLENTADAS.jpg",1100,733,false],"newsium-featured":["http:\/\/tvalaire.com\/wp-content\/uploads\/2017\/03\/OFRECE-INSTITUTO-DE-LA-MUJER-ATENCI\u00d3N-A-MUJERES-VIOLENTADAS.jpg",1024,682,false],"newsium-medium":["http:\/\/tvalaire.com\/wp-content\/uploads\/2017\/03\/OFRECE-INSTITUTO-DE-LA-MUJER-ATENCI\u00d3N-A-MUJERES-VIOLENTADAS.jpg",713,475,false]},"author_info":{"info":["tvalairenoti"]},"category_info":"<a href=\"http:\/\/tvalaire.com\/?cat=1\" rel=\"category\">La Piedad<\/a>","tag_info":"La Piedad","comment_count":"0","jetpack_featured_media_url":"http:\/\/tvalaire.com\/wp-content\/uploads\/2017\/03\/OFRECE-INSTITUTO-DE-LA-MUJER-ATENCI\u00d3N-A-MUJERES-VIOLENTADAS.jpg","_links":{"self":[{"href":"http:\/\/tvalaire.com\/index.php?rest_route=\/wp\/v2\/posts\/1107"}],"collection":[{"href":"http:\/\/tvalaire.com\/index.php?rest_route=\/wp\/v2\/posts"}],"about":[{"href":"http:\/\/tvalaire.com\/index.php?rest_route=\/wp\/v2\/types\/post"}],"author":[{"embeddable":true,"href":"http:\/\/tvalaire.com\/index.php?rest_route=\/wp\/v2\/users\/1"}],"replies":[{"embeddable":true,"href":"http:\/\/tvalaire.com\/index.php?rest_route=%2Fwp%2Fv2%2Fcomments&post=1107"}],"version-history":[{"count":1,"href":"http:\/\/tvalaire.com\/index.php?rest_route=\/wp\/v2\/posts\/1107\/revisions"}],"predecessor-version":[{"id":1108,"href":"http:\/\/tvalaire.com\/index.php?rest_route=\/wp\/v2\/posts\/1107\/revisions\/1108"}],"wp:featuredmedia":[{"embeddable":true,"href":"http:\/\/tvalaire.com\/index.php?rest_route=\/wp\/v2\/media\/1105"}],"wp:attachment":[{"href":"http:\/\/tvalaire.com\/index.php?rest_route=%2Fwp%2Fv2%2Fmedia&parent=1107"}],"wp:term":[{"taxonomy":"category","embeddable":true,"href":"http:\/\/tvalaire.com\/index.php?rest_route=%2Fwp%2Fv2%2Fcategories&post=1107"},{"taxonomy":"post_tag","embeddable":true,"href":"http:\/\/tvalaire.com\/index.php?rest_route=%2Fwp%2Fv2%2Ftags&post=1107"}],"curies":[{"name":"wp","href":"https:\/\/api.w.org\/{rel}","templated":true}]}}