{"id":11038,"date":"2023-03-03T09:43:23","date_gmt":"2023-03-03T15:43:23","guid":{"rendered":"http:\/\/tvalaire.com\/?p=11038"},"modified":"2023-03-03T09:43:26","modified_gmt":"2023-03-03T15:43:26","slug":"invitan-a-primer-foro-de-productores-agaveros-en-la-piedad","status":"publish","type":"post","link":"http:\/\/tvalaire.com\/?p=11038","title":{"rendered":"<strong>INVITAN A PRIMER FORO DE PRODUCTORES AGAVEROS EN LA PIEDAD<\/strong>"},"content":{"rendered":"\n<p><\/p>\n\n\n\n<ul class=\"wp-block-list\">\n<li><strong>Estar\u00e1 el ponente de talla internacional Mauricio Navarro<\/strong><\/li>\n\n\n\n<li><strong>El objetivo es ofrecer herramientas para potencializar el rendimiento<\/strong><\/li>\n<\/ul>\n\n\n\n<p>En colaboraci\u00f3n con Los Fideicomisos Instituidos en Relaci\u00f3n con la Agricultura (FIRA), el Gobierno Municipal a trav\u00e9s de la Direcci\u00f3n de Fomento Agropecuario, hace una cordial invitaci\u00f3n a los productores de agave en la ciudad y la regi\u00f3n al Primer Foro Regional de Agaveros, que se realizar\u00e1 en las instalaciones de la Unidad Deportiva \u201cJ. Jes\u00fas Romero Flores\u201d.<\/p>\n\n\n\n<p>Las actividades se tienen programadas para realizarse el pr\u00f3ximo viernes 17 en punto de las 15:00 horas, en donde se difundir\u00e1 el conocimiento en tema de plagas, mejores pr\u00e1cticas agr\u00edcolas sobre el cultivo de agave, entre otros temas de inter\u00e9s.<\/p>\n\n\n\n<p>A decir del titular de la dependencia municipal de Fomento Agropecuario, Heriberto L\u00f3pez Ram\u00edrez, destac\u00f3 que para esta ocasi\u00f3n se tiene programada la participaci\u00f3n del Dr. Mauricio Navarro, quien en este sector es uno de los m\u00e1s reconocidos a nivel nacional e internacional y que estar\u00e1 tocando el tema: Biostimulaci\u00f3n estrat\u00e9gica en Agave.<\/p>\n\n\n\n<p>De igual manera, el funcionario destac\u00f3 que delcontenido a tratar en este Foro la meta principal es dar a conocer los diversos tratamientos existentespara el cultivo de agave, y as\u00ed los productores puedan tener las herramientas para potencializarlo y lograr tener una mayor rentabilidad.<\/p>\n\n\n\n<p>Al mismo tiempo, destac\u00f3 que a la fecha esta actividad agavera<a><\/a>en la ciudad y la regi\u00f3n ha estado teniendo un crecimiento considerable, mencionando que actualmente se tienen m\u00e1s de 5 mil hect\u00e1reas cultivadas con esta planta que se destina para la producci\u00f3n del tequila y el mezcal principalmente.<\/p>\n\n\n\n<p>L\u00f3pez Ram\u00edrez, agreg\u00f3 una invitaci\u00f3n a todos los productores, para que asistan a las actividades programadas y as\u00ed tengan un mayor conocimiento en el tema. Se\u00f1al\u00f3 que el Foro no tiene costo alguno de participaci\u00f3n y si los interesados tienen m\u00e1s dudas pueden marcar al 352 52 271 30 extensi\u00f3n 114 de la Direcci\u00f3n de Fomento Agropecuario.<\/p>\n\n\n\n<p>Asimismo, el director de Fomento Agropecuario, a nombre del presidente Samuel Hidalgo Gallardo, agradece la participaci\u00f3n y el respaldo de Cimmyt y empresas del medio agavero para poder realizar este tipo de Foros, en el que se busca brindar la informaci\u00f3n y las mejores estrategias en favor de los productores.<\/p>\n","protected":false},"excerpt":{"rendered":"<p>En colaboraci\u00f3n con Los Fideicomisos Instituidos en Relaci\u00f3n con la Agricultura (FIRA), el Gobierno Municipal&#8230;<\/p>\n","protected":false},"author":1,"featured_media":11039,"comment_status":"open","ping_status":"open","sticky":false,"template":"","format":"standard","meta":{"jetpack_post_was_ever_published":false,"_jetpack_newsletter_access":"","_jetpack_dont_email_post_to_subs":false,"_jetpack_newsletter_tier_id":0,"_jetpack_memberships_contains_paywalled_content":false,"_jetpack_memberships_contains_paid_content":false,"footnotes":"","jetpack_publicize_message":"","jetpack_publicize_feature_enabled":true,"jetpack_social_post_already_shared":true,"jetpack_social_options":{"image_generator_settings":{"template":"highway","enabled":false},"version":2}},"categories":[1],"tags":[15],"class_list":["post-11038","post","type-post","status-publish","format-standard","has-post-thumbnail","hentry","category-la-piedad","tag-la-piedad"],"jetpack_publicize_connections":[],"jetpack_sharing_enabled":true,"featured_image_urls":{"full":["http:\/\/tvalaire.com\/wp-content\/uploads\/2023\/03\/01-5-copia.jpg",1268,848,false],"thumbnail":["http:\/\/tvalaire.com\/wp-content\/uploads\/2023\/03\/01-5-copia-150x150.jpg",150,150,true],"medium":["http:\/\/tvalaire.com\/wp-content\/uploads\/2023\/03\/01-5-copia-300x201.jpg",300,201,true],"medium_large":["http:\/\/tvalaire.com\/wp-content\/uploads\/2023\/03\/01-5-copia-768x514.jpg",640,428,true],"large":["http:\/\/tvalaire.com\/wp-content\/uploads\/2023\/03\/01-5-copia-1024x685.jpg",640,428,true],"post-slider-thumb-size":["http:\/\/tvalaire.com\/wp-content\/uploads\/2023\/03\/01-5-copia-330x190.jpg",330,190,true],"post-category-slider-size":["http:\/\/tvalaire.com\/wp-content\/uploads\/2023\/03\/01-5-copia.jpg",330,221,false],"1536x1536":["http:\/\/tvalaire.com\/wp-content\/uploads\/2023\/03\/01-5-copia.jpg",1268,848,false],"2048x2048":["http:\/\/tvalaire.com\/wp-content\/uploads\/2023\/03\/01-5-copia.jpg",1268,848,false],"newsium-slider-full":["http:\/\/tvalaire.com\/wp-content\/uploads\/2023\/03\/01-5-copia-1268x845.jpg",1268,845,true],"newsium-featured":["http:\/\/tvalaire.com\/wp-content\/uploads\/2023\/03\/01-5-copia-1024x685.jpg",1024,685,true],"newsium-medium":["http:\/\/tvalaire.com\/wp-content\/uploads\/2023\/03\/01-5-copia-720x475.jpg",720,475,true]},"author_info":{"info":["tvalairenoti"]},"category_info":"<a href=\"http:\/\/tvalaire.com\/?cat=1\" rel=\"category\">La Piedad<\/a>","tag_info":"La Piedad","comment_count":"0","jetpack_featured_media_url":"http:\/\/tvalaire.com\/wp-content\/uploads\/2023\/03\/01-5-copia.jpg","_links":{"self":[{"href":"http:\/\/tvalaire.com\/index.php?rest_route=\/wp\/v2\/posts\/11038"}],"collection":[{"href":"http:\/\/tvalaire.com\/index.php?rest_route=\/wp\/v2\/posts"}],"about":[{"href":"http:\/\/tvalaire.com\/index.php?rest_route=\/wp\/v2\/types\/post"}],"author":[{"embeddable":true,"href":"http:\/\/tvalaire.com\/index.php?rest_route=\/wp\/v2\/users\/1"}],"replies":[{"embeddable":true,"href":"http:\/\/tvalaire.com\/index.php?rest_route=%2Fwp%2Fv2%2Fcomments&post=11038"}],"version-history":[{"count":1,"href":"http:\/\/tvalaire.com\/index.php?rest_route=\/wp\/v2\/posts\/11038\/revisions"}],"predecessor-version":[{"id":11040,"href":"http:\/\/tvalaire.com\/index.php?rest_route=\/wp\/v2\/posts\/11038\/revisions\/11040"}],"wp:featuredmedia":[{"embeddable":true,"href":"http:\/\/tvalaire.com\/index.php?rest_route=\/wp\/v2\/media\/11039"}],"wp:attachment":[{"href":"http:\/\/tvalaire.com\/index.php?rest_route=%2Fwp%2Fv2%2Fmedia&parent=11038"}],"wp:term":[{"taxonomy":"category","embeddable":true,"href":"http:\/\/tvalaire.com\/index.php?rest_route=%2Fwp%2Fv2%2Fcategories&post=11038"},{"taxonomy":"post_tag","embeddable":true,"href":"http:\/\/tvalaire.com\/index.php?rest_route=%2Fwp%2Fv2%2Ftags&post=11038"}],"curies":[{"name":"wp","href":"https:\/\/api.w.org\/{rel}","templated":true}]}}