{"id":10869,"date":"2022-11-18T08:28:20","date_gmt":"2022-11-18T14:28:20","guid":{"rendered":"http:\/\/tvalaire.com\/?p=10869"},"modified":"2022-12-07T08:31:01","modified_gmt":"2022-12-07T14:31:01","slug":"se-tiene-ruta-oficial-para-llegar-al-festival-internacional-del-globo","status":"publish","type":"post","link":"http:\/\/tvalaire.com\/?p=10869","title":{"rendered":"<strong>SE TIENE RUTA OFICIAL PARA LLEGAR AL FESTIVAL INTERNACIONAL DEL GLOBO<\/strong>"},"content":{"rendered":"\n<p><\/p>\n\n\n\n<ul class=\"wp-block-list\">\n<li><strong>El camino de ingreso ser\u00e1 por la comunidad de Los Ayala<\/strong><\/li>\n\n\n\n<li><strong>Ser\u00e1 de un solo sentido el camino de acceso<\/strong><\/li>\n<\/ul>\n\n\n\n<p>Para llegar al Festival Internacional del Globo en La Piedad, el Gobierno Municipal a trav\u00e9s de la Direcci\u00f3n de Promoci\u00f3n Econ\u00f3mica y Turismo, estableci\u00f3 una ruta oficial de tr\u00e1nsito para poder llegar al lugar en donde se desarrollar\u00e1 el evento.<\/p>\n\n\n\n<p>La entrada para poder llegar a la Presa de Ticu\u00edtaco, donde se tiene previsto la actividad de este a\u00f1o, ser\u00e1 ingresando por la comunidad de Los Ayala y continuar por el camino que contar\u00e1 con la se\u00f1al\u00e9tica correspondiente, as\u00ed tambi\u00e9n en sus ingresos por el Libramiento Oriente, a la altura de la comunidad de Los Melgoza. <a><\/a><\/p>\n\n\n\n<p>Para salir del lugar del evento se ha habilitado el camino que conduce al Club Alianza para llegar al Libramiento Oriente, ya que el camino de ingreso no podr\u00e1 ser utilizado como salida, ya que el objetivo es evitar la congesti\u00f3n vehicular.<\/p>\n\n\n\n<p>En este sentido se hace la invitaci\u00f3n al p\u00fablico en general que tiene pensado asistir, para que en medida de lo posible utilice el transporte p\u00fablico de urbanos y taxis que estar\u00e1n brindando sus servicios de traslados.<\/p>\n\n\n\n<p>Brenda Orozco Torres, como parte del equipo organizador mencion\u00f3 que en este sentido se contar\u00e1 con la colaboraci\u00f3n de la Direcci\u00f3n de Tr\u00e1nsito Municipal, Seguridad P\u00fablica, as\u00ed como de la corporaci\u00f3n de Protecci\u00f3n Civil Municipal, pero tambi\u00e9n se requiere de la participaci\u00f3n de la poblaci\u00f3n.<\/p>\n\n\n\n<figure class=\"wp-block-image size-large is-style-default\"><img loading=\"lazy\" decoding=\"async\" width=\"1024\" height=\"1024\" src=\"http:\/\/tvalaire.com\/wp-content\/uploads\/2022\/12\/03-1-1024x1024.jpg\" alt=\"\" class=\"wp-image-10871\" srcset=\"http:\/\/tvalaire.com\/wp-content\/uploads\/2022\/12\/03-1-1024x1024.jpg 1024w, http:\/\/tvalaire.com\/wp-content\/uploads\/2022\/12\/03-1-300x300.jpg 300w, http:\/\/tvalaire.com\/wp-content\/uploads\/2022\/12\/03-1-150x150.jpg 150w, http:\/\/tvalaire.com\/wp-content\/uploads\/2022\/12\/03-1-768x768.jpg 768w, http:\/\/tvalaire.com\/wp-content\/uploads\/2022\/12\/03-1-1536x1536.jpg 1536w, http:\/\/tvalaire.com\/wp-content\/uploads\/2022\/12\/03-1-2048x2048.jpg 2048w\" sizes=\"(max-width: 1024px) 100vw, 1024px\" \/><\/figure>\n\n\n\n<p><\/p>\n\n\n\n<figure class=\"wp-block-image size-large is-style-default\"><img loading=\"lazy\" decoding=\"async\" width=\"1024\" height=\"1024\" src=\"http:\/\/tvalaire.com\/wp-content\/uploads\/2022\/12\/02-1-1024x1024.jpg\" alt=\"\" class=\"wp-image-10872\" srcset=\"http:\/\/tvalaire.com\/wp-content\/uploads\/2022\/12\/02-1-1024x1024.jpg 1024w, http:\/\/tvalaire.com\/wp-content\/uploads\/2022\/12\/02-1-300x300.jpg 300w, http:\/\/tvalaire.com\/wp-content\/uploads\/2022\/12\/02-1-150x150.jpg 150w, http:\/\/tvalaire.com\/wp-content\/uploads\/2022\/12\/02-1-768x768.jpg 768w, http:\/\/tvalaire.com\/wp-content\/uploads\/2022\/12\/02-1-1536x1536.jpg 1536w, http:\/\/tvalaire.com\/wp-content\/uploads\/2022\/12\/02-1-2048x2048.jpg 2048w\" sizes=\"(max-width: 1024px) 100vw, 1024px\" \/><\/figure>\n\n\n\n<p><\/p>\n\n\n\n<figure class=\"wp-block-image size-large is-style-default\"><img loading=\"lazy\" decoding=\"async\" width=\"1024\" height=\"1024\" src=\"http:\/\/tvalaire.com\/wp-content\/uploads\/2022\/12\/04-1024x1024.jpg\" alt=\"\" class=\"wp-image-10873\" srcset=\"http:\/\/tvalaire.com\/wp-content\/uploads\/2022\/12\/04-1024x1024.jpg 1024w, http:\/\/tvalaire.com\/wp-content\/uploads\/2022\/12\/04-300x300.jpg 300w, http:\/\/tvalaire.com\/wp-content\/uploads\/2022\/12\/04-150x150.jpg 150w, http:\/\/tvalaire.com\/wp-content\/uploads\/2022\/12\/04-768x768.jpg 768w, http:\/\/tvalaire.com\/wp-content\/uploads\/2022\/12\/04-1536x1536.jpg 1536w, http:\/\/tvalaire.com\/wp-content\/uploads\/2022\/12\/04-2048x2048.jpg 2048w\" sizes=\"(max-width: 1024px) 100vw, 1024px\" \/><\/figure>\n","protected":false},"excerpt":{"rendered":"<p>Para llegar al Festival Internacional del Globo en La Piedad, el Gobierno Municipal a trav\u00e9s&#8230;<\/p>\n","protected":false},"author":1,"featured_media":10870,"comment_status":"open","ping_status":"open","sticky":false,"template":"","format":"standard","meta":{"jetpack_post_was_ever_published":false,"_jetpack_newsletter_access":"","_jetpack_dont_email_post_to_subs":false,"_jetpack_newsletter_tier_id":0,"_jetpack_memberships_contains_paywalled_content":false,"_jetpack_memberships_contains_paid_content":false,"footnotes":"","jetpack_publicize_message":"","jetpack_publicize_feature_enabled":true,"jetpack_social_post_already_shared":true,"jetpack_social_options":{"image_generator_settings":{"template":"highway","enabled":false},"version":2}},"categories":[1],"tags":[15],"class_list":["post-10869","post","type-post","status-publish","format-standard","has-post-thumbnail","hentry","category-la-piedad","tag-la-piedad"],"jetpack_publicize_connections":[],"jetpack_sharing_enabled":true,"featured_image_urls":{"full":["http:\/\/tvalaire.com\/wp-content\/uploads\/2022\/12\/01-3-scaled.jpg",2560,2560,false],"thumbnail":["http:\/\/tvalaire.com\/wp-content\/uploads\/2022\/12\/01-3-150x150.jpg",150,150,true],"medium":["http:\/\/tvalaire.com\/wp-content\/uploads\/2022\/12\/01-3-300x300.jpg",300,300,true],"medium_large":["http:\/\/tvalaire.com\/wp-content\/uploads\/2022\/12\/01-3-768x768.jpg",640,640,true],"large":["http:\/\/tvalaire.com\/wp-content\/uploads\/2022\/12\/01-3-1024x1024.jpg",640,640,true],"post-slider-thumb-size":["http:\/\/tvalaire.com\/wp-content\/uploads\/2022\/12\/01-3-330x190.jpg",330,190,true],"post-category-slider-size":["http:\/\/tvalaire.com\/wp-content\/uploads\/2022\/12\/01-3-scaled.jpg",330,330,false],"1536x1536":["http:\/\/tvalaire.com\/wp-content\/uploads\/2022\/12\/01-3-1536x1536.jpg",1536,1536,true],"2048x2048":["http:\/\/tvalaire.com\/wp-content\/uploads\/2022\/12\/01-3-2048x2048.jpg",2048,2048,true],"newsium-slider-full":["http:\/\/tvalaire.com\/wp-content\/uploads\/2022\/12\/01-3-1280x845.jpg",1280,845,true],"newsium-featured":["http:\/\/tvalaire.com\/wp-content\/uploads\/2022\/12\/01-3-1024x1024.jpg",1024,1024,true],"newsium-medium":["http:\/\/tvalaire.com\/wp-content\/uploads\/2022\/12\/01-3-720x475.jpg",720,475,true]},"author_info":{"info":["tvalairenoti"]},"category_info":"<a href=\"http:\/\/tvalaire.com\/?cat=1\" rel=\"category\">La Piedad<\/a>","tag_info":"La Piedad","comment_count":"0","jetpack_featured_media_url":"http:\/\/tvalaire.com\/wp-content\/uploads\/2022\/12\/01-3-scaled.jpg","_links":{"self":[{"href":"http:\/\/tvalaire.com\/index.php?rest_route=\/wp\/v2\/posts\/10869"}],"collection":[{"href":"http:\/\/tvalaire.com\/index.php?rest_route=\/wp\/v2\/posts"}],"about":[{"href":"http:\/\/tvalaire.com\/index.php?rest_route=\/wp\/v2\/types\/post"}],"author":[{"embeddable":true,"href":"http:\/\/tvalaire.com\/index.php?rest_route=\/wp\/v2\/users\/1"}],"replies":[{"embeddable":true,"href":"http:\/\/tvalaire.com\/index.php?rest_route=%2Fwp%2Fv2%2Fcomments&post=10869"}],"version-history":[{"count":1,"href":"http:\/\/tvalaire.com\/index.php?rest_route=\/wp\/v2\/posts\/10869\/revisions"}],"predecessor-version":[{"id":10874,"href":"http:\/\/tvalaire.com\/index.php?rest_route=\/wp\/v2\/posts\/10869\/revisions\/10874"}],"wp:featuredmedia":[{"embeddable":true,"href":"http:\/\/tvalaire.com\/index.php?rest_route=\/wp\/v2\/media\/10870"}],"wp:attachment":[{"href":"http:\/\/tvalaire.com\/index.php?rest_route=%2Fwp%2Fv2%2Fmedia&parent=10869"}],"wp:term":[{"taxonomy":"category","embeddable":true,"href":"http:\/\/tvalaire.com\/index.php?rest_route=%2Fwp%2Fv2%2Fcategories&post=10869"},{"taxonomy":"post_tag","embeddable":true,"href":"http:\/\/tvalaire.com\/index.php?rest_route=%2Fwp%2Fv2%2Ftags&post=10869"}],"curies":[{"name":"wp","href":"https:\/\/api.w.org\/{rel}","templated":true}]}}