{"id":10860,"date":"2022-11-16T08:22:21","date_gmt":"2022-11-16T14:22:21","guid":{"rendered":"http:\/\/tvalaire.com\/?p=10860"},"modified":"2022-12-07T08:23:54","modified_gmt":"2022-12-07T14:23:54","slug":"continuan-trabajos-a-favor-de-escuelas-comunidades-y-colonias","status":"publish","type":"post","link":"http:\/\/tvalaire.com\/?p=10860","title":{"rendered":"<strong>CONTIN\u00daAN TRABAJOS A FAVOR DE ESCUELAS, COMUNIDADES Y COLONIAS<\/strong>"},"content":{"rendered":"\n<p><\/p>\n\n\n\n<ul class=\"wp-block-list\">\n<li><strong>Mejorar\u00e1n ba\u00f1os en escuela primaria de Ciudad del Sol<\/strong><\/li>\n\n\n\n<li><strong>Habilitar\u00e1n drenajes y l\u00edneas de agua potable en La Piedad<\/strong><\/li>\n<\/ul>\n\n\n\n<p>Con el principal objetivo de mejorar las condiciones de vida de los piedadenses en el entorno familiar y el sector educativo del nivel primaria. El presidente Samuel Hidalgo Gallardo, visit\u00f3 algunos lugares para dar inicio con acciones de rehabilitaci\u00f3n. <a><\/a><\/p>\n\n\n\n<p>En su visita a la instituci\u00f3n educativa \u201cEmiliano Zapata\u201d, que se ubica en la zona urbana de Ciudad del Sol, en compa\u00f1\u00eda de docentes, padres de familia y alumnos de la escuela, el Alcalde dio el banderazo para que se comenzar\u00e1 con la rehabilitaci\u00f3n de los ba\u00f1os de ese espacio educativo. Ah\u00ed se beneficiar\u00e1n m\u00e1s de 450 ni\u00f1as y ni\u00f1os.<\/p>\n\n\n\n<p>El Presidente tambi\u00e9n estuvo en la comunidad de La Torcaza en donde se iniciaron los trabajos de mejoramiento en el drenaje sanitario y una fosa s\u00e9ptica. Ya se realizan las excavaciones pertinentes para posteriormente realizar la instalaci\u00f3n de tuber\u00eda y otras acciones.<\/p>\n\n\n\n<p>Bajo el mismo tenor de mejoramiento, el Primer Edil acudi\u00f3 a la colonia Ejido los Moreno, en donde los vecinos destacaron y agradecieron a las autoridades la atenci\u00f3n porque despu\u00e9s de 40 a\u00f1os un Gobierno dar\u00e1 respuesta a su solicitud, en la construcci\u00f3n del drenaje y la red de agua potable de la calle Chirimoya de esa zona de la ciudad.<\/p>\n\n\n\n<p>En cada uno de los lugares en los que estuvo el Presidente, reiter\u00f3 el compromiso de la administraci\u00f3n que encabeza para seguir gestionando acciones que favorezcan las condiciones de vida de los habitantes del municipio.<\/p>\n\n\n\n<p>As\u00ed mismo, destac\u00f3 que para muchos hay obras que pueden ser peque\u00f1as, pero esos trabajos para la poblaci\u00f3n beneficiada de manera directa representan una mejor calidad de vida para ellos y para toda su familia.<\/p>\n","protected":false},"excerpt":{"rendered":"<p>Con el principal objetivo de mejorar las condiciones de vida de los piedadenses en el&#8230;<\/p>\n","protected":false},"author":1,"featured_media":10861,"comment_status":"open","ping_status":"open","sticky":false,"template":"","format":"standard","meta":{"jetpack_post_was_ever_published":false,"_jetpack_newsletter_access":"","_jetpack_dont_email_post_to_subs":false,"_jetpack_newsletter_tier_id":0,"_jetpack_memberships_contains_paywalled_content":false,"_jetpack_memberships_contains_paid_content":false,"footnotes":"","jetpack_publicize_message":"","jetpack_publicize_feature_enabled":true,"jetpack_social_post_already_shared":true,"jetpack_social_options":{"image_generator_settings":{"template":"highway","enabled":false},"version":2}},"categories":[1],"tags":[15],"class_list":["post-10860","post","type-post","status-publish","format-standard","has-post-thumbnail","hentry","category-la-piedad","tag-la-piedad"],"jetpack_publicize_connections":[],"jetpack_sharing_enabled":true,"featured_image_urls":{"full":["http:\/\/tvalaire.com\/wp-content\/uploads\/2022\/12\/01-1-1.jpeg",1500,1000,false],"thumbnail":["http:\/\/tvalaire.com\/wp-content\/uploads\/2022\/12\/01-1-1-150x150.jpeg",150,150,true],"medium":["http:\/\/tvalaire.com\/wp-content\/uploads\/2022\/12\/01-1-1-300x200.jpeg",300,200,true],"medium_large":["http:\/\/tvalaire.com\/wp-content\/uploads\/2022\/12\/01-1-1-768x512.jpeg",640,427,true],"large":["http:\/\/tvalaire.com\/wp-content\/uploads\/2022\/12\/01-1-1-1024x683.jpeg",640,427,true],"post-slider-thumb-size":["http:\/\/tvalaire.com\/wp-content\/uploads\/2022\/12\/01-1-1-330x190.jpeg",330,190,true],"post-category-slider-size":["http:\/\/tvalaire.com\/wp-content\/uploads\/2022\/12\/01-1-1.jpeg",330,220,false],"1536x1536":["http:\/\/tvalaire.com\/wp-content\/uploads\/2022\/12\/01-1-1.jpeg",1500,1000,false],"2048x2048":["http:\/\/tvalaire.com\/wp-content\/uploads\/2022\/12\/01-1-1.jpeg",1500,1000,false],"newsium-slider-full":["http:\/\/tvalaire.com\/wp-content\/uploads\/2022\/12\/01-1-1-1280x845.jpeg",1280,845,true],"newsium-featured":["http:\/\/tvalaire.com\/wp-content\/uploads\/2022\/12\/01-1-1-1024x683.jpeg",1024,683,true],"newsium-medium":["http:\/\/tvalaire.com\/wp-content\/uploads\/2022\/12\/01-1-1-720x475.jpeg",720,475,true]},"author_info":{"info":["tvalairenoti"]},"category_info":"<a href=\"http:\/\/tvalaire.com\/?cat=1\" rel=\"category\">La Piedad<\/a>","tag_info":"La Piedad","comment_count":"0","jetpack_featured_media_url":"http:\/\/tvalaire.com\/wp-content\/uploads\/2022\/12\/01-1-1.jpeg","_links":{"self":[{"href":"http:\/\/tvalaire.com\/index.php?rest_route=\/wp\/v2\/posts\/10860"}],"collection":[{"href":"http:\/\/tvalaire.com\/index.php?rest_route=\/wp\/v2\/posts"}],"about":[{"href":"http:\/\/tvalaire.com\/index.php?rest_route=\/wp\/v2\/types\/post"}],"author":[{"embeddable":true,"href":"http:\/\/tvalaire.com\/index.php?rest_route=\/wp\/v2\/users\/1"}],"replies":[{"embeddable":true,"href":"http:\/\/tvalaire.com\/index.php?rest_route=%2Fwp%2Fv2%2Fcomments&post=10860"}],"version-history":[{"count":1,"href":"http:\/\/tvalaire.com\/index.php?rest_route=\/wp\/v2\/posts\/10860\/revisions"}],"predecessor-version":[{"id":10862,"href":"http:\/\/tvalaire.com\/index.php?rest_route=\/wp\/v2\/posts\/10860\/revisions\/10862"}],"wp:featuredmedia":[{"embeddable":true,"href":"http:\/\/tvalaire.com\/index.php?rest_route=\/wp\/v2\/media\/10861"}],"wp:attachment":[{"href":"http:\/\/tvalaire.com\/index.php?rest_route=%2Fwp%2Fv2%2Fmedia&parent=10860"}],"wp:term":[{"taxonomy":"category","embeddable":true,"href":"http:\/\/tvalaire.com\/index.php?rest_route=%2Fwp%2Fv2%2Fcategories&post=10860"},{"taxonomy":"post_tag","embeddable":true,"href":"http:\/\/tvalaire.com\/index.php?rest_route=%2Fwp%2Fv2%2Ftags&post=10860"}],"curies":[{"name":"wp","href":"https:\/\/api.w.org\/{rel}","templated":true}]}}