{"id":10855,"date":"2022-11-15T08:20:17","date_gmt":"2022-11-15T14:20:17","guid":{"rendered":"http:\/\/tvalaire.com\/?p=10855"},"modified":"2022-12-07T08:22:24","modified_gmt":"2022-12-07T14:22:24","slug":"habra-servicio-urbano-y-taxis-para-ir-al-festival-del-globo","status":"publish","type":"post","link":"http:\/\/tvalaire.com\/?p=10855","title":{"rendered":"<strong>HABR\u00c1 SERVICIO URBANO Y TAXIS PARA IR AL FESTIVAL DEL GLOBO<\/strong>"},"content":{"rendered":"\n<p><\/p>\n\n\n\n<ul class=\"wp-block-list\">\n<li><strong>Desde las 6:00 am del jard\u00edn de La Pur\u00edsima saldr\u00e1n urbanos<\/strong><\/li>\n\n\n\n<li><strong>Las unidades ser\u00e1n monitoreadas para seguridad del usuario<\/strong><\/li>\n<\/ul>\n\n\n\n<p>Organizadores del Festival Internacional del Globo La Piedad (FGI), informan que se estar\u00e1 trabajando de manera coordinada con la Uni\u00f3n de Transportistas del servicio urbano y taxis de la ciudad, a fin de ofrecer sus servicios de traslado al lugar del evento. <a><\/a><\/p>\n\n\n\n<p>Brenda Orozco Torres, titular de la dependencia municipal de Promoci\u00f3n Econ\u00f3mica, reconoci\u00f3 la participaci\u00f3n de los concesionarios del servicio p\u00fablico para sumarse y acordar fijar una tarifa preferencial durante la duraci\u00f3n de dicho evento.<\/p>\n\n\n\n<p>Orozco Torres, coment\u00f3 que el servicio urbano se brindar\u00e1 desde el jard\u00edn de La Pur\u00edsima a partir de las 6:00 de la ma\u00f1ana, con destino a la presa de la comunidad de Ticu\u00edtaco. Ser\u00e1 cada hora que este saliendo un veh\u00edculo de transporte.<\/p>\n\n\n\n<p>Asimismo, dijo que la mayor\u00eda de las unidades de taxis en la ciudad tambi\u00e9n estar\u00e1n colaborando con su servicio en ida y vuelta con un costo fijo y preferencial para este evento. En el lugar de las actividades los veh\u00edculos contar\u00e1n con una base para ofrecer su servicio.<\/p>\n\n\n\n<p>De igual manera, extendi\u00f3 la invitaci\u00f3n a la poblaci\u00f3n en general para usar este tipo de transporte y en medida de lo posible si acuden en su propio veh\u00edculo, hacer el uso compartido de su unidad con amigos, familiares o vecinos, esto con la idea de no saturar el \u00e1rea de estacionamiento que se tendr\u00e1 asignada.<\/p>\n\n\n\n<p>Cabe mencionar que el camino de acceso principal ser\u00e1 por la comunidad de Los Ayala y la salida se habilitar\u00e1 por el Club Alianza, la intenci\u00f3n es evitar cuellos de botella y obstrucciones viales.&nbsp;<\/p>\n\n\n\n<p>Resalt\u00f3 la funcionaria que las unidades prestadoras de servicio, estar\u00e1n siendo monitoreadas de manera constante por su personal en la base, esto a fin de ofrecer a los usuarios seguridad y tranquilidad en sus traslados.<\/p>\n\n\n\n<p>Uso compartido del veh\u00edculo, con familiares y amigos<\/p>\n\n\n\n<figure class=\"wp-block-image size-large is-style-default\"><img loading=\"lazy\" decoding=\"async\" width=\"1024\" height=\"1024\" src=\"http:\/\/tvalaire.com\/wp-content\/uploads\/2022\/12\/03-1024x1024.jpg\" alt=\"\" class=\"wp-image-10857\" srcset=\"http:\/\/tvalaire.com\/wp-content\/uploads\/2022\/12\/03-1024x1024.jpg 1024w, http:\/\/tvalaire.com\/wp-content\/uploads\/2022\/12\/03-300x300.jpg 300w, http:\/\/tvalaire.com\/wp-content\/uploads\/2022\/12\/03-150x150.jpg 150w, http:\/\/tvalaire.com\/wp-content\/uploads\/2022\/12\/03-768x768.jpg 768w, http:\/\/tvalaire.com\/wp-content\/uploads\/2022\/12\/03-1536x1536.jpg 1536w, http:\/\/tvalaire.com\/wp-content\/uploads\/2022\/12\/03-2048x2048.jpg 2048w\" sizes=\"(max-width: 1024px) 100vw, 1024px\" \/><\/figure>\n\n\n\n<p><\/p>\n\n\n\n<figure class=\"wp-block-image size-large is-style-default\"><img loading=\"lazy\" decoding=\"async\" width=\"1024\" height=\"1024\" src=\"http:\/\/tvalaire.com\/wp-content\/uploads\/2022\/12\/01-1024x1024.jpg\" alt=\"\" class=\"wp-image-10858\" srcset=\"http:\/\/tvalaire.com\/wp-content\/uploads\/2022\/12\/01-1024x1024.jpg 1024w, http:\/\/tvalaire.com\/wp-content\/uploads\/2022\/12\/01-300x300.jpg 300w, http:\/\/tvalaire.com\/wp-content\/uploads\/2022\/12\/01-150x150.jpg 150w, http:\/\/tvalaire.com\/wp-content\/uploads\/2022\/12\/01-768x768.jpg 768w, http:\/\/tvalaire.com\/wp-content\/uploads\/2022\/12\/01-1536x1536.jpg 1536w, http:\/\/tvalaire.com\/wp-content\/uploads\/2022\/12\/01-2048x2048.jpg 2048w\" sizes=\"(max-width: 1024px) 100vw, 1024px\" \/><\/figure>\n","protected":false},"excerpt":{"rendered":"<p>Organizadores del Festival Internacional del Globo La Piedad (FGI), informan que se estar\u00e1 trabajando de&#8230;<\/p>\n","protected":false},"author":1,"featured_media":10856,"comment_status":"open","ping_status":"open","sticky":false,"template":"","format":"standard","meta":{"jetpack_post_was_ever_published":false,"_jetpack_newsletter_access":"","_jetpack_dont_email_post_to_subs":false,"_jetpack_newsletter_tier_id":0,"_jetpack_memberships_contains_paywalled_content":false,"_jetpack_memberships_contains_paid_content":false,"footnotes":"","jetpack_publicize_message":"","jetpack_publicize_feature_enabled":true,"jetpack_social_post_already_shared":true,"jetpack_social_options":{"image_generator_settings":{"template":"highway","enabled":false},"version":2}},"categories":[1],"tags":[15],"class_list":["post-10855","post","type-post","status-publish","format-standard","has-post-thumbnail","hentry","category-la-piedad","tag-la-piedad"],"jetpack_publicize_connections":[],"jetpack_sharing_enabled":true,"featured_image_urls":{"full":["http:\/\/tvalaire.com\/wp-content\/uploads\/2022\/12\/02-scaled.jpg",2560,2560,false],"thumbnail":["http:\/\/tvalaire.com\/wp-content\/uploads\/2022\/12\/02-150x150.jpg",150,150,true],"medium":["http:\/\/tvalaire.com\/wp-content\/uploads\/2022\/12\/02-300x300.jpg",300,300,true],"medium_large":["http:\/\/tvalaire.com\/wp-content\/uploads\/2022\/12\/02-768x768.jpg",640,640,true],"large":["http:\/\/tvalaire.com\/wp-content\/uploads\/2022\/12\/02-1024x1024.jpg",640,640,true],"post-slider-thumb-size":["http:\/\/tvalaire.com\/wp-content\/uploads\/2022\/12\/02-330x190.jpg",330,190,true],"post-category-slider-size":["http:\/\/tvalaire.com\/wp-content\/uploads\/2022\/12\/02-scaled.jpg",330,330,false],"1536x1536":["http:\/\/tvalaire.com\/wp-content\/uploads\/2022\/12\/02-1536x1536.jpg",1536,1536,true],"2048x2048":["http:\/\/tvalaire.com\/wp-content\/uploads\/2022\/12\/02-2048x2048.jpg",2048,2048,true],"newsium-slider-full":["http:\/\/tvalaire.com\/wp-content\/uploads\/2022\/12\/02-1280x845.jpg",1280,845,true],"newsium-featured":["http:\/\/tvalaire.com\/wp-content\/uploads\/2022\/12\/02-1024x1024.jpg",1024,1024,true],"newsium-medium":["http:\/\/tvalaire.com\/wp-content\/uploads\/2022\/12\/02-720x475.jpg",720,475,true]},"author_info":{"info":["tvalairenoti"]},"category_info":"<a href=\"http:\/\/tvalaire.com\/?cat=1\" rel=\"category\">La Piedad<\/a>","tag_info":"La Piedad","comment_count":"0","jetpack_featured_media_url":"http:\/\/tvalaire.com\/wp-content\/uploads\/2022\/12\/02-scaled.jpg","_links":{"self":[{"href":"http:\/\/tvalaire.com\/index.php?rest_route=\/wp\/v2\/posts\/10855"}],"collection":[{"href":"http:\/\/tvalaire.com\/index.php?rest_route=\/wp\/v2\/posts"}],"about":[{"href":"http:\/\/tvalaire.com\/index.php?rest_route=\/wp\/v2\/types\/post"}],"author":[{"embeddable":true,"href":"http:\/\/tvalaire.com\/index.php?rest_route=\/wp\/v2\/users\/1"}],"replies":[{"embeddable":true,"href":"http:\/\/tvalaire.com\/index.php?rest_route=%2Fwp%2Fv2%2Fcomments&post=10855"}],"version-history":[{"count":1,"href":"http:\/\/tvalaire.com\/index.php?rest_route=\/wp\/v2\/posts\/10855\/revisions"}],"predecessor-version":[{"id":10859,"href":"http:\/\/tvalaire.com\/index.php?rest_route=\/wp\/v2\/posts\/10855\/revisions\/10859"}],"wp:featuredmedia":[{"embeddable":true,"href":"http:\/\/tvalaire.com\/index.php?rest_route=\/wp\/v2\/media\/10856"}],"wp:attachment":[{"href":"http:\/\/tvalaire.com\/index.php?rest_route=%2Fwp%2Fv2%2Fmedia&parent=10855"}],"wp:term":[{"taxonomy":"category","embeddable":true,"href":"http:\/\/tvalaire.com\/index.php?rest_route=%2Fwp%2Fv2%2Fcategories&post=10855"},{"taxonomy":"post_tag","embeddable":true,"href":"http:\/\/tvalaire.com\/index.php?rest_route=%2Fwp%2Fv2%2Ftags&post=10855"}],"curies":[{"name":"wp","href":"https:\/\/api.w.org\/{rel}","templated":true}]}}